{"id":101952,"date":"2020-10-16T18:03:49","date_gmt":"2020-10-16T22:03:49","guid":{"rendered":"https:\/\/linitiative.ca\/International\/rabat-et-paris-determines-a-renforcer-leur-cooperation-en-matiere-securitaire\/"},"modified":"2020-10-16T18:03:49","modified_gmt":"2020-10-16T22:03:49","slug":"rabat-et-paris-determines-a-renforcer-leur-cooperation-en-matiere-securitaire","status":"publish","type":"post","link":"https:\/\/linitiative.ca\/International\/rabat-et-paris-determines-a-renforcer-leur-cooperation-en-matiere-securitaire\/","title":{"rendered":"Rabat et Paris d\u00e9termin\u00e9s \u00e0 renforcer leur coop\u00e9ration en mati\u00e8re s\u00e9curitaire"},"content":{"rendered":"<div readability=\"32\">\n<p>Publi\u00e9 le 16.10.2020 \u00e0 23h18 par APA News<\/p>\n<\/div>\n<div readability=\"73\">\n<p>Le Maroc et la France sont d\u00e9termin\u00e9s \u00e0 renforcer davantage leur coop\u00e9ration s\u00e9curitaire, notamment \u00e0 travers l\u2019\u00e9change de renseignements et d\u2019expertises et la consolidation du cadre juridique r\u00e9gissant leur coop\u00e9ration dans ce domaine, a indiqu\u00e9, vendredi, un communiqu\u00e9 du minist\u00e8re marocain de l\u2019int\u00e9rieur.Dans ce communiqu\u00e9, le minist\u00e8re rel\u00e8ve qu\u2019au cours d\u2019une rencontre, vendredi \u00e0 Rabat, entre le ministre marocain, de l\u2019int\u00e9rieur, Abdelouafi Laftit, et son homologue fran\u00e7ais, G\u00e9rald Darmanin, les deux responsables, qui se sont f\u00e9licit\u00e9s de l\u2019excellence des relations bilat\u00e9rales, ont pass\u00e9 en revue les volets aff\u00e9rents \u00e0 la coop\u00e9ration entre les minist\u00e8res de l\u2019Int\u00e9rieur des deux pays, notamment ceux ayant trait \u00e0 la lutte contre la migration irr\u00e9guli\u00e8re, le trafic des stup\u00e9fiants et le terrorisme.<\/p>\n<p>Exprimant leur satisfaction par rapport aux efforts d\u00e9ploy\u00e9s, les deux ministres ont affich\u00e9 leur d\u00e9termination \u00e0 renforcer davantage la coop\u00e9ration s\u00e9curitaire, notamment \u00e0 travers l\u2019\u00e9change de renseignements et d\u2019expertises et la consolidation du cadre juridique r\u00e9gissant leur coop\u00e9ration dans ce domaine, ajoute la m\u00eame source.<\/p>\n<p>\u00c0 l\u2019issue de cette rencontre, les deux ministres ont exprim\u00e9 leur volont\u00e9 de travailler \u00e9troitement en vue de renforcer la coop\u00e9ration s\u00e9curitaire entre le Maroc et la France, tant au niveau bilat\u00e9ral qu\u2019aux niveaux r\u00e9gional et multilat\u00e9ral, conclut le communiqu\u00e9.<\/p>\n<p>Le ministre fran\u00e7ais de l\u2019int\u00e9rieur s\u2019est par la suite entretenu avec le ministre des marocain des Affaires \u00e9trang\u00e8res, Nasser Bourita.<\/p>\n<p>G\u00e9rald Darmanin effectue une visite officielle dans le Royaume dans le cadre du partenariat liant le Maroc et la France.<\/p>\n<\/div>\n<p>Auteur: APA News<br \/>\n<a href=\"https:\/\/www.journalducameroun.com\/rabat-et-paris-determines-a-renforcer-leur-cooperation-en-matiere-securitaire\/\">Cliquez ici pour lire l&rsquo;article depuis sa source.<\/a><\/p>\n","protected":false},"excerpt":{"rendered":"<p>Publi\u00e9 le 16.10.2020 \u00e0 23h18 par APA News Le Maroc et la France sont d\u00e9termin\u00e9s \u00e0 renforcer davantage leur coop\u00e9ration s\u00e9curitaire, notamment \u00e0 travers l\u2019\u00e9change de renseignements et d\u2019expertises et la consolidation du cadre juridique r\u00e9gissant leur coop\u00e9ration dans ce domaine, a indiqu\u00e9, vendredi, un communiqu\u00e9 du minist\u00e8re marocain de l\u2019int\u00e9rieur.Dans ce communiqu\u00e9, le minist\u00e8re [&hellip;]<\/p>\n","protected":false},"author":1965,"featured_media":0,"comment_status":"closed","ping_status":"closed","sticky":false,"template":"","format":"standard","meta":{"fifu_image_url":"","fifu_image_alt":"","footnotes":""},"categories":[73,82],"tags":[],"class_list":["post-101952","post","type-post","status-publish","format-standard","hentry","category-actualite","category-cameroun"],"_links":{"self":[{"href":"https:\/\/linitiative.ca\/International\/wp-json\/wp\/v2\/posts\/101952","targetHints":{"allow":["GET"]}}],"collection":[{"href":"https:\/\/linitiative.ca\/International\/wp-json\/wp\/v2\/posts"}],"about":[{"href":"https:\/\/linitiative.ca\/International\/wp-json\/wp\/v2\/types\/post"}],"author":[{"embeddable":true,"href":"https:\/\/linitiative.ca\/International\/wp-json\/wp\/v2\/users\/1965"}],"replies":[{"embeddable":true,"href":"https:\/\/linitiative.ca\/International\/wp-json\/wp\/v2\/comments?post=101952"}],"version-history":[{"count":0,"href":"https:\/\/linitiative.ca\/International\/wp-json\/wp\/v2\/posts\/101952\/revisions"}],"wp:attachment":[{"href":"https:\/\/linitiative.ca\/International\/wp-json\/wp\/v2\/media?parent=101952"}],"wp:term":[{"taxonomy":"category","embeddable":true,"href":"https:\/\/linitiative.ca\/International\/wp-json\/wp\/v2\/categories?post=101952"},{"taxonomy":"post_tag","embeddable":true,"href":"https:\/\/linitiative.ca\/International\/wp-json\/wp\/v2\/tags?post=101952"}],"curies":[{"name":"wp","href":"https:\/\/api.w.org\/{rel}","templated":true}]}}