{"id":101961,"date":"2020-10-17T08:00:29","date_gmt":"2020-10-17T12:00:29","guid":{"rendered":"https:\/\/linitiative.ca\/International\/agadir-campagne-de-sensibilisation-sur-la-protection-de-lenvironnement\/"},"modified":"2020-10-17T08:00:29","modified_gmt":"2020-10-17T12:00:29","slug":"agadir-campagne-de-sensibilisation-sur-la-protection-de-lenvironnement","status":"publish","type":"post","link":"https:\/\/linitiative.ca\/International\/agadir-campagne-de-sensibilisation-sur-la-protection-de-lenvironnement\/","title":{"rendered":"Agadir : Campagne de sensibilisation sur la protection de l\u2019environnement"},"content":{"rendered":"<header>\n<\/header>\n<div class=\"entry-content clearfix\" readability=\"55\"><img decoding=\"async\" class=\"post_layout_5_img\" src=\"http:\/\/aujourdhui.ma\/wp-content\/uploads\/2020\/03\/Le-port-d\u2019Agadir.jpg\" alt=\"Agadir : Campagne de sensibilisation sur la protection de l&#x2019;environnement\"\/><\/p>\n<p><span class=\"c5\"><strong>Une campagne de sensibilisation autour de la protection de l\u2019environnement et la rationalisation de l\u2019usage de l\u2019eau est organis\u00e9e actuellement \u00e0 Agadir.<\/strong><\/span><span id=\"more-358141\"\/><\/p>\n<p>Fruit d\u2019un partenariat entre la commune et \u00abl\u2019association paysages de l\u2019environnement et de la culture\u00bb cette campagne s\u2019inscrit dans un cadre \u00e9cologique et sanitaire, qui n\u00e9cessite davantage d\u2019efforts des diff\u00e9rents acteurs ainsi que les autorit\u00e9s pour sensibiliser la population, quant \u00e0 la question de l\u2019environnement d\u2019une part et l\u2019imp\u00e9ratif de se prot\u00e9ger et prot\u00e9ger autrui du Covid-19 par l\u2019application stricte des mesures pr\u00e9ventives. Ainsi, des camions pour collecte de d\u00e9chets ont arbor\u00e9s sur leurs flancs de grandes affiches rappelant l\u2019imp\u00e9ratif de respecter l\u2019environnement, prot\u00e9ger les ressources hydriques et enrayer la propagation de la pand\u00e9mie, indique la commune d\u2019Agadir dans un communiqu\u00e9.<\/p>\n<p>Cette initiative entend sensibiliser la population \u00e0 \u00e9conomiser l\u2019eau, vu les conditions actuelles marqu\u00e9es par un manque inqui\u00e9tant en cette mati\u00e8re vitale au niveau de la r\u00e9gion Souss-Massa. Selon, l\u2019Agence du bassin hydraulique de Souss-Massa et Dra\u00e2 (ABHSMD), \u00able manque de pr\u00e9cipitations a s\u00e9rieusement affect\u00e9 le taux de remplissage des barrages alimentant la r\u00e9gion. Pour l\u2019ann\u00e9e hydrologique 2019-2020, ces barrages n\u2019ont re\u00e7u que 30 millions de m\u00e8tres cubes d\u2019eau, contre 476,5 M m3 lors d\u2019une ann\u00e9e normale, soit un d\u00e9ficit estim\u00e9 \u00e0 94%\u00bb. La r\u00e9gion compte beaucoup sur l\u2019unit\u00e9 de dessalement d\u2019eau de mer qui est en cours de r\u00e9alisation et dont la mise en service est pr\u00e9vue pour fin mars 2021.<\/p>\n<\/div>\n<p>Auteur: Mohamed Laabid<br \/>\n<a href=\"https:\/\/aujourdhui.ma\/societe\/agadir-campagne-de-sensibilisation-sur-la-protection-de-lenvironnement\">Cliquez ici pour lire l&rsquo;article depuis sa source.<\/a><\/p>\n","protected":false},"excerpt":{"rendered":"<p>Une campagne de sensibilisation autour de la protection de l\u2019environnement et la rationalisation de l\u2019usage de l\u2019eau est organis\u00e9e actuellement \u00e0 Agadir. Fruit d\u2019un partenariat entre la commune et \u00abl\u2019association paysages de l\u2019environnement et de la culture\u00bb cette campagne s\u2019inscrit dans un cadre \u00e9cologique et sanitaire, qui n\u00e9cessite davantage d\u2019efforts des diff\u00e9rents acteurs ainsi que [&hellip;]<\/p>\n","protected":false},"author":1759,"featured_media":101962,"comment_status":"closed","ping_status":"closed","sticky":false,"template":"","format":"standard","meta":{"fifu_image_url":"","fifu_image_alt":"","footnotes":""},"categories":[73,54],"tags":[],"class_list":["post-101961","post","type-post","status-publish","format-standard","has-post-thumbnail","hentry","category-actualite","category-maroc"],"_links":{"self":[{"href":"https:\/\/linitiative.ca\/International\/wp-json\/wp\/v2\/posts\/101961","targetHints":{"allow":["GET"]}}],"collection":[{"href":"https:\/\/linitiative.ca\/International\/wp-json\/wp\/v2\/posts"}],"about":[{"href":"https:\/\/linitiative.ca\/International\/wp-json\/wp\/v2\/types\/post"}],"author":[{"embeddable":true,"href":"https:\/\/linitiative.ca\/International\/wp-json\/wp\/v2\/users\/1759"}],"replies":[{"embeddable":true,"href":"https:\/\/linitiative.ca\/International\/wp-json\/wp\/v2\/comments?post=101961"}],"version-history":[{"count":0,"href":"https:\/\/linitiative.ca\/International\/wp-json\/wp\/v2\/posts\/101961\/revisions"}],"wp:featuredmedia":[{"embeddable":true,"href":"https:\/\/linitiative.ca\/International\/wp-json\/"}],"wp:attachment":[{"href":"https:\/\/linitiative.ca\/International\/wp-json\/wp\/v2\/media?parent=101961"}],"wp:term":[{"taxonomy":"category","embeddable":true,"href":"https:\/\/linitiative.ca\/International\/wp-json\/wp\/v2\/categories?post=101961"},{"taxonomy":"post_tag","embeddable":true,"href":"https:\/\/linitiative.ca\/International\/wp-json\/wp\/v2\/tags?post=101961"}],"curies":[{"name":"wp","href":"https:\/\/api.w.org\/{rel}","templated":true}]}}