{"id":101965,"date":"2020-10-17T10:00:51","date_gmt":"2020-10-17T14:00:51","guid":{"rendered":"https:\/\/linitiative.ca\/International\/abdallah-saaf-interroge-la-pensee-de-la-gauche-et-sa-projection-sur-le-royaume\/"},"modified":"2020-10-17T10:00:51","modified_gmt":"2020-10-17T14:00:51","slug":"abdallah-saaf-interroge-la-pensee-de-la-gauche-et-sa-projection-sur-le-royaume","status":"publish","type":"post","link":"https:\/\/linitiative.ca\/International\/abdallah-saaf-interroge-la-pensee-de-la-gauche-et-sa-projection-sur-le-royaume\/","title":{"rendered":"Abdallah Saaf interroge la pens\u00e9e de la gauche et  sa projection sur le Royaume"},"content":{"rendered":"<p><img decoding=\"async\" class=\"post_layout_5_img\" src=\"http:\/\/aujourdhui.ma\/wp-content\/uploads\/2020\/10\/Abdellah-Saaf-Ecrits-marxistes-sur-le-Maroc-1860-1925-.jpg\" alt=\"Abdallah Saaf interroge la pens&#xE9;e de la gauche et sa projection sur le Royaume\"\/><\/p>\n<p><span class=\"c5\"><strong>\u00ab\u00c9crits marxistes sur le Maroc (1860-1925)\u00bb<\/strong><\/span> <span id=\"more-358135\"\/><\/p>\n<p>La maison d\u2019\u00e9dition Crois\u00e9e des Chemins vient de publier \u00ab\u00c9crits marxistes sur le Maroc (1860-1925)\u00bb, un nouvel ouvrage d\u2019Abdallah Saaf. Il s\u2019agit d\u2019un livre d\u2019actualit\u00e9 puisqu\u2019il interroge la pens\u00e9e de la gauche et sa projection sur le Royaume. Selon l\u2019\u00e9diteur, le pr\u00e9sent recueil rec\u00e8le un int\u00e9r\u00eat historique certain. Il est le troisi\u00e8me international qui pr\u00e9sente des textes de Marx et d\u2019Engels, de Rosa Luxemburg. Il s\u2019agit de pages puis\u00e9es dans le r\u00e9cit national, rapport\u00e9es \u00e0 travers des regards autres que ceux \u00e9manant de documents et d\u2019archives nationaux, mais aussi de repr\u00e9sentations relativement expressives des \u00e9crits marxistes \u00e0 propos des univers extra-europ\u00e9ens.<\/p>\n<p>Ces textes pr\u00e9sentent aussi un int\u00e9r\u00eat en ce qu\u2019ils informent sur les perceptions, de la gauche occidentale, projet\u00e9es sur le Maroc de longue date. L\u2019ouvrage reprend ces \u00e9crits des fondateurs du marxisme et de leurs successeurs, les situe, les contextualise, les explicite et les interroge.<br \/>Compos\u00e9 de 168 pages, le lecteur d\u00e9couvre au sommaire trois chapitres. On y trouve \u00abMarx, Engels et la guerre hispano-marocaine de 1859-1860\u00bb, \u00abII. Rosa Luxemburg et la crise marocaine de 1911\u00bb et \u00abLa IIIe Internationale et la guerre de lib\u00e9ration du Rif\u00bb.<\/p>\n<p>\u00abCe n\u2019est gu\u00e8re ais\u00e9 de rechercher parmi les quatre cent quatre-vingt-sept articles de Marx et d\u2019Engels, les \u00e9tudes et pol\u00e9miques de Rosa Luxemburg, les textes de la IIIe Internationale, ce qui concernait le Maroc, de les pr\u00e9senter, de les restituer \u00e0 leur \u00e9poque. Il revient \u00e0 A. Saaf d\u2019avoir su montrer que si certains de ces textes \u00absont loin de repr\u00e9senter les moments forts de l\u2019analyse marxiste du colonialisme\u00bb (p. 30), ils r\u00e9v\u00e8lent combien \u00ables fondateurs du marxisme et leurs h\u00e9ritiers furent autant des hommes de leur temps que les porteurs d\u2019un discours universel nouveau\u00bb (p. 31), peut-on lire dans l\u2019extrait de la pr\u00e9face de Pierre Salama, professeur agr\u00e9g\u00e9 Paris-XIII et directeur du GREITD.<\/p>\n<div class=\"base-box mom_box_sc_custom mom_box_sc clear c7\" readability=\"13\">\n<p><span class=\"c6\"><strong>A propos de l\u2019auteur<\/strong><\/span><\/p>\n<p>Abdallah Saaf est professeur de science politique a\u0300 l\u2019Universit\u00e9 Mohammed V, directeur du Centre des \u00e9tudes et recherches en sciences sociales et directeur de la revue marocaine des sciences sociales Abhath. Il a e\u0301te\u0301, entre autres, ministre de l\u2019\u00e9ducation nationale et membre de la Commission pour la r\u00e9vision de la Constitution de 2011.<\/p>\n<\/div>\n<p>Auteur: Siham Jadraoui<br \/>\n<a href=\"https:\/\/aujourdhui.ma\/culture\/livre\/abdallah-saaf-interroge-la-pensee-de-la-gauche-et-sa-projection-sur-le-royaume\">Cliquez ici pour lire l&rsquo;article depuis sa source.<\/a><\/p>\n","protected":false},"excerpt":{"rendered":"<p>\u00ab\u00c9crits marxistes sur le Maroc (1860-1925)\u00bb La maison d\u2019\u00e9dition Crois\u00e9e des Chemins vient de publier \u00ab\u00c9crits marxistes sur le Maroc (1860-1925)\u00bb, un nouvel ouvrage d\u2019Abdallah Saaf. Il s\u2019agit d\u2019un livre d\u2019actualit\u00e9 puisqu\u2019il interroge la pens\u00e9e de la gauche et sa projection sur le Royaume. Selon l\u2019\u00e9diteur, le pr\u00e9sent recueil rec\u00e8le un int\u00e9r\u00eat historique certain. Il [&hellip;]<\/p>\n","protected":false},"author":1759,"featured_media":101966,"comment_status":"closed","ping_status":"closed","sticky":false,"template":"","format":"standard","meta":{"fifu_image_url":"","fifu_image_alt":"","footnotes":""},"categories":[73,54],"tags":[],"class_list":["post-101965","post","type-post","status-publish","format-standard","has-post-thumbnail","hentry","category-actualite","category-maroc"],"_links":{"self":[{"href":"https:\/\/linitiative.ca\/International\/wp-json\/wp\/v2\/posts\/101965","targetHints":{"allow":["GET"]}}],"collection":[{"href":"https:\/\/linitiative.ca\/International\/wp-json\/wp\/v2\/posts"}],"about":[{"href":"https:\/\/linitiative.ca\/International\/wp-json\/wp\/v2\/types\/post"}],"author":[{"embeddable":true,"href":"https:\/\/linitiative.ca\/International\/wp-json\/wp\/v2\/users\/1759"}],"replies":[{"embeddable":true,"href":"https:\/\/linitiative.ca\/International\/wp-json\/wp\/v2\/comments?post=101965"}],"version-history":[{"count":0,"href":"https:\/\/linitiative.ca\/International\/wp-json\/wp\/v2\/posts\/101965\/revisions"}],"wp:featuredmedia":[{"embeddable":true,"href":"https:\/\/linitiative.ca\/International\/wp-json\/"}],"wp:attachment":[{"href":"https:\/\/linitiative.ca\/International\/wp-json\/wp\/v2\/media?parent=101965"}],"wp:term":[{"taxonomy":"category","embeddable":true,"href":"https:\/\/linitiative.ca\/International\/wp-json\/wp\/v2\/categories?post=101965"},{"taxonomy":"post_tag","embeddable":true,"href":"https:\/\/linitiative.ca\/International\/wp-json\/wp\/v2\/tags?post=101965"}],"curies":[{"name":"wp","href":"https:\/\/api.w.org\/{rel}","templated":true}]}}