{"id":101970,"date":"2020-10-16T20:05:53","date_gmt":"2020-10-17T00:05:53","guid":{"rendered":"https:\/\/linitiative.ca\/International\/reprise-de-la-priere-du-vendredi-dans-les-mosquees\/"},"modified":"2020-10-16T20:05:53","modified_gmt":"2020-10-17T00:05:53","slug":"reprise-de-la-priere-du-vendredi-dans-les-mosquees","status":"publish","type":"post","link":"https:\/\/linitiative.ca\/International\/reprise-de-la-priere-du-vendredi-dans-les-mosquees\/","title":{"rendered":"Reprise de la Pri\u00e8re du Vendredi dans les mosqu\u00e9es"},"content":{"rendered":"<div readability=\"37\">\n<p>El Kela\u00e2 des Sraghna \u2013 Dans une ambiance empreinte de pi\u00e9t\u00e9, de s\u00e9r\u00e9nit\u00e9 et de joie, les fid\u00e8les ont accompli la pri\u00e8re du vendredi dans les diff\u00e9rentes mosqu\u00e9es d\u2019El Kela\u00e2 des Sraghna apr\u00e8s sept mois de fermeture impos\u00e9e par le contexte sanitaire li\u00e9 au nouveau coronavirus (Covid-19).<\/p>\n<\/div>\n<div readability=\"83\">\n<p>Une joie apparente illuminait vendredi les visages de tous les fid\u00e8les, qui s\u2019appr\u00eataient \u00e0 franchir de nouveau les portes d\u2019entr\u00e9e de la mosqu\u00e9e \u00ab\u00a0Al Arsa\u00a0\u00bb situ\u00e9e au centre-ville d\u2019El Kela\u00e2 des Sraghna. Les larmes aux yeux, certains fid\u00e8les priaient le tout-puissant de mettre fin \u00e0 cette pand\u00e9mie dans les plus brefs d\u00e9lais afin de ne plus les priver des bienfaits et de la gr\u00e2ce de la pri\u00e8re collective du Vendredi.<\/p>\n<p>Ainsi, les citoyens ont afflu\u00e9 en masse pour accomplir la pri\u00e8re du Vendredi dans cette ville dans le strict respect des mesures sanitaires d\u00e9cr\u00e9t\u00e9es par les autorit\u00e9s comp\u00e9tentes, dont la distanciation physique et le port obligatoire des masques.<\/p>\n<p>L\u2019acteur associatif \u00e0 El Kela\u00e2 des Sraghna, Abderrahmane Soussou, venu accomplir cette pri\u00e8re du Vendredi, a dit sa joie incommensurable de la reprise de la pri\u00e8re, relevant que les autorit\u00e9s comp\u00e9tentes veillent \u00e0 fournir tous les moyens de pr\u00e9vention dans les mosqu\u00e9es.<\/p>\n<p>Les fid\u00e8les ont accompli cette pri\u00e8re dans une ambiance de pi\u00e9t\u00e9 et de r\u00e9v\u00e9rence et dans le strict respect d\u2019un syst\u00e8me int\u00e9gr\u00e9 de mesures pr\u00e9ventives, \u00e9levant des pri\u00e8res pour perp\u00e9tuer cette gr\u00e2ce divine d\u2019accomplir la pri\u00e8re de fa\u00e7on collective o\u00f9 les Musulmans se r\u00e9unissent en masse dans \u00ab\u00a0les Maisons de Dieu\u00a0\u00bb.<\/p>\n<p>Dans une d\u00e9claration \u00e0 la MAP, le d\u00e9l\u00e9gu\u00e9 provincial des affaires islamiques \u00e0 El Kela\u00e2 des Sraghna, Mohamed Serhani, a soulign\u00e9 que cette pri\u00e8re du Vendredi s\u2019est d\u00e9roul\u00e9e dans les diff\u00e9rentes mosqu\u00e9es de la province dans de bonnes conditions et dans un climat de grande d\u00e9votion et dans le respect scrupuleux des mesures pr\u00e9ventives visant \u00e0 freiner la propagation de la Covid-19.<\/p>\n<p>Et d\u2019indiquer que les autorit\u00e9s locales ont donn\u00e9 leur aval pour l\u2019accomplissement de la pri\u00e8re dans 13 des 24 mosqu\u00e9es de la ville d\u2019El Kela\u00e2 des Sraghna, 9 de 11 mosqu\u00e9es \u00e0 la municipalit\u00e9 d\u2019El Attaouia, 5 de 6 mosqu\u00e9es de Sidi Rahal et 7 mosqu\u00e9es de Tamellalt.<\/p>\n<p>Le responsable provincial a exhort\u00e9 tous les fid\u00e8les \u00e0 se conformer aux consignes mises en place par le minist\u00e8re de tutelle, exhortant les personnes \u00e2g\u00e9es, notamment les personnes souffrant de maladies chroniques, \u00e0 rester chez eux et accomplir les pri\u00e8res dans leurs domiciles vu les dangers que repr\u00e9sentent pour eux le fait d\u2019aller accomplir la pri\u00e8re dans les mosqu\u00e9es.<\/p>\n<p>Le nombre de mosqu\u00e9es autoris\u00e9es \u00e0 ouvrir de nouveau au niveau de la province d\u2019El Kela\u00e2 des Sraghna a \u00e9t\u00e9 port\u00e9 \u00e0 85, soit 195 mosqu\u00e9es au total au niveau de cette province.<\/p>\n<\/div>\n<p>Auteur: Meriem IGASS<br \/>\n<a href=\"http:\/\/www.mapmarrakech.ma\/fr\/reprise-de-la-priere-du-vendredi-dans-les-mosquees\/\">Cliquez ici pour lire l&rsquo;article depuis sa source.<\/a><\/p>\n","protected":false},"excerpt":{"rendered":"<p>El Kela\u00e2 des Sraghna \u2013 Dans une ambiance empreinte de pi\u00e9t\u00e9, de s\u00e9r\u00e9nit\u00e9 et de joie, les fid\u00e8les ont accompli la pri\u00e8re du vendredi dans les diff\u00e9rentes mosqu\u00e9es d\u2019El Kela\u00e2 des Sraghna apr\u00e8s sept mois de fermeture impos\u00e9e par le contexte sanitaire li\u00e9 au nouveau coronavirus (Covid-19). Une joie apparente illuminait vendredi les visages de [&hellip;]<\/p>\n","protected":false},"author":1788,"featured_media":0,"comment_status":"closed","ping_status":"closed","sticky":false,"template":"","format":"standard","meta":{"fifu_image_url":"","fifu_image_alt":"","footnotes":""},"categories":[54,76],"tags":[],"class_list":["post-101970","post","type-post","status-publish","format-standard","hentry","category-maroc","category-regions"],"_links":{"self":[{"href":"https:\/\/linitiative.ca\/International\/wp-json\/wp\/v2\/posts\/101970","targetHints":{"allow":["GET"]}}],"collection":[{"href":"https:\/\/linitiative.ca\/International\/wp-json\/wp\/v2\/posts"}],"about":[{"href":"https:\/\/linitiative.ca\/International\/wp-json\/wp\/v2\/types\/post"}],"author":[{"embeddable":true,"href":"https:\/\/linitiative.ca\/International\/wp-json\/wp\/v2\/users\/1788"}],"replies":[{"embeddable":true,"href":"https:\/\/linitiative.ca\/International\/wp-json\/wp\/v2\/comments?post=101970"}],"version-history":[{"count":0,"href":"https:\/\/linitiative.ca\/International\/wp-json\/wp\/v2\/posts\/101970\/revisions"}],"wp:attachment":[{"href":"https:\/\/linitiative.ca\/International\/wp-json\/wp\/v2\/media?parent=101970"}],"wp:term":[{"taxonomy":"category","embeddable":true,"href":"https:\/\/linitiative.ca\/International\/wp-json\/wp\/v2\/categories?post=101970"},{"taxonomy":"post_tag","embeddable":true,"href":"https:\/\/linitiative.ca\/International\/wp-json\/wp\/v2\/tags?post=101970"}],"curies":[{"name":"wp","href":"https:\/\/api.w.org\/{rel}","templated":true}]}}