{"id":101978,"date":"2020-10-17T12:45:49","date_gmt":"2020-10-17T16:45:49","guid":{"rendered":"https:\/\/linitiative.ca\/International\/le-premier-ministre-pose-la-premiere-pierre-de-realisation-dun-centre-anti-cancer-a-djelfa\/"},"modified":"2020-10-17T12:45:49","modified_gmt":"2020-10-17T16:45:49","slug":"le-premier-ministre-pose-la-premiere-pierre-de-realisation-dun-centre-anti-cancer-a-djelfa","status":"publish","type":"post","link":"https:\/\/linitiative.ca\/International\/le-premier-ministre-pose-la-premiere-pierre-de-realisation-dun-centre-anti-cancer-a-djelfa\/","title":{"rendered":"Le Premier ministre pose la premi\u00e8re pierre de r\u00e9alisation d\u2019un Centre anti-cancer \u00e0 Djelfa"},"content":{"rendered":"<div readability=\"39\">\n<p><strong>DJELFA- Le Premier ministre, Abdelaziz Djerad, a proc\u00e9d\u00e9, samedi, \u00e0 la pose de la premi\u00e8re pierre de la r\u00e9alisation d\u2019un Centre anti-cancer (CAC) \u00e0 Djelfa, d\u2019une capacit\u00e9 d\u2019accueil de 120 lits.<\/strong><\/p>\n<\/div>\n<div readability=\"94.317073170732\">\n<p>\u00ab\u00a0Ce projet est inscrit au titre des engagements pris par le pr\u00e9sident de la R\u00e9publique, M. Abdelmadjid Tebboune\u00a0\u00bb, a d\u00e9clar\u00e9 M. Djerad, en visite de travail dans la wilaya, au niveau du chantier de ce projet, abrit\u00e9 par le centre urbain \u00ab\u00a0Bahrara\u00a0\u00bb, de la sortie-Est de la ville de Djelfa.<\/p>\n<p>Il a soulign\u00e9 que la d\u00e9cision de r\u00e9alisation de ce CAC, a \u00e9t\u00e9 dict\u00e9e par la place \u00ab\u00a0strat\u00e9gique et centrale de Djelfa, qui fera que plusieurs wilayas profiteront de cette r\u00e9alisation\u00a0\u00bb, a-t-il assur\u00e9.<\/p>\n<blockquote readability=\"9\">\n<p><em><strong>\u00ab\u00a0Tout ce que nous esp\u00e9rons c\u2019est une acc\u00e9l\u00e9ration des travaux et un respect des d\u00e9lais de r\u00e9alisation, pour une construction de qualit\u00e9 r\u00e9unissant toutes les conditions d\u2019un h\u00f4pital moderne\u00a0\u00bb, a-t-il ajout\u00e9.<\/strong><\/em><\/p>\n<\/blockquote>\n<p>Apr\u00e8s un expos\u00e9 sur ce projet, ayant longtemps constitu\u00e9 une revendication de la population locale, Abdelaziz Djerad, qui \u00e9tait accompagn\u00e9 par le ministre de l&rsquo;Int\u00e9rieur, des Collectivit\u00e9s locales et de l&rsquo;Am\u00e9nagement du territoire, Kamel Beldjoud, et le ministre de la Sant\u00e9, de la Population et de la R\u00e9forme hospitali\u00e8re, Abderrahmane Benbouzid, a soutenu que ce \u00ab\u00a0projet constituera l\u2019un des acquis de l\u2019Alg\u00e9rie en g\u00e9n\u00e9rale, et du secteur local de la sant\u00e9 de fa\u00e7on particuli\u00e8re\u00a0\u00bb.<\/p>\n<p>La r\u00e9alisation de ce CAC, dot\u00e9 d\u2019une enveloppe de pr\u00e9s de 4,5 milliards de DA, a \u00e9t\u00e9 confi\u00e9e \u00e0 l\u2019entreprise Cosider, au titre d\u2019un march\u00e9 de gr\u00e9 \u00e0 gr\u00e9, pour un d\u00e9lai fix\u00e9 \u00e0 30 mois.<\/p>\n<hr\/>\n<h3>Lire aussi:\u00a0<a href=\"http:\/\/www.aps.dz\/sante-science-technologie\/111224-djerad-ordonne-la-baptisation-de-l-hopital-d-el-birine-du-nom-du-defunt-colonel-bencherif\" target=\"_blank\" rel=\"noopener noreferrer\">Baptisation de l\u2019h\u00f4pital d\u2019El Birine du nom du d\u00e9funt moudjahid colonel Bencherif<\/a><\/h3>\n<hr\/>\n<p>A noter que ce projet, devant mettre fin aux souffrances des personnes atteintes de cancer oblig\u00e9es de se d\u00e9placer vers les CHU du Nord du pays, pour des soins, a b\u00e9n\u00e9fici\u00e9 d\u2019une attention particuli\u00e8re du pr\u00e9sident de la R\u00e9publique lors du Conseil des ministres de septembre dernier.<\/p>\n<blockquote readability=\"16\">\n<p><strong><em>Le pr\u00e9sident Tebboune avait donn\u00e9, \u00e0 cette occasion, de nombreuses instructions \u00e0 ce sujet, notamment en fixant la date du 15 octobre, comme \u00ab\u00a0dernier d\u00e9lai\u00a0\u00bb pour la pose de la premi\u00e8re pierre du projet, outre la \u00ab\u00a0finalisation, au cours des mois d\u2019octobre et novembre, de la d\u00e9finition des \u00e9quipements m\u00e9dicaux requis pour les acqu\u00e9rir avant la fin 2020\u00a0\u00bb, avait-il insist\u00e9.<\/em><\/strong><\/p>\n<\/blockquote>\n<p>Il a, \u00e9galement, instruit de la n\u00e9cessit\u00e9 de doter ce centre en nombre suffisant d\u2019acc\u00e9l\u00e9rateurs, d\u2019\u00e9quipements de pointe et d\u2019appareils de radioth\u00e9rapie, \u00ab\u00a0pour r\u00e9pondre aux besoins des canc\u00e9reux dans les wilayas limitrophes\u00a0\u00bb et de fournir des \u00ab\u00a0services h\u00f4teliers pour l\u2019h\u00e9bergement des familles accompagnant les malades et venant de loin\u00a0\u00bb tout en \u00ab\u00a0encourageant les bienfaiteurs \u00e0 en faire don, faute de quoi l\u2019Etat assumera son r\u00f4le\u00a0\u00bb.<\/p>\n<\/div>\n<p>Auteur:<br \/>\n<a href=\"http:\/\/www.aps.dz\/regions\/111245-le-premier-ministre-pose-la-premiere-pierre-de-realisation-d-un-centre-anti-cancer-a-djelfa\">Cliquez ici pour lire l&rsquo;article depuis sa source.<\/a><\/p>\n","protected":false},"excerpt":{"rendered":"<p>DJELFA- Le Premier ministre, Abdelaziz Djerad, a proc\u00e9d\u00e9, samedi, \u00e0 la pose de la premi\u00e8re pierre de la r\u00e9alisation d\u2019un Centre anti-cancer (CAC) \u00e0 Djelfa, d\u2019une capacit\u00e9 d\u2019accueil de 120 lits. \u00ab\u00a0Ce projet est inscrit au titre des engagements pris par le pr\u00e9sident de la R\u00e9publique, M. Abdelmadjid Tebboune\u00a0\u00bb, a d\u00e9clar\u00e9 M. Djerad, en visite [&hellip;]<\/p>\n","protected":false},"author":1790,"featured_media":0,"comment_status":"closed","ping_status":"closed","sticky":false,"template":"","format":"standard","meta":{"fifu_image_url":"","fifu_image_alt":"","footnotes":""},"categories":[53,76],"tags":[],"class_list":["post-101978","post","type-post","status-publish","format-standard","hentry","category-algerie","category-regions"],"_links":{"self":[{"href":"https:\/\/linitiative.ca\/International\/wp-json\/wp\/v2\/posts\/101978","targetHints":{"allow":["GET"]}}],"collection":[{"href":"https:\/\/linitiative.ca\/International\/wp-json\/wp\/v2\/posts"}],"about":[{"href":"https:\/\/linitiative.ca\/International\/wp-json\/wp\/v2\/types\/post"}],"author":[{"embeddable":true,"href":"https:\/\/linitiative.ca\/International\/wp-json\/wp\/v2\/users\/1790"}],"replies":[{"embeddable":true,"href":"https:\/\/linitiative.ca\/International\/wp-json\/wp\/v2\/comments?post=101978"}],"version-history":[{"count":0,"href":"https:\/\/linitiative.ca\/International\/wp-json\/wp\/v2\/posts\/101978\/revisions"}],"wp:attachment":[{"href":"https:\/\/linitiative.ca\/International\/wp-json\/wp\/v2\/media?parent=101978"}],"wp:term":[{"taxonomy":"category","embeddable":true,"href":"https:\/\/linitiative.ca\/International\/wp-json\/wp\/v2\/categories?post=101978"},{"taxonomy":"post_tag","embeddable":true,"href":"https:\/\/linitiative.ca\/International\/wp-json\/wp\/v2\/tags?post=101978"}],"curies":[{"name":"wp","href":"https:\/\/api.w.org\/{rel}","templated":true}]}}