{"id":101979,"date":"2020-10-17T13:47:01","date_gmt":"2020-10-17T17:47:01","guid":{"rendered":"https:\/\/linitiative.ca\/International\/djerad-senquiert-de-la-situation-de-projets-de-proximite-dans-les-zones-dombre-de-sidi-bayazid\/"},"modified":"2020-10-17T13:47:01","modified_gmt":"2020-10-17T17:47:01","slug":"djerad-senquiert-de-la-situation-de-projets-de-proximite-dans-les-zones-dombre-de-sidi-bayazid","status":"publish","type":"post","link":"https:\/\/linitiative.ca\/International\/djerad-senquiert-de-la-situation-de-projets-de-proximite-dans-les-zones-dombre-de-sidi-bayazid\/","title":{"rendered":"Djerad s\u2019enquiert de la situation de projets de proximit\u00e9 dans les zones d\u2019ombre de Sidi Bayazid"},"content":{"rendered":"<div readability=\"40\">\n<p><strong>DJELFA- Le Premier ministre, Abdelaziz Djerad, s\u2019est enquis, samedi, dans le cadre de sa visite de travail et d\u2019inspection dans la wilaya de Djelfa, de la situation de projets de proximit\u00e9, au niveau des zones d\u2019ombre de la commune de Sidi Bayazid (65 km \u00e0 l\u2019Est de la wilaya).<\/strong><\/p>\n<\/div>\n<div readability=\"75.608832807571\">\n<p>M.Djerad, qui \u00e9tait accompagn\u00e9 par le ministre de l&rsquo;Int\u00e9rieur, des Collectivit\u00e9s locales et de l&rsquo;Am\u00e9nagement du territoire, Kamel Beldjoud, et le ministre de la Sant\u00e9, de la Population et de la R\u00e9forme hospitali\u00e8re, Abderrahmane Benbouzid, a inspect\u00e9 le projet de r\u00e9am\u00e9nagement d\u2019une vieille \u00e9cole primaire, qui a \u00e9t\u00e9 \u00e9quip\u00e9e de panneaux solaires, dans la r\u00e9gion d\u2019Ouled Fatima, en vue d\u2019ouvrir ses portes aux \u00e9l\u00e8ves, \u00e0 la nouvelle rentr\u00e9e scolaire, pr\u00e9vue le 21 octobre courant.<\/p>\n<p>Il s\u2019est, \u00e9galement, rendu dans la r\u00e9gion rurale de Guendouza, o\u00f9 il s\u2019est enquis de la situation d\u2019un projet similaire, visant le r\u00e9am\u00e9nagement d\u2019une \u00e9cole primaire, qui a \u00e9t\u00e9 dot\u00e9e d\u2019une cantine scolaire, \u00e9quip\u00e9e de gaz propane.<\/p>\n<p>Un expos\u00e9 a \u00e9t\u00e9 pr\u00e9sent\u00e9 au Premier ministre, sur les projets de d\u00e9veloppement destin\u00e9s aux zones d\u2019ombre, soit quelque 35 op\u00e9rations (ciblant diff\u00e9rents secteurs vitaux) affect\u00e9s d\u2019une enveloppe globale de pr\u00e9s de 300 millions de DA.<\/p>\n<hr\/>\n<h3>Lire aussi:\u00a0<a href=\"http:\/\/www.aps.dz\/algerie\/111234-le-premier-ministre-reitere-la-volonte-sincere-de-l-etat-a-operer-le-changement\">Le Premier ministre r\u00e9it\u00e8re \u00ab\u00a0la volont\u00e9 sinc\u00e8re\u00a0\u00bb de l&rsquo;Etat \u00e0 op\u00e9rer le changement<\/a><\/h3>\n<hr\/>\n<p>Sur place, le ministre a \u00e9cout\u00e9 les dol\u00e9ances des citoyens de cette r\u00e9gion, li\u00e9es \u00e0 diff\u00e9rents aspects de leur vie, dont le logement rural, le gaz naturel, le transport scolaire, et la garantie de services de sant\u00e9 \u00e0 la salle de soins disponible dans la r\u00e9gion.<\/p>\n<p>M. Djerad s\u2019est engag\u00e9 \u00e0 la prise en charge de ces pr\u00e9occupations, consid\u00e9r\u00e9es \u00ab\u00a0parmi les priorit\u00e9s du pr\u00e9sident de la R\u00e9publique, dans son int\u00e9r\u00eat pour les zones d\u2019ombre\u00a0\u00bb, a-t-il assur\u00e9.<\/p>\n<\/div>\n<p>Auteur:<br \/>\n<a href=\"http:\/\/www.aps.dz\/regions\/111254-djerad-s-enquiert-de-la-situation-de-projets-de-proximite-dans-les-zones-d-ombre-de-sidi-bayazid\">Cliquez ici pour lire l&rsquo;article depuis sa source.<\/a><\/p>\n","protected":false},"excerpt":{"rendered":"<p>DJELFA- Le Premier ministre, Abdelaziz Djerad, s\u2019est enquis, samedi, dans le cadre de sa visite de travail et d\u2019inspection dans la wilaya de Djelfa, de la situation de projets de proximit\u00e9, au niveau des zones d\u2019ombre de la commune de Sidi Bayazid (65 km \u00e0 l\u2019Est de la wilaya). M.Djerad, qui \u00e9tait accompagn\u00e9 par le [&hellip;]<\/p>\n","protected":false},"author":1790,"featured_media":0,"comment_status":"closed","ping_status":"closed","sticky":false,"template":"","format":"standard","meta":{"fifu_image_url":"","fifu_image_alt":"","footnotes":""},"categories":[53,76],"tags":[],"class_list":["post-101979","post","type-post","status-publish","format-standard","hentry","category-algerie","category-regions"],"_links":{"self":[{"href":"https:\/\/linitiative.ca\/International\/wp-json\/wp\/v2\/posts\/101979","targetHints":{"allow":["GET"]}}],"collection":[{"href":"https:\/\/linitiative.ca\/International\/wp-json\/wp\/v2\/posts"}],"about":[{"href":"https:\/\/linitiative.ca\/International\/wp-json\/wp\/v2\/types\/post"}],"author":[{"embeddable":true,"href":"https:\/\/linitiative.ca\/International\/wp-json\/wp\/v2\/users\/1790"}],"replies":[{"embeddable":true,"href":"https:\/\/linitiative.ca\/International\/wp-json\/wp\/v2\/comments?post=101979"}],"version-history":[{"count":0,"href":"https:\/\/linitiative.ca\/International\/wp-json\/wp\/v2\/posts\/101979\/revisions"}],"wp:attachment":[{"href":"https:\/\/linitiative.ca\/International\/wp-json\/wp\/v2\/media?parent=101979"}],"wp:term":[{"taxonomy":"category","embeddable":true,"href":"https:\/\/linitiative.ca\/International\/wp-json\/wp\/v2\/categories?post=101979"},{"taxonomy":"post_tag","embeddable":true,"href":"https:\/\/linitiative.ca\/International\/wp-json\/wp\/v2\/tags?post=101979"}],"curies":[{"name":"wp","href":"https:\/\/api.w.org\/{rel}","templated":true}]}}