{"id":101980,"date":"2020-10-17T14:00:00","date_gmt":"2020-10-17T18:00:00","guid":{"rendered":"https:\/\/linitiative.ca\/International\/une-ecole-des-metiers-des-travaux-publics-inauguree-a-djelfa\/"},"modified":"2020-10-17T14:00:00","modified_gmt":"2020-10-17T18:00:00","slug":"une-ecole-des-metiers-des-travaux-publics-inauguree-a-djelfa","status":"publish","type":"post","link":"https:\/\/linitiative.ca\/International\/une-ecole-des-metiers-des-travaux-publics-inauguree-a-djelfa\/","title":{"rendered":"Une \u00e9cole des m\u00e9tiers des travaux publics inaugur\u00e9e \u00e0 Djelfa"},"content":{"rendered":"<div readability=\"39\">\n<p><strong>DJELFA- Le Premier ministre, Abdelaziz Djerad, a proc\u00e9d\u00e9, samedi, dans le cadre de sa visite de travail dans la wilaya de Djelfa, \u00e0 l\u2019inauguration d\u2019une \u00e9cole des m\u00e9tiers des travaux publics.<\/strong><\/p>\n<\/div>\n<div readability=\"80.283783783784\">\n<p>\u00ab\u00a0La formation au niveau de ces \u00e9coles est un imp\u00e9ratif\u00a0\u00bb, a d\u00e9clar\u00e9, sur place, le Premier ministre, qui \u00e9tait accompagn\u00e9 du ministre de l&rsquo;Int\u00e9rieur, des Collectivit\u00e9s locales et de l&rsquo;Am\u00e9nagement du territoire, Kamel Beldjoud, et du ministre de la Sant\u00e9, de la Population et de la R\u00e9forme hospitali\u00e8re, Abderrahmane Benbouzid, \u00e0 l\u2019issue d\u2019un expos\u00e9 sur cet \u00e9tablissement de formation.<\/p>\n<p>Assurant que cette \u00e9cole est une \u00ab\u00a0opportunit\u00e9 offerte pour les jeunes pour se former dans les m\u00e9tiers des travaux publics, et marquer leur contribution dans la r\u00e9alisation de projets, au double plan local et national\u00a0\u00bb, a-t-il soulign\u00e9.<\/p>\n<blockquote readability=\"12\">\n<p><em><strong>M.Djerad a donn\u00e9 des instructions pour \u00ab\u00a0l\u2019entame progressive de l\u2019aspect p\u00e9dagogique du projet, et la r\u00e9duction de la d\u00e9pendance aux comp\u00e9tences \u00e9trang\u00e8res\u00a0\u00bb. Il a, \u00e0 ce titre, lou\u00e9 les relations de fraternit\u00e9 et d\u2019amiti\u00e9 liant l\u2019Alg\u00e9rie \u00e0 la R\u00e9publique de Chine populaire, r\u00e9alisatrice de ce projet.<\/strong><\/em><\/p>\n<\/blockquote>\n<p>A noter que cette \u00e9cole de formation, d\u2019une capacit\u00e9 d\u2019accueil de 250 places p\u00e9dagogiques, a \u00e9t\u00e9 concr\u00e9tis\u00e9e sur une assiette de 2000 m2 du nouveau p\u00f4le urbain de \u00ab\u00a0Berbih\u00a0\u00bb, dans un style moderne, dans le cadre du renforcement de l\u2019amiti\u00e9 alg\u00e9ro-chinoise &#8212; projet de r\u00e9alisation de l\u2019autoroute Nord-Sud.<\/p>\n<hr\/>\n<h3 class=\"catItemTitle\">Lire aussi:\u00a0<a href=\"http:\/\/www.aps.dz\/regions\/111243-le-premier-ministre-pose-la-premiere-pierre-de-realisation-d-un-centre-anti-cancer-a-djelfa\">Le Premier ministre pose la premi\u00e8re pierre de r\u00e9alisation d\u2019un Centre anti-cancer \u00e0 Djelfa<\/a><\/h3>\n<hr\/>\n<p>Le projet, dont l\u2019encadrement a \u00e9t\u00e9 assur\u00e9 par l&rsquo;Agence nationale des autoroutes, vise principalement \u00e0 d\u00e9velopper les capacit\u00e9s et comp\u00e9tences des employ\u00e9s, en charge des missions de r\u00e9alisation, contr\u00f4le, maintenance et suivi des infrastructures de base et des installations du secteur des travaux publics.<\/p>\n<p>Cette \u00e9cole est, \u00e9galement, dot\u00e9e d\u2019un r\u00f4le majeur dans l\u2019organisation de sessions de recyclage et de mise \u00e0 niveau, au profit des employ\u00e9s du secteur, techniciens et topographes, entre autres.<\/p>\n<\/div>\n<p>Auteur:<br \/>\n<a href=\"http:\/\/www.aps.dz\/regions\/111256-djerad-inaugure-une-ecole-des-metiers-des-travaux-publics-a-djelfa\">Cliquez ici pour lire l&rsquo;article depuis sa source.<\/a><\/p>\n","protected":false},"excerpt":{"rendered":"<p>DJELFA- Le Premier ministre, Abdelaziz Djerad, a proc\u00e9d\u00e9, samedi, dans le cadre de sa visite de travail dans la wilaya de Djelfa, \u00e0 l\u2019inauguration d\u2019une \u00e9cole des m\u00e9tiers des travaux publics. \u00ab\u00a0La formation au niveau de ces \u00e9coles est un imp\u00e9ratif\u00a0\u00bb, a d\u00e9clar\u00e9, sur place, le Premier ministre, qui \u00e9tait accompagn\u00e9 du ministre de l&rsquo;Int\u00e9rieur, [&hellip;]<\/p>\n","protected":false},"author":1790,"featured_media":0,"comment_status":"closed","ping_status":"closed","sticky":false,"template":"","format":"standard","meta":{"fifu_image_url":"","fifu_image_alt":"","footnotes":""},"categories":[53,76],"tags":[],"class_list":["post-101980","post","type-post","status-publish","format-standard","hentry","category-algerie","category-regions"],"_links":{"self":[{"href":"https:\/\/linitiative.ca\/International\/wp-json\/wp\/v2\/posts\/101980","targetHints":{"allow":["GET"]}}],"collection":[{"href":"https:\/\/linitiative.ca\/International\/wp-json\/wp\/v2\/posts"}],"about":[{"href":"https:\/\/linitiative.ca\/International\/wp-json\/wp\/v2\/types\/post"}],"author":[{"embeddable":true,"href":"https:\/\/linitiative.ca\/International\/wp-json\/wp\/v2\/users\/1790"}],"replies":[{"embeddable":true,"href":"https:\/\/linitiative.ca\/International\/wp-json\/wp\/v2\/comments?post=101980"}],"version-history":[{"count":0,"href":"https:\/\/linitiative.ca\/International\/wp-json\/wp\/v2\/posts\/101980\/revisions"}],"wp:attachment":[{"href":"https:\/\/linitiative.ca\/International\/wp-json\/wp\/v2\/media?parent=101980"}],"wp:term":[{"taxonomy":"category","embeddable":true,"href":"https:\/\/linitiative.ca\/International\/wp-json\/wp\/v2\/categories?post=101980"},{"taxonomy":"post_tag","embeddable":true,"href":"https:\/\/linitiative.ca\/International\/wp-json\/wp\/v2\/tags?post=101980"}],"curies":[{"name":"wp","href":"https:\/\/api.w.org\/{rel}","templated":true}]}}