{"id":101982,"date":"2020-10-17T10:25:43","date_gmt":"2020-10-17T14:25:43","guid":{"rendered":"https:\/\/linitiative.ca\/International\/a-oujda-des-cooperatives-resistent-a-la-crise-de-la-covid-19\/"},"modified":"2020-10-17T10:25:43","modified_gmt":"2020-10-17T14:25:43","slug":"a-oujda-des-cooperatives-resistent-a-la-crise-de-la-covid-19","status":"publish","type":"post","link":"https:\/\/linitiative.ca\/International\/a-oujda-des-cooperatives-resistent-a-la-crise-de-la-covid-19\/","title":{"rendered":"A Oujda, des coop\u00e9ratives r\u00e9sistent \u00e0 la crise de la Covid-19"},"content":{"rendered":"<p class=\"c4\">On aurait pu penser que l\u2019activit\u00e9 d\u2019un point de vente collaboratif, d\u00e9di\u00e9 \u00e0 la promotion des produits de terroir, se verrait affect\u00e9e n\u00e9gativement par l\u2019\u00e9pid\u00e9mie de la Covid-19, qui a gagn\u00e9 le Maroc quelques mois apr\u00e8s l\u2019inauguration. Il n\u2019en a rien \u00e9t\u00e9 pour cette boutique situ\u00e9e \u00e0 Oujda, et le caract\u00e8re sp\u00e9cifique des produits de terroir y est pour beaucoup.<\/p>\n<p class=\"c4\">Houcine Ma\u00e2dadi, fondateur et directeur ex\u00e9cutif de la plateforme \u00abChabab de l\u2019Or\u00bb, est fier du bilan de cette premi\u00e8re ann\u00e9e d\u2019activit\u00e9. C\u2019est ce groupement de coop\u00e9ratives qui a lanc\u00e9 cette \u00abboutique participative\u00bb pour offrir \u00e0 des producteurs artisanaux un espace de vente permanent et bien organis\u00e9, tourn\u00e9 principalement vers les produits alimentaires de terroir.<\/p>\n<p class=\"c4\">\u00abL\u2019objectif de cette initiative est de conjuguer les efforts d\u2019un ensemble de coop\u00e9ratives pour offrir un large \u00e9ventail de produits de terroir, r\u00e9pondant aux besoins et aux exigences des clients, tout en cr\u00e9ant des opportunit\u00e9s d\u2019emploi et contribuant au d\u00e9veloppement local\u00bb, explique-t-il dans un entretien avec la MAP.<\/p>\n<p class=\"c4\">\u00abIl nous fallait du coup un espace d\u2019exposition et de vente permanent, car la plupart des coop\u00e9ratives participantes ne r\u00e9alisaient des ventes que lors des foires et salons destin\u00e9s \u00e0 l\u2019\u00e9conomie sociale et solidaire, soit une ou deux fois par an\u00bb, ajoute M. Ma\u00e2dadi.<\/p>\n<p class=\"c4\">Mais comment cette exp\u00e9rience naissante a-t-elle pu r\u00e9sister au choc Covid-19, qui a mis \u00e0 mal tant de secteurs et \u00abbusiness models\u00bb ? \u00abLa pand\u00e9mie du coronavirus a eu parmi ses effets un engouement des gens pour les produits alimentaires biologiques, naturels et de terroir, qui ont une grande valeur nutritionnelle et sont consid\u00e9r\u00e9s comme b\u00e9n\u00e9fiques pour le renforcement du syst\u00e8me immunitaire\u00bb, explique-t-il.<\/p>\n<p class=\"c4\">Le projet \u00abChabab de l\u2019Or\u00bb a d\u00e9but\u00e9 en 2016 sous forme d\u2019association, avant d\u2019opter pour le mod\u00e8le coop\u00e9ratif. L\u2019objectif \u00e9tait de cr\u00e9er un pont entre les jeunes dipl\u00f4m\u00e9s et le march\u00e9 du travail, en vue de lutter contre le ch\u00f4mage et les int\u00e9grer dans le cycle \u00e9conomique.<\/p>\n<p class=\"c4\">\u00abNous avons cr\u00e9\u00e9 plusieurs activit\u00e9s g\u00e9n\u00e9ratrices de revenu au profit du premier groupe de jeunes b\u00e9n\u00e9ficiaires de nos formations. Ces AGR ont commenc\u00e9 \u00e0 se d\u00e9velopper au fil des ann\u00e9es et on a fini par les structurer en quatre coop\u00e9ratives, dont chacune est sp\u00e9cialis\u00e9e dans un domaine comme l\u2019agriculture biologique, la couture et la mode, la formation et le design, poursuit M. Ma\u00e2dadi.<\/p>\n<p><img class=\"wp-image-23447 aligncenter\" data-src=\"http:\/\/www.mapoujda.ma\/map\/uploads\/2020\/10\/Houcine-Ma&#xE2;dadi-fondateur-de-la-plateforme-Chabab-de-l&#x2019;Or-M750&#xD7;430-MAP.jpg\" alt=\"\" width=\"576\" height=\"330\" srcset=\"http:\/\/www.mapoujda.ma\/map\/uploads\/2020\/10\/Houcine-Ma&#xE2;dadi-fondateur-de-la-plateforme-Chabab-de-l&#x2019;Or-M750&#xD7;430-MAP.jpg 750w, http:\/\/www.mapoujda.ma\/map\/uploads\/2020\/10\/Houcine-Ma&#xE2;dadi-fondateur-de-la-plateforme-Chabab-de-l&#x2019;Or-M750&#xD7;430-MAP-300x172.jpg 300w\" sizes=\"(max-width: 576px) 100vw, 576px\"\/><\/p>\n<p class=\"c6\"><em><span class=\"c5\">Houcine Ma\u00e2dadi donne une d\u00e9claration \u00e0 la MAP<\/span><\/em><\/p>\n<p class=\"c4\">\u00abChabab de l\u2019Or\u00bb est devenu un v\u00e9ritable label avec lequel de nombreuses autres coop\u00e9ratives, de l\u2019Oriental et d\u2019autres r\u00e9gions du Maroc, sont entr\u00e9es en collaboration pour les aider \u00e0 commercialiser leurs produits.<\/p>\n<p class=\"c4\">\u00abOn s\u2019est retrouv\u00e9 alors en contact avec des coop\u00e9ratives aux activit\u00e9s tr\u00e8s h\u00e9t\u00e9rog\u00e8nes, ce qui rendait la coordination difficile. On a donc d\u00e9cid\u00e9 de se concentrer sur un seul domaine, \u00e0 savoir les produits de terroir, car celles-ci ont une charge culturelle, civilisationnelle, humaine et sociale, outre leur int\u00e9r\u00eat \u00e9conomique\u00bb.<\/p>\n<p class=\"c4\">Houcine Ma\u00e2dadi explique aussi le succ\u00e8s de cette premi\u00e8re exp\u00e9rience par l\u2019esprit entrepreneurial avec lequel est g\u00e9r\u00e9 le label \u00abChabab de l\u2019Or\u00bb, une approche encore peu assimil\u00e9e par de nombreuses coop\u00e9ratives. \u00abBeaucoup de coop\u00e9ratives restent limit\u00e9es \u00e0 une activit\u00e9 saisonni\u00e8re et n\u2019ont pour raison d\u2019\u00eatre que la participation aux foires et la recherche des subventions et aides offertes par les collectivit\u00e9s locales\u00bb, regrette-t-il.<\/p>\n<p class=\"c4\">Il a soulign\u00e9, dans ce sens, que \u00abChabab de l\u2019Or\u00bb met l\u2019accent sur le d\u00e9veloppement de l\u2019esprit entrepreneurial en tant que levier de croissance pour le secteur coop\u00e9ratif, tout en restant attach\u00e9s \u00e0 l\u2019\u00e9conomie sociale et solidaire et aux produits de terroir.<\/p>\n<p class=\"c4\">Cet esprit entrepreneurial est bas\u00e9 sur l\u2019investissement, non seulement en termes de moyens financiers mais aussi dans les comp\u00e9tences humaines, l\u2019objectif \u00e9tant d\u2019int\u00e9grer le cycle \u00e9conomique et contribuer au d\u00e9veloppement de cette r\u00e9gion qui enregistre un taux de ch\u00f4mage \u00e9lev\u00e9.<\/p>\n<p class=\"c4\">A ce jour, \u00abChabab de l\u2019Or\u00bb collabore avec une trentaine de coop\u00e9ratives de l\u2019Oriental et d\u2019ailleurs, et est en train d\u2019\u00e9tablir des partenariats pour proposer davantage de produits, notamment de l\u2019Oriental.<\/p>\n<p class=\"c4\">Ne comptant pas en rester l\u00e0, ce cadre coop\u00e9ratif entend ouvrir d\u2019autres points de vente \u00e0 Oujda et m\u00eame dans d\u2019autres villes du Royaume. Il dispose actuellement de deux boutiques, celle d\u2019Oujda et une autre \u00e0 Tagafayt, dans la province de Jerada, et s\u2019appr\u00eate \u00e0 inaugurer un troisi\u00e8me point de vente \u00e0 Figuig \u00abd\u00e8s que la situation \u00e9pid\u00e9miologique le permette\u00bb, assure Ma\u00e2dadi.<\/p>\n<p>Auteur: Soufiane ELAHMAR<br \/>\n<a href=\"http:\/\/www.mapoujda.ma\/fr\/a-oujda-des-cooperatives-resistent-a-la-crise-de-la-covid-19\/\">Cliquez ici pour lire l&rsquo;article depuis sa source.<\/a><\/p>\n","protected":false},"excerpt":{"rendered":"<p>On aurait pu penser que l\u2019activit\u00e9 d\u2019un point de vente collaboratif, d\u00e9di\u00e9 \u00e0 la promotion des produits de terroir, se verrait affect\u00e9e n\u00e9gativement par l\u2019\u00e9pid\u00e9mie de la Covid-19, qui a gagn\u00e9 le Maroc quelques mois apr\u00e8s l\u2019inauguration. Il n\u2019en a rien \u00e9t\u00e9 pour cette boutique situ\u00e9e \u00e0 Oujda, et le caract\u00e8re sp\u00e9cifique des produits de [&hellip;]<\/p>\n","protected":false},"author":1788,"featured_media":101983,"comment_status":"closed","ping_status":"closed","sticky":false,"template":"","format":"standard","meta":{"fifu_image_url":"","fifu_image_alt":"","footnotes":""},"categories":[54,76],"tags":[],"class_list":["post-101982","post","type-post","status-publish","format-standard","has-post-thumbnail","hentry","category-maroc","category-regions"],"_links":{"self":[{"href":"https:\/\/linitiative.ca\/International\/wp-json\/wp\/v2\/posts\/101982","targetHints":{"allow":["GET"]}}],"collection":[{"href":"https:\/\/linitiative.ca\/International\/wp-json\/wp\/v2\/posts"}],"about":[{"href":"https:\/\/linitiative.ca\/International\/wp-json\/wp\/v2\/types\/post"}],"author":[{"embeddable":true,"href":"https:\/\/linitiative.ca\/International\/wp-json\/wp\/v2\/users\/1788"}],"replies":[{"embeddable":true,"href":"https:\/\/linitiative.ca\/International\/wp-json\/wp\/v2\/comments?post=101982"}],"version-history":[{"count":0,"href":"https:\/\/linitiative.ca\/International\/wp-json\/wp\/v2\/posts\/101982\/revisions"}],"wp:featuredmedia":[{"embeddable":true,"href":"https:\/\/linitiative.ca\/International\/wp-json\/"}],"wp:attachment":[{"href":"https:\/\/linitiative.ca\/International\/wp-json\/wp\/v2\/media?parent=101982"}],"wp:term":[{"taxonomy":"category","embeddable":true,"href":"https:\/\/linitiative.ca\/International\/wp-json\/wp\/v2\/categories?post=101982"},{"taxonomy":"post_tag","embeddable":true,"href":"https:\/\/linitiative.ca\/International\/wp-json\/wp\/v2\/tags?post=101982"}],"curies":[{"name":"wp","href":"https:\/\/api.w.org\/{rel}","templated":true}]}}