{"id":101984,"date":"2020-10-17T12:00:00","date_gmt":"2020-10-17T16:00:00","guid":{"rendered":"https:\/\/linitiative.ca\/International\/sarkozy-mis-en-examen-pour-association-de-malfaiteurs\/"},"modified":"2020-10-17T12:00:00","modified_gmt":"2020-10-17T16:00:00","slug":"sarkozy-mis-en-examen-pour-association-de-malfaiteurs","status":"publish","type":"post","link":"https:\/\/linitiative.ca\/International\/sarkozy-mis-en-examen-pour-association-de-malfaiteurs\/","title":{"rendered":"Sarkozy mis en examen pour \u00abassociation de malfaiteurs\u00bb"},"content":{"rendered":"<p class=\"p1 c3\"><span class=\"c2\">L\u2019ancien chef de l\u2019\u00c9tat fran\u00e7ais Nicolas Sarkozy a \u00e9t\u00e9 inculp\u00e9 \u00e0 l\u2019issue de quatre jours d\u2019audition pour \u00ab\u00a0association de malfaiteurs\u00a0\u00bb\u00a0dans l\u2019enqu\u00eate sur des soup\u00e7ons de financement libyen de sa campagne pr\u00e9sidentielle en 2007, a-t-on appris hier aupr\u00e8s du Parquet national financier.<\/span><\/p>\n<p class=\"p1 c3\"><span class=\"c2\">Cette nouvelle poursuite\u00a0 est la quatri\u00e8me\u00a0dans ce dossier\u00a0pour Nicolas Sarkozy, qui s\u2019\u00e9tait dit victime d\u2019un \u00ab\u00a0complot\u00a0\u00bb\u00a0apr\u00e8s les inculpations prononc\u00e9es en mars 2018 pour \u00ab\u00a0corruption passive\u00a0\u00bb, \u00ab\u00a0recel de d\u00e9tournement de fonds publics\u00a0\u00bb\u00a0et \u00ab\u00a0financement ill\u00e9gal de campagne\u00a0\u00bb.<\/span><\/p>\n<p class=\"p1 c3\"><span class=\"c2\">\u00c0\u00a0l\u203aissue de quatre jours d\u203aaudition et d\u203aun interrogatoire-fleuve de plus de quarante heures termin\u00e9 lundi soir, Nicolas Sarkozy a \u00e9t\u00e9 mis en examen une nouvelle fois dans ce dossier instruit par les juges d\u203ainstruction Aude Buresi et Marc Sommerer, qui ont succ\u00e9d\u00e9 \u00e0 Serge Tournaire.<\/span><\/p>\n<p class=\"p1 c3\"><span class=\"c2\">Fin janvier, le parquet national financier a d\u00e9cid\u00e9 d\u2019\u00e9largir ses investigations. C\u2019est dans le cadre de ce r\u00e9quisitoire suppl\u00e9tif que les juges en charge de l\u2019enqu\u00eate ont \u00e0 nouveau entendu Nicolas Sarkozy en fin de semaine derni\u00e8re et lundi aussi.\u00a0<\/span><\/p>\n<p class=\"p1 c3\"><span class=\"c2\">L\u2019information, r\u00e9v\u00e9l\u00e9e par Mediapart, a \u00e9t\u00e9 confirm\u00e9e par le Parquet national financier. L\u2019ancien pr\u00e9sident a imm\u00e9diatement r\u00e9agi sur Facebook en estimant son \u00ab\u00a0innocence bafou\u00e9e\u00a0\u00bb. \u00ab\u00a0Chacun voit bien qu\u203ail s\u203aagit d\u203aune d\u00e9cision sans pr\u00e9c\u00e9dent en coh\u00e9rence avec les investigation r\u00e9alis\u00e9es. La proc\u00e9dure suit son cours\u00a0\u00bb\u00a0a pour sa part r\u00e9agi Me Vincent Brengarth, l\u203aavocat de l\u203aassociation anti-corruption Sherpa partie civile dans ce dossier.<\/span><\/p>\n<p class=\"p1 c3\"><span class=\"c2\">Le 31 janvier, les magistrats avaient mis en examen pour \u00ab\u00a0association de malfaiteurs\u00a0\u00bb\u00a0l\u2019un de ses anciens collaborateurs, Thierry Gaubert, soup\u00e7onn\u00e9 d\u2019avoir touch\u00e9 des fonds provenant du r\u00e9gime libyen de Kadhafi qui auraient pu alimenter la campagne de Nicolas Sarkozy.<\/span><\/p>\n<p>Auteur: letemps1<br \/>\n<a href=\"http:\/\/www.letemps.com.tn\/article\/117646\/sarkozy-mis-en-examen-pour-%C2%ABassociation-de-malfaiteurs%C2%BB\">Cliquez ici pour lire l&rsquo;article depuis sa source.<\/a><\/p>\n","protected":false},"excerpt":{"rendered":"<p>L\u2019ancien chef de l\u2019\u00c9tat fran\u00e7ais Nicolas Sarkozy a \u00e9t\u00e9 inculp\u00e9 \u00e0 l\u2019issue de quatre jours d\u2019audition pour \u00ab\u00a0association de malfaiteurs\u00a0\u00bb\u00a0dans l\u2019enqu\u00eate sur des soup\u00e7ons de financement libyen de sa campagne pr\u00e9sidentielle en 2007, a-t-on appris hier aupr\u00e8s du Parquet national financier. Cette nouvelle poursuite\u00a0 est la quatri\u00e8me\u00a0dans ce dossier\u00a0pour Nicolas Sarkozy, qui s\u2019\u00e9tait dit victime [&hellip;]<\/p>\n","protected":false},"author":1773,"featured_media":0,"comment_status":"closed","ping_status":"closed","sticky":false,"template":"","format":"standard","meta":{"fifu_image_url":"","fifu_image_alt":"","footnotes":""},"categories":[73,55],"tags":[],"class_list":["post-101984","post","type-post","status-publish","format-standard","hentry","category-actualite","category-tunisie"],"_links":{"self":[{"href":"https:\/\/linitiative.ca\/International\/wp-json\/wp\/v2\/posts\/101984","targetHints":{"allow":["GET"]}}],"collection":[{"href":"https:\/\/linitiative.ca\/International\/wp-json\/wp\/v2\/posts"}],"about":[{"href":"https:\/\/linitiative.ca\/International\/wp-json\/wp\/v2\/types\/post"}],"author":[{"embeddable":true,"href":"https:\/\/linitiative.ca\/International\/wp-json\/wp\/v2\/users\/1773"}],"replies":[{"embeddable":true,"href":"https:\/\/linitiative.ca\/International\/wp-json\/wp\/v2\/comments?post=101984"}],"version-history":[{"count":0,"href":"https:\/\/linitiative.ca\/International\/wp-json\/wp\/v2\/posts\/101984\/revisions"}],"wp:attachment":[{"href":"https:\/\/linitiative.ca\/International\/wp-json\/wp\/v2\/media?parent=101984"}],"wp:term":[{"taxonomy":"category","embeddable":true,"href":"https:\/\/linitiative.ca\/International\/wp-json\/wp\/v2\/categories?post=101984"},{"taxonomy":"post_tag","embeddable":true,"href":"https:\/\/linitiative.ca\/International\/wp-json\/wp\/v2\/tags?post=101984"}],"curies":[{"name":"wp","href":"https:\/\/api.w.org\/{rel}","templated":true}]}}