{"id":101985,"date":"2020-10-17T12:00:00","date_gmt":"2020-10-17T16:00:00","guid":{"rendered":"https:\/\/linitiative.ca\/International\/badie-aouk-laile-volante-du-wac\/"},"modified":"2020-10-17T12:00:00","modified_gmt":"2020-10-17T16:00:00","slug":"badie-aouk-laile-volante-du-wac","status":"publish","type":"post","link":"https:\/\/linitiative.ca\/International\/badie-aouk-laile-volante-du-wac\/","title":{"rendered":"Badie Aouk, \u00abl\u2019Aile volante\u00bb du WAC !"},"content":{"rendered":"<p class=\"p1 c4\"><span class=\"c3\"><span class=\"c2\"><span class=\"Apple-converted-space\">\u00a0<\/span>Avec sa vitesse, ses passes d\u00e9cisives et ses buts, Badie Aouk du Wydad s&rsquo;est av\u00e9r\u00e9 \u00eatre l&rsquo;un des meilleurs joueurs divertissants de la Ligue marocaine \u00abBotola\u00bb cette saison.<\/span><\/span><\/p>\n<p class=\"p1 c4\"><span class=\"c3\"><span class=\"c2\">L&rsquo;ailier volant (25 ans) est n\u00e9 \u00e0 Agadir o\u00f9 il a jou\u00e9 pour le club local Hassania entre 2014 et 2018. Son talent a attir\u00e9 l&rsquo;attention des g\u00e9ants casablancais du Wydad, o\u00f9 il deviendra l&rsquo;un des acteurs cl\u00e9s du WAC.<\/span><\/span><\/p>\n<p class=\"p1 c4\"><span class=\"c3\"><span class=\"c2\">Aouk est devenu une force mortelle dans les matchs du Wydad que ce soit en \u00abBotola\u00bb ou en Ligue des champions de la CAF, car il a fait la diff\u00e9rence dans les situations les plus difficiles. Sa vitesse et ses techniques de dribble l&rsquo;ont aid\u00e9 \u00e0 cr\u00e9er beaucoup de probl\u00e8mes pour toute opposition, \u00e9tant une \u00e9pine dans la gorge des d\u00e9fenseurs.<\/span><\/span><\/p>\n<p class=\"p1 c4\"><span class=\"c3\"><span class=\"c2\">\u00ab\u00a0C&rsquo;est un joueur jeune et talentueux qui est venu de Hassania apr\u00e8s ses performances exceptionnelles \u00e0 Agadir. Quand Ounajem est parti pour l&rsquo;Egypte Zamalek, Aouk a eu plus d&rsquo;occasions de montrer ses comp\u00e9tences et son talent. Peu \u00e0 peu, il a gagn\u00e9 en confiance, profitant de son unique talent et vitesse \u00bb, a d\u00e9clar\u00e9 le journaliste et analyste de football marocain Mohamed Amine Moutabar.<\/span><\/span><\/p>\n<p class=\"p1 c4\"><span class=\"c3\"><span class=\"c2\"><span class=\"Apple-converted-space\">\u00a0<\/span>Aouk peut afficher ses capacit\u00e9s offensives dans les grands matchs en marquant des buts, en fournissant des passes d\u00e9cisives et en poursuivant des p\u00e9nalit\u00e9s et des coups francs. Chaque fois qu&rsquo;il a le ballon, il essaie de cr\u00e9er des chances de marquer. Les fans du Wydad ont remarqu\u00e9 son travail acharn\u00e9, son engagement et son esprit combatif, principalement apr\u00e8s l&rsquo;arriv\u00e9e de son ancien entra\u00eeneur \u00e0 Hassania, le tacticien argentin Miguel Gamondi qui a \u00e9t\u00e9 nomm\u00e9 superviseur g\u00e9n\u00e9ral du club. Cela a beaucoup aid\u00e9 Aouk \u00e0 \u00eatre un joueur cl\u00e9 et \u00e0 faire la diff\u00e9rence dans de nombreux matchs.<\/span><\/span><\/p>\n<p class=\"p1 c4\"><span class=\"c3\"><span class=\"c2\">\u00ab\u00a0Que ce soit sur l&rsquo;aile droite ou gauche, Aouk fait un excellent travail. Nous pouvons d\u00e9sormais compter sur lui si Ismail El Hadad quitte le club\u00a0\u00bb, a d\u00e9clar\u00e9 Yassine Marousi, un fan d\u00e9vou\u00e9 du Wydad.<\/span><\/span><\/p>\n<p class=\"p1 c4\"><span class=\"c3\"><span class=\"c2\">\u00ab\u00a0R\u00e9cemment, il a contribu\u00e9 \u00e0 la plupart de nos victoires \u00e0 travers ses buts et ses passes d\u00e9cisives. Nous comptons sur lui en Ligue des champions et nous savons que des gens comme lui et El Hadad peuvent mener avec succ\u00e8s notre ligne d&rsquo;attaque\u00a0\u00bb, a ajout\u00e9 Ali Zerhouni, un autre supporter du Wydad. .<\/span><\/span><\/p>\n<p class=\"p1 c4\"><span class=\"c3\"><span class=\"c2\">Lorsque le Wydad divertira le g\u00e9ant \u00e9gyptien Al Ahly lors de la demi-finale aller de la Ligue des champions de la Total CAF 2019-2020 ce week-end, Aouk sera s\u00fbrement leur homme \u00e0 surveiller.<\/span><\/span><\/p>\n<p>Auteur: letemps1<br \/>\n<a href=\"http:\/\/www.letemps.com.tn\/article\/117647\/badie-aouk-%C2%ABl%E2%80%99aile-volante%C2%BB-du-wac\">Cliquez ici pour lire l&rsquo;article depuis sa source.<\/a><\/p>\n","protected":false},"excerpt":{"rendered":"<p>\u00a0Avec sa vitesse, ses passes d\u00e9cisives et ses buts, Badie Aouk du Wydad s&rsquo;est av\u00e9r\u00e9 \u00eatre l&rsquo;un des meilleurs joueurs divertissants de la Ligue marocaine \u00abBotola\u00bb cette saison. L&rsquo;ailier volant (25 ans) est n\u00e9 \u00e0 Agadir o\u00f9 il a jou\u00e9 pour le club local Hassania entre 2014 et 2018. Son talent a attir\u00e9 l&rsquo;attention des [&hellip;]<\/p>\n","protected":false},"author":1773,"featured_media":0,"comment_status":"closed","ping_status":"closed","sticky":false,"template":"","format":"standard","meta":{"fifu_image_url":"","fifu_image_alt":"","footnotes":""},"categories":[73,55],"tags":[],"class_list":["post-101985","post","type-post","status-publish","format-standard","hentry","category-actualite","category-tunisie"],"_links":{"self":[{"href":"https:\/\/linitiative.ca\/International\/wp-json\/wp\/v2\/posts\/101985","targetHints":{"allow":["GET"]}}],"collection":[{"href":"https:\/\/linitiative.ca\/International\/wp-json\/wp\/v2\/posts"}],"about":[{"href":"https:\/\/linitiative.ca\/International\/wp-json\/wp\/v2\/types\/post"}],"author":[{"embeddable":true,"href":"https:\/\/linitiative.ca\/International\/wp-json\/wp\/v2\/users\/1773"}],"replies":[{"embeddable":true,"href":"https:\/\/linitiative.ca\/International\/wp-json\/wp\/v2\/comments?post=101985"}],"version-history":[{"count":0,"href":"https:\/\/linitiative.ca\/International\/wp-json\/wp\/v2\/posts\/101985\/revisions"}],"wp:attachment":[{"href":"https:\/\/linitiative.ca\/International\/wp-json\/wp\/v2\/media?parent=101985"}],"wp:term":[{"taxonomy":"category","embeddable":true,"href":"https:\/\/linitiative.ca\/International\/wp-json\/wp\/v2\/categories?post=101985"},{"taxonomy":"post_tag","embeddable":true,"href":"https:\/\/linitiative.ca\/International\/wp-json\/wp\/v2\/tags?post=101985"}],"curies":[{"name":"wp","href":"https:\/\/api.w.org\/{rel}","templated":true}]}}