{"id":101986,"date":"2020-10-17T12:00:00","date_gmt":"2020-10-17T16:00:00","guid":{"rendered":"https:\/\/linitiative.ca\/International\/mohamed-el-shennawy-lange-gardien-dahly\/"},"modified":"2020-10-17T12:00:00","modified_gmt":"2020-10-17T16:00:00","slug":"mohamed-el-shennawy-lange-gardien-dahly","status":"publish","type":"post","link":"https:\/\/linitiative.ca\/International\/mohamed-el-shennawy-lange-gardien-dahly\/","title":{"rendered":"Mohamed El Shennawy  \u00abL&rsquo;ange gardien\u00bb d&rsquo;Ahly"},"content":{"rendered":"<p class=\"p1 c3\"><span class=\"c2\"><span class=\"Apple-converted-space\">\u00a0<\/span>Pour Al Ahly et le gardien \u00e9gyptien Mohamed El Shenawy, cette saison a \u00e9t\u00e9 m\u00e9morable. Le butoir a consolid\u00e9 sa place en tant que gardien de premier choix de son club et de son pays, il a enfil\u00e9 le brassard du capitaine des Red Devils et a eu des records \u00e0 battre dans le processus.<\/span><\/p>\n<p class=\"p1 c3\"><span class=\"c2\">El Shenawy qui aura 32 ans en d\u00e9cembre prochain a commenc\u00e9 sa carri\u00e8re dans les rangs des jeunes des g\u00e9ants du Caire, avant de partir \u00e0 Talaea el Geish en 2009. Il a fait des s\u00e9jours au Haras El Hodood et Petrojet avant de rejoindre Al Ahly en 2016. Apr\u00e8s un certain temps en tant que gardien de but suppl\u00e9ant, El Shenawy s&rsquo;est impos\u00e9 comme premier choix entre les postes, se m\u00e9ritant une place r\u00e9guli\u00e8re dans l&rsquo;\u00e9quipe nationale \u00e9gyptienne. Il a excell\u00e9 lors de la Coupe du Monde de la FIFA 2018 en Russie, y compris une performance de \u00abl&rsquo;homme du match\u00bb contre l&rsquo;Uruguay en phase de groupes.<\/span><\/p>\n<p class=\"p1 c3\"><span class=\"c2\">Cette saison est sans aucun doute sa meilleure en d\u00e9fendant les Red Devils . El Shenawy a r\u00e9alis\u00e9 un record de Premier League \u00e9gyptienne, gardant une feuille blanche dans 24 des 30 matchs qu&rsquo;il a entam\u00e9s, ne conc\u00e9dant que 8 buts dans le processus. Alors qu&rsquo;Al Ahly remportait son 42e titre de la Ligue et le cinqui\u00e8me cons\u00e9cutif, El Shenawy \u00e9tait consid\u00e9r\u00e9 comme son homme de la saison.<\/span><\/p>\n<p class=\"p1 c3\"><span class=\"c2\"><span class=\"Apple-converted-space\">\u00a0<\/span>\u00abRevenir \u00e0 Ahly en 2016 a \u00e9t\u00e9 le meilleur moment de ma carri\u00e8re\u00bb, a d\u00e9clar\u00e9 El Shenawy. \u00abQuand j&rsquo;ai quitt\u00e9 Al Ahly en 2009, je r\u00eavais de ce moment. Et quand cela est arriv\u00e9, j&rsquo;ai jur\u00e9 de tout donner pour mon c\u00f4t\u00e9 bien-aim\u00e9.<\/span><\/p>\n<p class=\"p1 c3\"><span class=\"c2\">En partant ce week-end de la demi-finale aller de la Ligue des champions de la Total CAF contre le Marocain Wydad ce week-end, El Shenawy esp\u00e8re que ses exploits ne prendront pas fin maintenant. Apr\u00e8s s&rsquo;\u00eatre bless\u00e9 lors d&rsquo;un match de Premier League \u00e9gyptienne il y a quelques semaines, les supporters d&rsquo;Al Ahly ont \u00e9t\u00e9 soulag\u00e9s de le voir de retour et pr\u00eat pour ce match crucial.<\/span><\/p>\n<p class=\"p1 c3\"><span class=\"c2\">\u00ab\u00a0A Ahly, nous jouons toujours pour gagner, quelle que soit la comp\u00e9tition dans laquelle nous sommes. Notre objectif est le titre en Ligue des champions, mais maintenant nous nous concentrons sur le match aller contre le Wydad et ensuite nous pouvons le faire match par match\u00a0\u00bb, a-t-il conclu.<\/span><\/p>\n<p>Auteur: letemps1<br \/>\n<a href=\"http:\/\/www.letemps.com.tn\/article\/117648\/mohamed-el-shennawy-%C2%ABlange-gardien%C2%BB-dahly\">Cliquez ici pour lire l&rsquo;article depuis sa source.<\/a><\/p>\n","protected":false},"excerpt":{"rendered":"<p>\u00a0Pour Al Ahly et le gardien \u00e9gyptien Mohamed El Shenawy, cette saison a \u00e9t\u00e9 m\u00e9morable. Le butoir a consolid\u00e9 sa place en tant que gardien de premier choix de son club et de son pays, il a enfil\u00e9 le brassard du capitaine des Red Devils et a eu des records \u00e0 battre dans le processus. [&hellip;]<\/p>\n","protected":false},"author":1773,"featured_media":0,"comment_status":"closed","ping_status":"closed","sticky":false,"template":"","format":"standard","meta":{"fifu_image_url":"","fifu_image_alt":"","footnotes":""},"categories":[73,55],"tags":[],"class_list":["post-101986","post","type-post","status-publish","format-standard","hentry","category-actualite","category-tunisie"],"_links":{"self":[{"href":"https:\/\/linitiative.ca\/International\/wp-json\/wp\/v2\/posts\/101986","targetHints":{"allow":["GET"]}}],"collection":[{"href":"https:\/\/linitiative.ca\/International\/wp-json\/wp\/v2\/posts"}],"about":[{"href":"https:\/\/linitiative.ca\/International\/wp-json\/wp\/v2\/types\/post"}],"author":[{"embeddable":true,"href":"https:\/\/linitiative.ca\/International\/wp-json\/wp\/v2\/users\/1773"}],"replies":[{"embeddable":true,"href":"https:\/\/linitiative.ca\/International\/wp-json\/wp\/v2\/comments?post=101986"}],"version-history":[{"count":0,"href":"https:\/\/linitiative.ca\/International\/wp-json\/wp\/v2\/posts\/101986\/revisions"}],"wp:attachment":[{"href":"https:\/\/linitiative.ca\/International\/wp-json\/wp\/v2\/media?parent=101986"}],"wp:term":[{"taxonomy":"category","embeddable":true,"href":"https:\/\/linitiative.ca\/International\/wp-json\/wp\/v2\/categories?post=101986"},{"taxonomy":"post_tag","embeddable":true,"href":"https:\/\/linitiative.ca\/International\/wp-json\/wp\/v2\/tags?post=101986"}],"curies":[{"name":"wp","href":"https:\/\/api.w.org\/{rel}","templated":true}]}}