{"id":101987,"date":"2020-10-17T12:00:00","date_gmt":"2020-10-17T16:00:00","guid":{"rendered":"https:\/\/linitiative.ca\/International\/tout-le-staff-et-joueurs-testes-negatifs-excepte-ifa-en-confinement-sanitaire\/"},"modified":"2020-10-17T12:00:00","modified_gmt":"2020-10-17T16:00:00","slug":"tout-le-staff-et-joueurs-testes-negatifs-excepte-ifa-en-confinement-sanitaire","status":"publish","type":"post","link":"https:\/\/linitiative.ca\/International\/tout-le-staff-et-joueurs-testes-negatifs-excepte-ifa-en-confinement-sanitaire\/","title":{"rendered":"Tout le Staff et joueurs test\u00e9s n\u00e9gatifs, except\u00e9 Ifa en confinement sanitaire"},"content":{"rendered":"<p class=\"p1 c3\"><span class=\"c2\">Le Club Africain annonce que des tests de d\u00e9pistages du Covid-19 ont \u00e9t\u00e9 effectu\u00e9s sur l\u2019ensemble du staff de l\u2019\u00e9quipe premi\u00e8re de football, technique, m\u00e9dical, administratif, responsables, accompagnateurs et joueurs, except\u00e9 le d\u00e9fenseur central Bilel Aifa , qui a et\u00e9 test\u00e9 positif mardi dernier et observe actuellement le confinement sanitaire.<\/span><\/p>\n<p class=\"p1 c3\"><span class=\"c2\">Tous les r\u00e9sultats se sont av\u00e9r\u00e9s n\u00e9gatifs pr\u00e9cise le club et le comit\u00e9 directeur s\u2019emploie \u00e0 pr\u00e9parer scrupuleusement toutes les mesures de distanciation physique et l\u2019application du protocole sanitaire, en vue de la reprise des entra\u00eenements dans les meilleures conditions.<\/span><\/p>\n<p class=\"p1 c3\"><span class=\"c2\">La nouvelle saison du championnat de Tunisie de la ligue 1 du football professionnel (2020\/2021) devrait d\u00e9buter les 6, 7 et 8 novembre prochains, rappelle-t-on.<\/span><\/p>\n<p>Auteur: letemps1<br \/>\n<a href=\"http:\/\/www.letemps.com.tn\/article\/117649\/tout-le-staff-et-joueurs-test%C3%A9s-n%C3%A9gatifs-except%C3%A9-ifa-en-confinement-sanitaire\">Cliquez ici pour lire l&rsquo;article depuis sa source.<\/a><\/p>\n","protected":false},"excerpt":{"rendered":"<p>Le Club Africain annonce que des tests de d\u00e9pistages du Covid-19 ont \u00e9t\u00e9 effectu\u00e9s sur l\u2019ensemble du staff de l\u2019\u00e9quipe premi\u00e8re de football, technique, m\u00e9dical, administratif, responsables, accompagnateurs et joueurs, except\u00e9 le d\u00e9fenseur central Bilel Aifa , qui a et\u00e9 test\u00e9 positif mardi dernier et observe actuellement le confinement sanitaire. Tous les r\u00e9sultats se sont [&hellip;]<\/p>\n","protected":false},"author":1773,"featured_media":0,"comment_status":"closed","ping_status":"closed","sticky":false,"template":"","format":"standard","meta":{"fifu_image_url":"","fifu_image_alt":"","footnotes":""},"categories":[73,55],"tags":[],"class_list":["post-101987","post","type-post","status-publish","format-standard","hentry","category-actualite","category-tunisie"],"_links":{"self":[{"href":"https:\/\/linitiative.ca\/International\/wp-json\/wp\/v2\/posts\/101987","targetHints":{"allow":["GET"]}}],"collection":[{"href":"https:\/\/linitiative.ca\/International\/wp-json\/wp\/v2\/posts"}],"about":[{"href":"https:\/\/linitiative.ca\/International\/wp-json\/wp\/v2\/types\/post"}],"author":[{"embeddable":true,"href":"https:\/\/linitiative.ca\/International\/wp-json\/wp\/v2\/users\/1773"}],"replies":[{"embeddable":true,"href":"https:\/\/linitiative.ca\/International\/wp-json\/wp\/v2\/comments?post=101987"}],"version-history":[{"count":0,"href":"https:\/\/linitiative.ca\/International\/wp-json\/wp\/v2\/posts\/101987\/revisions"}],"wp:attachment":[{"href":"https:\/\/linitiative.ca\/International\/wp-json\/wp\/v2\/media?parent=101987"}],"wp:term":[{"taxonomy":"category","embeddable":true,"href":"https:\/\/linitiative.ca\/International\/wp-json\/wp\/v2\/categories?post=101987"},{"taxonomy":"post_tag","embeddable":true,"href":"https:\/\/linitiative.ca\/International\/wp-json\/wp\/v2\/tags?post=101987"}],"curies":[{"name":"wp","href":"https:\/\/api.w.org\/{rel}","templated":true}]}}