{"id":101988,"date":"2020-10-17T12:00:00","date_gmt":"2020-10-17T16:00:00","guid":{"rendered":"https:\/\/linitiative.ca\/International\/lalgerien-merbah-signe-pour-les-setif\/"},"modified":"2020-10-17T12:00:00","modified_gmt":"2020-10-17T16:00:00","slug":"lalgerien-merbah-signe-pour-les-setif","status":"publish","type":"post","link":"https:\/\/linitiative.ca\/International\/lalgerien-merbah-signe-pour-les-setif\/","title":{"rendered":"L\u2019Alg\u00e9rien Merbah signe pour l\u2019ES S\u00e9tif"},"content":{"rendered":"<p class=\"p1 c3\"><span class=\"c2\">Le milieu d\u00e9fensif du CS Chebba, Merbah Messala, va signer un contrat de deux ann\u00e9es pour l\u2019ES S\u00e9tif, entrain\u00e9 par le Tunisien Nabil Kouki,, a annonc\u00e9 jeudi le club de Ligue 1 de football alg\u00e9rienne.<\/span><\/p>\n<p class=\"p1 c3\"><span class=\"c2\">\u00abLa direction de l\u2019ESS a le plaisir de vous informer qu\u2019un accord a \u00e9t\u00e9 trouv\u00e9 avec le joueur du club tunisien CS Chebba, Merbah Messala, pour la signature d\u2019un contrat d\u2019une dur\u00e9e de deux ann\u00e9es. Cette signature interviendra apr\u00e8s la visite m\u00e9dicale et le test PCR de ce jour\u00bb, a \u00e9crit<\/span><\/p>\n<p class=\"p1 c3\"><span class=\"c2\">l\u2019\u00bbAigle noir\u00bb sur les r\u00e9seaux sociaux.<\/span><\/p>\n<p class=\"p1 c3\"><span class=\"c2\">Selon la m\u00eame source, Messala rejoindra ses nouveaux co\u00e9quipiers vendredi \u00e0 Annaba, o\u00f9 l\u2019ESS effectue son stage d\u2019intersaison.<\/span><\/p>\n<p class=\"p1 c3\"><span class=\"c2\">Apr\u00e8s avoir song\u00e9 \u00e0 recruter le Franco-Alg\u00e9rien Rachid A\u00eft-Athmane du CS Sfaxien, l\u2019entra\u00eeneur Nabil Kouki s\u2019est ravis\u00e9 et a jet\u00e9 son d\u00e9volu sur l\u2019ancien joueur de la JS Saoura.<\/span><\/p>\n<p class=\"p1 c3\"><span class=\"c2\">Toutefois, l\u2019op\u00e9ration a \u00e9t\u00e9 compliqu\u00e9e au vu de la situation de Messala avec le CS Chebba, o\u00f9 il \u00e9voluait sur d\u00e9rogation de la F\u00e9d\u00e9ration internationale de football, apr\u00e8s avoir refus\u00e9 d\u2019honorer sa derni\u00e8re ann\u00e9e de contrat avec le club de B\u00e9char.<\/span><\/p>\n<p class=\"p1 c3\"><span class=\"c2\">Il s\u2019\u00e9tait en effet plaint de la JSS \u00e0 qui il r\u00e9clamait dix mois de salaires impay\u00e9s, tandis que cette derni\u00e8re a demand\u00e9 au CS Chebba de payer une importante indemnit\u00e9 pour avoir recrut\u00e9 Messala sans lettre de lib\u00e9ration.<\/span><\/p>\n<p>Auteur: letemps1<br \/>\n<a href=\"http:\/\/www.letemps.com.tn\/article\/117650\/l%E2%80%99alg%C3%A9rien-merbah-signe-pour-l%E2%80%99es-s%C3%A9tif\">Cliquez ici pour lire l&rsquo;article depuis sa source.<\/a><\/p>\n","protected":false},"excerpt":{"rendered":"<p>Le milieu d\u00e9fensif du CS Chebba, Merbah Messala, va signer un contrat de deux ann\u00e9es pour l\u2019ES S\u00e9tif, entrain\u00e9 par le Tunisien Nabil Kouki,, a annonc\u00e9 jeudi le club de Ligue 1 de football alg\u00e9rienne. \u00abLa direction de l\u2019ESS a le plaisir de vous informer qu\u2019un accord a \u00e9t\u00e9 trouv\u00e9 avec le joueur du club [&hellip;]<\/p>\n","protected":false},"author":1773,"featured_media":0,"comment_status":"closed","ping_status":"closed","sticky":false,"template":"","format":"standard","meta":{"fifu_image_url":"","fifu_image_alt":"","footnotes":""},"categories":[73,55],"tags":[],"class_list":["post-101988","post","type-post","status-publish","format-standard","hentry","category-actualite","category-tunisie"],"_links":{"self":[{"href":"https:\/\/linitiative.ca\/International\/wp-json\/wp\/v2\/posts\/101988","targetHints":{"allow":["GET"]}}],"collection":[{"href":"https:\/\/linitiative.ca\/International\/wp-json\/wp\/v2\/posts"}],"about":[{"href":"https:\/\/linitiative.ca\/International\/wp-json\/wp\/v2\/types\/post"}],"author":[{"embeddable":true,"href":"https:\/\/linitiative.ca\/International\/wp-json\/wp\/v2\/users\/1773"}],"replies":[{"embeddable":true,"href":"https:\/\/linitiative.ca\/International\/wp-json\/wp\/v2\/comments?post=101988"}],"version-history":[{"count":0,"href":"https:\/\/linitiative.ca\/International\/wp-json\/wp\/v2\/posts\/101988\/revisions"}],"wp:attachment":[{"href":"https:\/\/linitiative.ca\/International\/wp-json\/wp\/v2\/media?parent=101988"}],"wp:term":[{"taxonomy":"category","embeddable":true,"href":"https:\/\/linitiative.ca\/International\/wp-json\/wp\/v2\/categories?post=101988"},{"taxonomy":"post_tag","embeddable":true,"href":"https:\/\/linitiative.ca\/International\/wp-json\/wp\/v2\/tags?post=101988"}],"curies":[{"name":"wp","href":"https:\/\/api.w.org\/{rel}","templated":true}]}}