{"id":101999,"date":"2020-10-16T20:00:00","date_gmt":"2020-10-17T00:00:00","guid":{"rendered":"https:\/\/linitiative.ca\/International\/fnje-consacrer-letat-de-droit-et-de-justice\/"},"modified":"2020-10-16T20:00:00","modified_gmt":"2020-10-17T00:00:00","slug":"fnje-consacrer-letat-de-droit-et-de-justice","status":"publish","type":"post","link":"https:\/\/linitiative.ca\/International\/fnje-consacrer-letat-de-droit-et-de-justice\/","title":{"rendered":"FNJE : Consacrer l\u2019\u00e9tat de droit et de justice"},"content":{"rendered":"<div class=\"TxArtcile\" readability=\"20\">\n<p>Le pr\u00e9sident du bureau de Constantine de la F\u00e9d\u00e9ration nationale des jeunes entrepreneurs (FNJE), Mustapha Belatr\u00e8che, a appel\u00e9 jeudi dernier les jeunes entrepreneurs \u00e0 une \u00abforte action collective\u00bb afin de r\u00e9ussir le r\u00e9f\u00e9rendum sur le projet d\u2019amendement constitutionnel et de consacrer l\u2019Etat de droit, de justice et des libert\u00e9s. \u00abIl est imp\u00e9ratif de saisir l\u2019opportunit\u00e9 et de contribuer \u00e0 \u00e9difier l\u2019Alg\u00e9rie nouvelle revendiqu\u00e9e\u00bb, a pr\u00e9cis\u00e9 M. Belatr\u00e8che lors d\u2019une rencontre de proximit\u00e9 sur l\u2019amendement de la Constitution, organis\u00e9e \u00e0 l\u2019initiative de la FNJE. \u00abUn int\u00e9r\u00eat particulier est accord\u00e9 aux jeunes dans le cadre du programme du pr\u00e9sident de la R\u00e9publique\u00bb, a-t-il dit, citant la cr\u00e9ation de d\u00e9partements minist\u00e9riels en charge des \u00abpr\u00e9occupations et ambitions\u00bb de cette cat\u00e9gorie de la soci\u00e9t\u00e9. De son c\u00f4t\u00e9, le professeur en sciences politiques de l\u2019universit\u00e9 Salah Boubnider (Constantine 3) a relev\u00e9 la n\u00e9cessit\u00e9 \u00abde voter en masse et en faveur du projet d\u2019amendement constitutionnel, le 1er novembre prochain\u00bb, assurant que ce projet constitue \u00abun tournant d\u00e9cisif dans l\u2019histoire du pays et des jeunes notamment.\u00bb L&rsquo;universitaire a d\u00e9taill\u00e9 que le projet d\u2019amendement constitutionnel \u00abr\u00e9pond aux exigences de l\u2019\u00e9dification d\u2019un Etat moderne et aux aspirations du peuple \u00e0 l\u2019exercice de la v\u00e9ritable d\u00e9mocratie et barre la route \u00e0 toutes les tentatives de manipulations.\u00bb<\/p>\n<\/div>\n<div class=\"ModliArtilUne\">\n<ul>\n<li><strong>Publi\u00e9 dans :<\/strong><\/li>\n<\/ul>\n<\/div>\n<div class=\"MbComIns\" id=\"newcom\" readability=\"5.6940298507463\">\n<h6>DONNEZ VOTRE AVIS<\/h6>\n<p>Il n&rsquo;y a actuellement aucune r\u00e9action \u00e0 cette information. Soyez le premier \u00e0 r\u00e9agir !<\/p>\n<p><a href=\"\" rel=\"#popup\" class=\"login resetbutton\">Identifiez-vous<\/a><a class=\"button\" href=\"https:\/\/elmoudjahid.com\/fr\/inscription\/\"><span>S&rsquo;inscrire<\/span><\/a><\/p>\n<\/div>\n<p>Auteur: elmoudjahid<br \/>\n<a href=\"http:\/\/www.elmoudjahid.com\/fr\/actualites\/160687\">Cliquez ici pour lire l&rsquo;article depuis sa source.<\/a><\/p>\n","protected":false},"excerpt":{"rendered":"<p>Le pr\u00e9sident du bureau de Constantine de la F\u00e9d\u00e9ration nationale des jeunes entrepreneurs (FNJE), Mustapha Belatr\u00e8che, a appel\u00e9 jeudi dernier les jeunes entrepreneurs \u00e0 une \u00abforte action collective\u00bb afin de r\u00e9ussir le r\u00e9f\u00e9rendum sur le projet d\u2019amendement constitutionnel et de consacrer l\u2019Etat de droit, de justice et des libert\u00e9s. \u00abIl est imp\u00e9ratif de saisir l\u2019opportunit\u00e9 [&hellip;]<\/p>\n","protected":false},"author":1744,"featured_media":0,"comment_status":"closed","ping_status":"closed","sticky":false,"template":"","format":"standard","meta":{"fifu_image_url":"","fifu_image_alt":"","footnotes":""},"categories":[73,53],"tags":[],"class_list":["post-101999","post","type-post","status-publish","format-standard","hentry","category-actualite","category-algerie"],"_links":{"self":[{"href":"https:\/\/linitiative.ca\/International\/wp-json\/wp\/v2\/posts\/101999","targetHints":{"allow":["GET"]}}],"collection":[{"href":"https:\/\/linitiative.ca\/International\/wp-json\/wp\/v2\/posts"}],"about":[{"href":"https:\/\/linitiative.ca\/International\/wp-json\/wp\/v2\/types\/post"}],"author":[{"embeddable":true,"href":"https:\/\/linitiative.ca\/International\/wp-json\/wp\/v2\/users\/1744"}],"replies":[{"embeddable":true,"href":"https:\/\/linitiative.ca\/International\/wp-json\/wp\/v2\/comments?post=101999"}],"version-history":[{"count":0,"href":"https:\/\/linitiative.ca\/International\/wp-json\/wp\/v2\/posts\/101999\/revisions"}],"wp:attachment":[{"href":"https:\/\/linitiative.ca\/International\/wp-json\/wp\/v2\/media?parent=101999"}],"wp:term":[{"taxonomy":"category","embeddable":true,"href":"https:\/\/linitiative.ca\/International\/wp-json\/wp\/v2\/categories?post=101999"},{"taxonomy":"post_tag","embeddable":true,"href":"https:\/\/linitiative.ca\/International\/wp-json\/wp\/v2\/tags?post=101999"}],"curies":[{"name":"wp","href":"https:\/\/api.w.org\/{rel}","templated":true}]}}