{"id":102000,"date":"2020-10-16T20:00:00","date_gmt":"2020-10-17T00:00:00","guid":{"rendered":"https:\/\/linitiative.ca\/International\/mouvement-el-islah-la-teneur-du-texte-amende-suscite-un-interet-populaire\/"},"modified":"2020-10-16T20:00:00","modified_gmt":"2020-10-17T00:00:00","slug":"mouvement-el-islah-la-teneur-du-texte-amende-suscite-un-interet-populaire","status":"publish","type":"post","link":"https:\/\/linitiative.ca\/International\/mouvement-el-islah-la-teneur-du-texte-amende-suscite-un-interet-populaire\/","title":{"rendered":"Mouvement el-islah : La teneur du texte amend\u00e9 suscite un int\u00e9r\u00eat populaire"},"content":{"rendered":"<div class=\"TxArtcile\" readability=\"22\">\n<p>Le pr\u00e9sident du Mouvement El-Islah, Filali Ghouini, a indiqu\u00e9 jeudi dernier \u00e0 Alger avoir per\u00e7u un \u00abint\u00e9r\u00eat populaire\u00bb pour la teneur du projet d\u2019amendement de la Constitution soumis \u00e0 un r\u00e9f\u00e9rendum populaire le 1er novembre prochain. Animant une conf\u00e9rence de presse au si\u00e8ge du parti au terme de la premi\u00e8re semaine de campagne r\u00e9f\u00e9rendaire sur le projet d&rsquo;amendement constitutionnel dans les wilayas du centre, M. Ghouini a pr\u00e9cis\u00e9 avoir per\u00e7u un \u00abint\u00e9r\u00eat populaire pour la teneur de cet amendement et les changements concrets qu&rsquo;il apportera pour l\u2019Etat et la soci\u00e9t\u00e9\u00bb.<br \/>Il a fait savoir que sa formation politique a abord\u00e9 hier la deuxi\u00e8me semaine de campagne, cette fois dans les wilayas de l\u2019ouest du pays, pour aller \u00e0 la rencontre des citoyens au niveau de la base et r\u00e9pondre \u00e0 leurs interrogations, notamment concernant \u00ables rumeurs relay\u00e9es via des plate-formes \u00e0 dessein de tromper l\u2019opinion publique au sujet de la question de l&rsquo;identit\u00e9, du d\u00e9veloppement local et de la place de l&rsquo;islam\u00bb.<br \/>Affirmant que le mouvement El-Islah \u00abse tient \u00e0 l&rsquo;\u00e9cart des surench\u00e8res de la sc\u00e8ne politique\u00bb, il a assur\u00e9 qu&rsquo;il avait fait \u00able choix de s&rsquo;en remettre \u00e0 la l\u00e9galit\u00e9 constitutionnelle et \u00e0 la volont\u00e9 populaire\u00bb.<br \/>M. Ghouini a estim\u00e9, par ailleurs, que le pays avait franchi depuis l\u2019\u00e9lection pr\u00e9sidentielle du 12 d\u00e9cembre 2019, \u00abdes pas consid\u00e9rables\u00bb en mati\u00e8re de r\u00e9formes politiques, juridiques et sociales et en termes d&rsquo;acc\u00e8s de jeunes comp\u00e9tences aux postes de responsabilit\u00e9.<\/p>\n<\/div>\n<div class=\"ModliArtilUne\">\n<ul>\n<li><strong>Publi\u00e9 dans :<\/strong><\/li>\n<\/ul>\n<\/div>\n<div class=\"MbComIns\" id=\"newcom\" readability=\"5.6940298507463\">\n<h6>DONNEZ VOTRE AVIS<\/h6>\n<p>Il n&rsquo;y a actuellement aucune r\u00e9action \u00e0 cette information. Soyez le premier \u00e0 r\u00e9agir !<\/p>\n<p><a href=\"\" rel=\"#popup\" class=\"login resetbutton\">Identifiez-vous<\/a><a class=\"button\" href=\"https:\/\/elmoudjahid.com\/fr\/inscription\/\"><span>S&rsquo;inscrire<\/span><\/a><\/p>\n<\/div>\n<p>Auteur: elmoudjahid<br \/>\n<a href=\"http:\/\/www.elmoudjahid.com\/fr\/actualites\/160688\">Cliquez ici pour lire l&rsquo;article depuis sa source.<\/a><\/p>\n","protected":false},"excerpt":{"rendered":"<p>Le pr\u00e9sident du Mouvement El-Islah, Filali Ghouini, a indiqu\u00e9 jeudi dernier \u00e0 Alger avoir per\u00e7u un \u00abint\u00e9r\u00eat populaire\u00bb pour la teneur du projet d\u2019amendement de la Constitution soumis \u00e0 un r\u00e9f\u00e9rendum populaire le 1er novembre prochain. Animant une conf\u00e9rence de presse au si\u00e8ge du parti au terme de la premi\u00e8re semaine de campagne r\u00e9f\u00e9rendaire sur [&hellip;]<\/p>\n","protected":false},"author":1744,"featured_media":0,"comment_status":"closed","ping_status":"closed","sticky":false,"template":"","format":"standard","meta":{"fifu_image_url":"","fifu_image_alt":"","footnotes":""},"categories":[73,53],"tags":[],"class_list":["post-102000","post","type-post","status-publish","format-standard","hentry","category-actualite","category-algerie"],"_links":{"self":[{"href":"https:\/\/linitiative.ca\/International\/wp-json\/wp\/v2\/posts\/102000","targetHints":{"allow":["GET"]}}],"collection":[{"href":"https:\/\/linitiative.ca\/International\/wp-json\/wp\/v2\/posts"}],"about":[{"href":"https:\/\/linitiative.ca\/International\/wp-json\/wp\/v2\/types\/post"}],"author":[{"embeddable":true,"href":"https:\/\/linitiative.ca\/International\/wp-json\/wp\/v2\/users\/1744"}],"replies":[{"embeddable":true,"href":"https:\/\/linitiative.ca\/International\/wp-json\/wp\/v2\/comments?post=102000"}],"version-history":[{"count":0,"href":"https:\/\/linitiative.ca\/International\/wp-json\/wp\/v2\/posts\/102000\/revisions"}],"wp:attachment":[{"href":"https:\/\/linitiative.ca\/International\/wp-json\/wp\/v2\/media?parent=102000"}],"wp:term":[{"taxonomy":"category","embeddable":true,"href":"https:\/\/linitiative.ca\/International\/wp-json\/wp\/v2\/categories?post=102000"},{"taxonomy":"post_tag","embeddable":true,"href":"https:\/\/linitiative.ca\/International\/wp-json\/wp\/v2\/tags?post=102000"}],"curies":[{"name":"wp","href":"https:\/\/api.w.org\/{rel}","templated":true}]}}