{"id":102001,"date":"2020-10-16T20:00:00","date_gmt":"2020-10-17T00:00:00","guid":{"rendered":"https:\/\/linitiative.ca\/International\/conference-nationale-sur-la-femme-rurale-promouvoir-la-creativite-feminine\/"},"modified":"2020-10-16T20:00:00","modified_gmt":"2020-10-17T00:00:00","slug":"conference-nationale-sur-la-femme-rurale-promouvoir-la-creativite-feminine","status":"publish","type":"post","link":"https:\/\/linitiative.ca\/International\/conference-nationale-sur-la-femme-rurale-promouvoir-la-creativite-feminine\/","title":{"rendered":"Conf\u00e9rence  nationale sur  la femme rurale : Promouvoir  la cr\u00e9ativit\u00e9  f\u00e9minine"},"content":{"rendered":"<div class=\"TxArtcile\" readability=\"36\">\n<p>Dans une allocution prononc\u00e9e jeudi dernier au CIC, \u00e0 l\u2019ouverture des travaux de la Conf\u00e9rence nationale sur \u2018\u2018La femme rurale dans le monde de l\u2019entrepreneuriat : horizon 2030\u2019\u2019,\u00a0 Sabri Boukadoum rappelle que notre pays avait ratifi\u00e9 la majorit\u00e9 des conventions et accords internationaux relatifs \u00e0 la promotion et \u00e0 la protection des droits des femmes et cite, \u00e0 titre illustratif, la Convention internationale sur l&rsquo;\u00e9limination de toutes les formes de discrimination \u00e0 l&rsquo;\u00e9gard des femmes, la Convention internationale sur les droits politiques de la femme et les droits de la femme en Afrique attach\u00e9e \u00e0 la Charte africaine des droits de l&rsquo;homme et des peuples. Soulignant les efforts consentis par l\u2019Etat dans la promotion des droits de la femme, il dira que l\u2019Alg\u00e9rie a enregistr\u00e9 des \u00abprogr\u00e8s consid\u00e9rables\u00bb pour impliquer la femme et lui donner \u00abson droit \u00e0 une participation politique effective\u00bb \u00e0 travers l\u2019acc\u00e8s\u00a0 aux hautes fonctions et aux postes politiques, ce qui a permis\u00a0 de se hisser au 30e rang des pays en termes de repr\u00e9sentation des femmes au niveau parlementaire \u00e0 l\u2019\u00e9chelle internationale. \u00abC\u2019est aussi une reconnaissance du r\u00f4le effectif de la femme alg\u00e9rienne pendant la guerre de Lib\u00e9ration nationale et son r\u00f4le apr\u00e8s l&rsquo;ind\u00e9pendance\u00bb.<br \/>Pour le chef de la diplomatie, c&rsquo;est une preuve concr\u00e8te des efforts d\u00e9ploy\u00e9s par l&rsquo;\u00c9tat pour parvenir \u00e0 l&rsquo;\u00e9galit\u00e9 entre les hommes et les femmes et ouvrir les champs \u00e0 la femme pour assurer sa promotion au sein de la soci\u00e9t\u00e9, relevant l\u2019attachement de l&rsquo;Alg\u00e9rie \u00e0 instaurer la paix et la s\u00e9curit\u00e9 avec la participation active des femmes. \u00abC\u2019est un objectif sensible qui se concr\u00e9tise gr\u00e2ce \u00e0 un travail constructif dans tous les domaines politique, \u00e9conomique, social et culturel\u00bb.<br \/>A cet \u00e9gard, il notera que la participation de la femme et son implication dans le monde\u00a0 \u00e9conomique, plus particuli\u00e8rement dans le domaine de l\u2019entrepreneuriat, constituent\u00a0 un \u00abobjectif axial\u00bb de l&rsquo;Etat, d&rsquo;autant plus que le pr\u00e9sident de la R\u00e9publique, a-t-il poursuivi, s&rsquo;est engag\u00e9 \u00e0 mettre en place les m\u00e9canismes n\u00e9cessaires pour renforcer l&rsquo;initiative f\u00e9minine et promouvoir les activit\u00e9s des femmes, notamment dans les zones rurales et recul\u00e9es. \u00abC\u2019est ce que le gouvernement alg\u00e9rien s\u2019emploie \u00e0 r\u00e9aliser \u00e0 travers les programmes \u00e9tablis dans ce cadre pour soutenir la femme rurale dans le monde entrepreneurial \u00e0 travers les formation et le renforcement des capacit\u00e9s dans ce domaine en introduisant des normes internationales lui permettant de prendre sa place sur le march\u00e9 pour booster l&rsquo;\u00e9conomie locale et nationale avec la possibilit\u00e9 d\u2019acc\u00e9der au march\u00e9 international\u00bb, a soutenu le ministre des AE, qui r\u00e9it\u00e8re l\u2019engagement de l\u2019Alg\u00e9rie pour atteindre les Objectifs de d\u00e9veloppement durable des Nations Unies (ODD). Il s\u2019agit, notamment, de l&rsquo;\u00e9radication de la pauvret\u00e9 sous toutes ses formes et partout dans le monde, de l\u2019\u00e9radication de la famine, d&rsquo;assurer la s\u00e9curit\u00e9 alimentaire, d&rsquo;am\u00e9liorer la nutrition et de d\u00e9velopper une agriculture durable. Il est question \u00e9galement d&rsquo;atteindre l\u2019\u00e9galit\u00e9 des sexes et l\u2019autonomisation de la femme et d\u2019un travail permanent en faveur de la croissance \u00e9conomique. \u00a0<br \/>Evoquant cette rencontre, Boukadoum a relev\u00e9 son importance et affirm\u00e9 qu\u2019elle constitue une belle occasion pour mettre en lumi\u00e8re la r\u00e9alit\u00e9 de la femme rurale dans le domaine de l&rsquo;entrepreneuriat en vue de sortir avec\u00a0 des recommandations susceptibles de mettre en place des strat\u00e9gies appropri\u00e9es\u00a0 pour le renforcement des actions et\u00a0 programmes nationaux visant \u00e0 consolider une culture bas\u00e9e sur la lutte contre toutes les formes d&rsquo;exclusion et de marginalisation. \u00abCe qui permettra une meilleure participation de la femme dans la\u00a0 r\u00e9alisation du d\u00e9veloppement durable. Un objectif trac\u00e9 par l&rsquo;\u00c9tat alg\u00e9rien\u00a0 dans le cadre de l\u2019adoption de l\u2019agenda des Nations unies pour le d\u00e9veloppement durable \u00e0 l\u2019horizon 2030 et de l\u2019agenda de l\u2019Afrique 2063\u00bb.<br \/>\u00a0\u00a0 \u00a0Kam\u00e9lia Hadjib<\/p>\n<\/div>\n<div class=\"ModliArtilUne\">\n<ul>\n<li><strong>Publi\u00e9 dans :<\/strong><\/li>\n<\/ul>\n<\/div>\n<div class=\"MbComIns\" id=\"newcom\" readability=\"5.6940298507463\">\n<h6>DONNEZ VOTRE AVIS<\/h6>\n<p>Il n&rsquo;y a actuellement aucune r\u00e9action \u00e0 cette information. Soyez le premier \u00e0 r\u00e9agir !<\/p>\n<p><a href=\"\" rel=\"#popup\" class=\"login resetbutton\">Identifiez-vous<\/a><a class=\"button\" href=\"https:\/\/elmoudjahid.com\/fr\/inscription\/\"><span>S&rsquo;inscrire<\/span><\/a><\/p>\n<\/div>\n<p>Auteur: elmoudjahid<br \/>\n<a href=\"http:\/\/www.elmoudjahid.com\/fr\/actualites\/160689\">Cliquez ici pour lire l&rsquo;article depuis sa source.<\/a><\/p>\n","protected":false},"excerpt":{"rendered":"<p>Dans une allocution prononc\u00e9e jeudi dernier au CIC, \u00e0 l\u2019ouverture des travaux de la Conf\u00e9rence nationale sur \u2018\u2018La femme rurale dans le monde de l\u2019entrepreneuriat : horizon 2030\u2019\u2019,\u00a0 Sabri Boukadoum rappelle que notre pays avait ratifi\u00e9 la majorit\u00e9 des conventions et accords internationaux relatifs \u00e0 la promotion et \u00e0 la protection des droits des femmes [&hellip;]<\/p>\n","protected":false},"author":1744,"featured_media":0,"comment_status":"closed","ping_status":"closed","sticky":false,"template":"","format":"standard","meta":{"fifu_image_url":"","fifu_image_alt":"","footnotes":""},"categories":[73,53],"tags":[],"class_list":["post-102001","post","type-post","status-publish","format-standard","hentry","category-actualite","category-algerie"],"_links":{"self":[{"href":"https:\/\/linitiative.ca\/International\/wp-json\/wp\/v2\/posts\/102001","targetHints":{"allow":["GET"]}}],"collection":[{"href":"https:\/\/linitiative.ca\/International\/wp-json\/wp\/v2\/posts"}],"about":[{"href":"https:\/\/linitiative.ca\/International\/wp-json\/wp\/v2\/types\/post"}],"author":[{"embeddable":true,"href":"https:\/\/linitiative.ca\/International\/wp-json\/wp\/v2\/users\/1744"}],"replies":[{"embeddable":true,"href":"https:\/\/linitiative.ca\/International\/wp-json\/wp\/v2\/comments?post=102001"}],"version-history":[{"count":0,"href":"https:\/\/linitiative.ca\/International\/wp-json\/wp\/v2\/posts\/102001\/revisions"}],"wp:attachment":[{"href":"https:\/\/linitiative.ca\/International\/wp-json\/wp\/v2\/media?parent=102001"}],"wp:term":[{"taxonomy":"category","embeddable":true,"href":"https:\/\/linitiative.ca\/International\/wp-json\/wp\/v2\/categories?post=102001"},{"taxonomy":"post_tag","embeddable":true,"href":"https:\/\/linitiative.ca\/International\/wp-json\/wp\/v2\/tags?post=102001"}],"curies":[{"name":"wp","href":"https:\/\/api.w.org\/{rel}","templated":true}]}}