{"id":102003,"date":"2020-10-16T20:00:00","date_gmt":"2020-10-17T00:00:00","guid":{"rendered":"https:\/\/linitiative.ca\/International\/mme-krikou-ministre-de-la-solidarite-nationale-de-la-famille-et-de-la-condition-de-la-femme-promouvoir-la-creativite-feminine\/"},"modified":"2020-10-16T20:00:00","modified_gmt":"2020-10-17T00:00:00","slug":"mme-krikou-ministre-de-la-solidarite-nationale-de-la-famille-et-de-la-condition-de-la-femme-promouvoir-la-creativite-feminine","status":"publish","type":"post","link":"https:\/\/linitiative.ca\/International\/mme-krikou-ministre-de-la-solidarite-nationale-de-la-famille-et-de-la-condition-de-la-femme-promouvoir-la-creativite-feminine\/","title":{"rendered":"Mme Krikou, ministre de la Solidarit\u00e9 nationale, de la famille et de la condition de la femme :  \u00abPromouvoir la cr\u00e9ativit\u00e9 f\u00e9minine\u00bb"},"content":{"rendered":"<div class=\"TxArtcile\" readability=\"40\">\n<p>La ministre de la Solidarit\u00e9 nationale, de la Famille et de la Condition de la femme estime que l\u2019autonomisation et le renforcement des droits de la femme alg\u00e9rienne entrent dans le cadre d\u2019une strat\u00e9gie souveraine engag\u00e9e par le pr\u00e9sident de la R\u00e9publique dans son programme \u00e9lectoral. \u00abCette strat\u00e9gie d\u00e9coule de la conviction de M. Tebboune de la n\u00e9cessit\u00e9 de renforcer les capacit\u00e9s de celles qui repr\u00e9sentent la moiti\u00e9 de la soci\u00e9t\u00e9\u00bb, a soulign\u00e9 Mme Kaoutar Krikou \u00e0 la conf\u00e9rence nationale sur la femme rurale dans le monde de l\u2019entrepreneuriat, organis\u00e9e par son d\u00e9partement minist\u00e9riel, en collaboration avec le Programme des Nations Unies pour le D\u00e9veloppement (PNUD).<br \/>A ses yeux, cette d\u00e9marche constitue un axe principal du plan d&rsquo;action du gouvernement qui se concr\u00e9tise aujourd\u2019hui et dont les acquis peuvent \u00eatre confort\u00e9s, le 1er novembre prochain, si le peuple alg\u00e9rien vote \u2018\u2018Oui\u2019\u2019 pour une nouvelle Constitution, par l\u2019adoption des m\u00e9canismes visant \u00e0 soutenir le changement radical pour l\u2019\u00e9dification d\u2019une Alg\u00e9rie nouvelle. \u00abIl s\u2019agit notamment des dispositions li\u00e9es \u00e0 la parit\u00e9 dans le domaine du travail, l&rsquo;\u00e9largissement de la repr\u00e9sentativit\u00e9 parlementaire des femmes et la promotion et le renforcement des droits de la femme dans les quatre coins de l\u2019Alg\u00e9rie\u00bb, a-t-elle not\u00e9. La ministre rappelle dans ce contexte les diff\u00e9rents m\u00e9canismes de soutien propos\u00e9s par l&rsquo;Etat pour assurer l\u2019accompagnement des femmes, notamment \u00e0 travers l&rsquo;Agence nationale de gestion du micro-cr\u00e9dit (ANGEM), la Caisse nationale d&rsquo;assurances ch\u00f4mage (CNAC), l&rsquo;Agence nationale de soutien \u00e0 l&#8217;emploi des jeunes (ANSEJ), et tout r\u00e9cemment la cr\u00e9ation du Fonds national pour le financement des start-up.<br \/>\u00abCes m\u00e9canismes ont permis l&rsquo;encadrement des activit\u00e9s de la femme entrepreneure, particuli\u00e8rement la femme rurale, par l&rsquo;accompagnement, la formation et le soutien avec un taux de 64% de l&rsquo;ensemble des cr\u00e9dits de l&rsquo;ANGEM, dont 32% ont \u00e9t\u00e9 attribu\u00e9s \u00e0 la femme rurale\u00bb, a-t-elle r\u00e9v\u00e9l\u00e9, ajoutant que les activit\u00e9s des b\u00e9n\u00e9ficiaires du cr\u00e9dit de l&rsquo;ANGEM concernent 12,5 % pour le domaine agricole, 42,5 % pour les micro-entreprises, 35 % les\u00a0 m\u00e9tiers et 9,47 % les services. Ceci repr\u00e9sente 10% de l\u2019ensemble des cr\u00e9dits octroy\u00e9s par l&rsquo;ANGEM. Mme Krikou ne manquera pas de mettre en avant la volont\u00e9 et les capacit\u00e9s de la femme rurale d&rsquo;acc\u00e9der, selon les normes internationales, aux march\u00e9s internationaux et de promouvoir sa cr\u00e9ativit\u00e9, dans l\u2019optique d\u2019atteindre les Objectifs du d\u00e9veloppement durable \u00e0 l\u2019horizon 2030. \u00a0<br \/>\u00abNous avons la ferme conviction des capacit\u00e9s et des comp\u00e9tences des femmes alg\u00e9riennes, en particulier les femmes rurales\u00bb, s\u2019est-elle f\u00e9licit\u00e9 tout en relevant \u00abl\u2019engagement de l\u2019Etat\u00bb \u00e0 \u0153uvrer pour le renforcement de leur position dans la sph\u00e8re \u00e9conomique afin de leur permettre l\u2019acc\u00e8s aux march\u00e9s internationaux.<br \/>K. H.<\/p>\n<\/div>\n<div class=\"ModliArtilUne\">\n<ul>\n<li><strong>Publi\u00e9 dans :<\/strong><\/li>\n<\/ul>\n<\/div>\n<div class=\"MbComIns\" id=\"newcom\" readability=\"5.6940298507463\">\n<h6>DONNEZ VOTRE AVIS<\/h6>\n<p>Il n&rsquo;y a actuellement aucune r\u00e9action \u00e0 cette information. Soyez le premier \u00e0 r\u00e9agir !<\/p>\n<p><a href=\"\" rel=\"#popup\" class=\"login resetbutton\">Identifiez-vous<\/a><a class=\"button\" href=\"https:\/\/elmoudjahid.com\/fr\/inscription\/\"><span>S&rsquo;inscrire<\/span><\/a><\/p>\n<\/div>\n<p>Auteur: elmoudjahid<br \/>\n<a href=\"http:\/\/www.elmoudjahid.com\/fr\/actualites\/160691\">Cliquez ici pour lire l&rsquo;article depuis sa source.<\/a><\/p>\n","protected":false},"excerpt":{"rendered":"<p>La ministre de la Solidarit\u00e9 nationale, de la Famille et de la Condition de la femme estime que l\u2019autonomisation et le renforcement des droits de la femme alg\u00e9rienne entrent dans le cadre d\u2019une strat\u00e9gie souveraine engag\u00e9e par le pr\u00e9sident de la R\u00e9publique dans son programme \u00e9lectoral. \u00abCette strat\u00e9gie d\u00e9coule de la conviction de M. Tebboune [&hellip;]<\/p>\n","protected":false},"author":1744,"featured_media":0,"comment_status":"closed","ping_status":"closed","sticky":false,"template":"","format":"standard","meta":{"fifu_image_url":"","fifu_image_alt":"","footnotes":""},"categories":[73,53],"tags":[],"class_list":["post-102003","post","type-post","status-publish","format-standard","hentry","category-actualite","category-algerie"],"_links":{"self":[{"href":"https:\/\/linitiative.ca\/International\/wp-json\/wp\/v2\/posts\/102003","targetHints":{"allow":["GET"]}}],"collection":[{"href":"https:\/\/linitiative.ca\/International\/wp-json\/wp\/v2\/posts"}],"about":[{"href":"https:\/\/linitiative.ca\/International\/wp-json\/wp\/v2\/types\/post"}],"author":[{"embeddable":true,"href":"https:\/\/linitiative.ca\/International\/wp-json\/wp\/v2\/users\/1744"}],"replies":[{"embeddable":true,"href":"https:\/\/linitiative.ca\/International\/wp-json\/wp\/v2\/comments?post=102003"}],"version-history":[{"count":0,"href":"https:\/\/linitiative.ca\/International\/wp-json\/wp\/v2\/posts\/102003\/revisions"}],"wp:attachment":[{"href":"https:\/\/linitiative.ca\/International\/wp-json\/wp\/v2\/media?parent=102003"}],"wp:term":[{"taxonomy":"category","embeddable":true,"href":"https:\/\/linitiative.ca\/International\/wp-json\/wp\/v2\/categories?post=102003"},{"taxonomy":"post_tag","embeddable":true,"href":"https:\/\/linitiative.ca\/International\/wp-json\/wp\/v2\/tags?post=102003"}],"curies":[{"name":"wp","href":"https:\/\/api.w.org\/{rel}","templated":true}]}}