{"id":102011,"date":"2020-10-17T04:00:00","date_gmt":"2020-10-17T08:00:00","guid":{"rendered":"https:\/\/linitiative.ca\/International\/dar-dhiafa-de-carthage-lincubateur-des-gouvernements-album-photos\/"},"modified":"2020-10-17T04:00:00","modified_gmt":"2020-10-17T08:00:00","slug":"dar-dhiafa-de-carthage-lincubateur-des-gouvernements-album-photos","status":"publish","type":"post","link":"https:\/\/linitiative.ca\/International\/dar-dhiafa-de-carthage-lincubateur-des-gouvernements-album-photos\/","title":{"rendered":"Dar Dhiafa de Carthage: L\u2019incubateur des gouvernements (Album photos)"},"content":{"rendered":"<p class=\"c2\"><strong>Convertie en haut lieu de pouvoir, d\u00e8s qu\u2019il s\u2019agit d\u2019une nouvelle gestation de gouvernements successifs, Dar Dhiafa abrite les consultations les plus d\u00e9terminantes. Ses lettres de noblesse post-2010, elle les a acquises d\u00e8s 2012. Nomm\u00e9 chef de gouvernement fin d\u00e9cembre 2011, Hamadi Jebali n\u2019y avait pas men\u00e9 ses conciliabules pour la formation de son \u00e9quipe sous la Tro\u00efka. A l\u2019\u00e9poque, le Pr\u00e9sident Fouad Mebazaa officiait par int\u00e9rim \u00e0 Carthage et le Premier ministre, B\u00e9ji Ca\u00efd Essebsi, ne quittait pas la Kasbah. Tous deux connaissaient bien Dar Dhiafa depuis leur mise en selle, \u00e0 l\u2019aube de l\u2019ind\u00e9pendance, par Bourguiba. Surtout sous H\u00e9di Nouira, qui habitait \u00e0 quelques encablures et aimait y tenir certaines r\u00e9unions ou organiser des d\u00eeners officiels.<\/strong><\/p>\n<p class=\"c3\">Ce petit bijou n\u2019\u00e9tait pas encore d\u00e9couvert par les futurs gouvernants. Les dirigeants d\u2019Ennahdha, d\u2019Ettakatol et du CPR, vainqueurs des \u00e9lections du 23 octobre pour la Constituante, se r\u00e9unissaient d\u00e8s fin octobre 2011, ici et l\u00e0, quasiment en secret, n\u00e9gociant sans cesse la r\u00e9partition des pouvoirs et des portefeuilles. Marzouki avait choisi Carthage, Ben Jafaar, le perchoir du Bardo, et Jebali, la Kasbah.<\/p>\n<p class=\"c4\"><img decoding=\"async\" src=\"\/uploads\/FCK_files\/Dar-Diafa-1.jpg\" width=\"100%\" vspace=\"5\" hspace=\"5\" align=\"middle\" alt=\"\"\/><\/p>\n<p class=\"c3\"><span class=\"c6\"><span class=\"c5\"><strong>Le charme d\u2019un petit palais<\/strong><\/span><\/span><\/p>\n<p class=\"c3\">Une fois en selle, Hamadi Jebali, qui avait fait le tour du propri\u00e9taire, accompagn\u00e9 de Samir Dilou, tombera sous le charme de Dar Dhiafa. En arrivant \u00e0 Carthage, contournant le chapiteau vers La Goulette, il suffit de prendre la premi\u00e8re rue \u00e0 gauche, Sophonisbe, pour tomber sur l\u2019H\u00f4tel de Ville. A droite, c\u2019est la rue Septime Severe, en plein parc arch\u00e9ologique, dans la zone du palais beylical o\u00f9 s\u2019est \u00e9tablie l\u2019acad\u00e9mie Be\u00eft al-Hikma. Un cadre magnifique, dans une zone r\u00e9sidentielle de villas hupp\u00e9es appartenant \u00e0 de grandes familles tunisiennes ou lou\u00e9es par des ambassades \u00e9trang\u00e8res.<\/p>\n<p class=\"c4\"><img decoding=\"async\" src=\"\/uploads\/FCK_files\/Dar-Diafa-2.jpg\" width=\"100%\" vspace=\"5\" hspace=\"5\" align=\"middle\" alt=\"\"\/><\/p>\n<p class=\"c3\">Aux multiples attraits de Dar Dhiafa s\u2019ajoute sa proximit\u00e9, au coin de la rue, de la r\u00e9sidence d\u2019Etat, mise \u00e0 la disposition de Jebali, rue Dag Hammarskj\u00f6ld, pour l\u2019h\u00e9berger avec sa famille. Une belle villa, reprise \u00e0 des Fran\u00e7ais au lendemain de l\u2019ind\u00e9pendance, occup\u00e9e pour la premi\u00e8re fois par Mansour Moalla, puis acquise par la Banque centrale de Tunisie, sous H\u00e9di Nouira. Ben Ali la d\u00e9diera \u00e0 l\u2019association Basma, fond\u00e9e par son \u00e9pouse, qui en fera son si\u00e8ge. Elle \u00e9tait mitoyenne d\u2019une autre villa, discr\u00e8te, dot\u00e9e de bureaux de travail et de salles de r\u00e9union, servant \u00e9galement pour les \u00e9quipes de s\u00e9curit\u00e9. Locataire des lieux, Mehdi Jomaa y recevra en mars 2014 l\u2019ancienne secr\u00e9taire d\u2019Etat am\u00e9ricaine, Madeleine Albright, en visite \u00e0 Tunis en tant que dirigeante d\u2019une ONG.<\/p>\n<p class=\"c3\"><span class=\"c6\"><span class=\"c5\"><strong>En toute discr\u00e9tion<\/strong><\/span><\/span><\/p>\n<p class=\"c3\">Jebali jettera son d\u00e9volu sur Dar Dhiafa qui se pr\u00eate bien aux activit\u00e9s d\u2019un chef de gouvernement et de son prestige. Ce petit bijou architectural, construit dans un style marocain, comme nous l\u2019explique l\u2019historien \u00e9rudit Mohamed El Aziz Ben Achour, comprend, dans sa premi\u00e8re partie autour d\u2019un vaste patio, une s\u00e9rie de bureaux et salons. G\u00e9n\u00e9ralement, le chef du gouvernement ou celui qui postule \u00e0 ce poste occupe le bureau du coin gauche, ou du milieu. Des salons lui permettent d\u2019alterner les audiences en toute discr\u00e9tion, la r\u00e8gle \u00e9tant que les visiteurs sont conduits dans l\u2019un des salons qui garderont ensuite les portes ferm\u00e9es pour qu\u2019aucun visiteur ou d\u00e9l\u00e9gation ne puisse voir les autres. Le staff rapproch\u00e9 du chef du gouvernement s\u2019approprie les autres bureaux.<\/p>\n<p class=\"c4\"><img decoding=\"async\" src=\"\/uploads\/FCK_files\/Dar-Diafa-3.jpg\" width=\"100%\" vspace=\"5\" hspace=\"5\" align=\"middle\" alt=\"\"\/><\/p>\n<p class=\"c3\">Face \u00e0 la porte d\u2019entr\u00e9e, un petit couloir m\u00e8ne vers la grande salle carr\u00e9e o\u00f9 se tiennent r\u00e9unions, conseils des ministres, d\u00e9jeuners et d\u00eeners officiels, r\u00e9ceptions et c\u00e9r\u00e9monies de passation de pouvoirs. Donnant sur un vaste jardin, accessible par de larges portes-fen\u00eatres, la grande salle est reli\u00e9e par la gauche \u00e0 de grandes cuisines.<\/p>\n<p class=\"c3\">Dar Dhiafa dispose de trois entr\u00e9es s\u00e9par\u00e9es. La principale, celle officielle, donne sur la rue Septime Severe. Une entr\u00e9e de service se trouve sur la rue Sophonisbe, tout pr\u00e8s de l\u2019H\u00f4tel de Ville. Quant \u00e0 la troisi\u00e8me, elle est situ\u00e9e derri\u00e8re, dans la discr\u00e8te ruelle Procope. C\u2019est cette entr\u00e9e qu\u2019empruntent souvent les visiteurs qui ne souhaitent pas appara\u00eetre devant les journalistes qui campent devant l\u2019entr\u00e9e officielle.<\/p>\n<p class=\"c3\"><span class=\"c6\"><span class=\"c5\"><strong>Le bonheur des uns, l\u2019\u00e9chec des autres<\/strong><\/span><\/span><\/p>\n<p class=\"c3\">Hamadi Jebali commencera donc \u00e0 partager son temps entre son quartier g\u00e9n\u00e9ral officiel \u00e0 la Kasbah, un bureau dans un immeuble flambant neuf au Lac 2 abritant des services de la pr\u00e9sidence du gouvernement et les bureaux des ministres charg\u00e9s des Relations avec les instances constitutionnelles, et Dar Dhiafa. C\u2019est surtout ce petit palais et son jardin qui lui plaisent le plus. Il y r\u00e9unira ses ministres, un cercle de personnalit\u00e9s ind\u00e9pendantes, et son staff rapproch\u00e9.<\/p>\n<p class=\"c3\">Le premier \u00e9v\u00e9nement majeur qui s\u2019y d\u00e9roulera sera la longue s\u00e9rie de consultations avec les partis politiques, en f\u00e9vrier 2013, suite \u00e0 l\u2019assassinat de Chokri Bela\u00efd. L\u2019issue en sera la d\u00e9mission de Jebali, l\u00e2ch\u00e9 par son propre parti, Ennahdha. Son successeur, Ali Laarayedh, h\u00e9ritera du bail. Puis, lui succ\u00e9deront Mehdi Jomaa, Habib Essid, Youssef Chahed, Habib Jemli dans son infortune de gouvernement finalement avort\u00e9, Ely\u00e8s Fakhfakh, et tout r\u00e9cemment Hichem Mechichi.<\/p>\n<p class=\"c3\"><span class=\"c5\"><span class=\"c6\"><strong>Pizza et sandwich<\/strong><\/span><\/span><\/p>\n<p class=\"c3\">Un rituel s\u2019y est \u00e9tabli. Chaque nouveau locataire, flanqu\u00e9 de sa garde rapproch\u00e9e qui grossira au fil des jours, s\u2019adonnera au redoutable exercice des n\u00e9gociations. Ballet de visiteurs et de visiteurs du soir et du weekend, journalistes tenus parfois sur le trottoir d\u2019en face, admis souvent juste au jardin et rarement introduits \u00e0 l\u2019int\u00e9rieur, sauf pour de furtives prises de vue ou lors de d\u00e9clarations et conf\u00e9rences de presse. Les secr\u00e9taires, tout comme les charg\u00e9s de protocole, et les communicants, changent avec chaque nouveau locataire, le style diff\u00e8re. Seules restent en poste les \u00e9quipes d\u2019intendance et de s\u00e9curit\u00e9 relevant de la Pr\u00e9sidence de la R\u00e9publique. Th\u00e9, caf\u00e9 et jus sont servis. Mais, pas de repas. M\u00eame pour le chef du gouvernement en poste ou en attente de confirmation. Chacun s\u2019arrange pour arriver avec son panier repas ou faire venir des restaurants du voisinage pizzas et sandwichs, aval\u00e9s en vitesse.<\/p>\n<p class=\"c3\">Ici les murs ont des oreilles. On les sonde pour percevoir les secrets des dieux du moment, guetter une fuite sur les n\u00e9gociations, interpr\u00e9ter les moindres faits et gestes. Que de d\u00e9clarations, d\u2019enfumage, de r\u00e9elle ou fausse indignation et menace de rupture, de jubilation, d\u2019amertume !<\/p>\n<p class=\"c3\"><span class=\"c6\"><span class=\"c5\"><strong>D\u00e9barcad\u00e8re, embarcad\u00e8re<\/strong><\/span><\/span><\/p>\n<p class=\"c3\">Lorsqu\u2019un gouvernement est finalement form\u00e9 et sa composition est remise au chef de l\u2019Etat pour transmission \u00e0 la validation du Parlement, c\u2019est \u00e0 Dar Dhiafa qu\u2019il tient sa premi\u00e8re r\u00e9union de prise de connaissance et de pr\u00e9-rodage. Les nomin\u00e9s pour la premi\u00e8re fois y arrivent avec appr\u00e9hension m\u00eal\u00e9e d\u2019\u00e9motion. Ils d\u00e9couvrent les lieux et leurs nouveaux coll\u00e8gues, s\u2019initient au protocole et se plient \u00e0 la s\u00e9curit\u00e9. Pour fixer ces moments exceptionnels, leur chef les convie \u00e0 une photo de groupe sur le perron de Dar Dhiafa&#8230;<\/p>\n<p class=\"c3\">Le jour de la passation de pouvoirs, c\u2019est ici aussi qu\u2019ils retrouvent leurs pr\u00e9d\u00e9cesseurs, puis partent ensemble dans la m\u00eame voiture vers leurs minist\u00e8res&#8230; M\u00eame si elle ne figure pas dans le r\u00e9pertoire officiel des lieux du pouvoir, Dar Dhiafa est devenue l\u2019incubateur des gouvernements, puis leur lieu de retraite et de certaines audiences et r\u00e9unions. Ici se nouent et se d\u00e9nouent des ambitions, des carri\u00e8res, des alliances&#8230;<\/p>\n<p class=\"c7\"><strong>T.H.<\/strong><\/p>\n<p>Auteur:<br \/>\n<a href=\"https:\/\/www.leaders.com.tn\/article\/30742-dar-dhiafa-de-carthage-l-incubateur-des-gouvernements\">Cliquez ici pour lire l&rsquo;article depuis sa source.<\/a><\/p>\n","protected":false},"excerpt":{"rendered":"<p>Convertie en haut lieu de pouvoir, d\u00e8s qu\u2019il s\u2019agit d\u2019une nouvelle gestation de gouvernements successifs, Dar Dhiafa abrite les consultations les plus d\u00e9terminantes. Ses lettres de noblesse post-2010, elle les a acquises d\u00e8s 2012. Nomm\u00e9 chef de gouvernement fin d\u00e9cembre 2011, Hamadi Jebali n\u2019y avait pas men\u00e9 ses conciliabules pour la formation de son \u00e9quipe [&hellip;]<\/p>\n","protected":false},"author":1772,"featured_media":102012,"comment_status":"closed","ping_status":"closed","sticky":false,"template":"","format":"standard","meta":{"fifu_image_url":"","fifu_image_alt":"","footnotes":""},"categories":[73,55],"tags":[],"class_list":["post-102011","post","type-post","status-publish","format-standard","has-post-thumbnail","hentry","category-actualite","category-tunisie"],"_links":{"self":[{"href":"https:\/\/linitiative.ca\/International\/wp-json\/wp\/v2\/posts\/102011","targetHints":{"allow":["GET"]}}],"collection":[{"href":"https:\/\/linitiative.ca\/International\/wp-json\/wp\/v2\/posts"}],"about":[{"href":"https:\/\/linitiative.ca\/International\/wp-json\/wp\/v2\/types\/post"}],"author":[{"embeddable":true,"href":"https:\/\/linitiative.ca\/International\/wp-json\/wp\/v2\/users\/1772"}],"replies":[{"embeddable":true,"href":"https:\/\/linitiative.ca\/International\/wp-json\/wp\/v2\/comments?post=102011"}],"version-history":[{"count":0,"href":"https:\/\/linitiative.ca\/International\/wp-json\/wp\/v2\/posts\/102011\/revisions"}],"wp:featuredmedia":[{"embeddable":true,"href":"https:\/\/linitiative.ca\/International\/wp-json\/"}],"wp:attachment":[{"href":"https:\/\/linitiative.ca\/International\/wp-json\/wp\/v2\/media?parent=102011"}],"wp:term":[{"taxonomy":"category","embeddable":true,"href":"https:\/\/linitiative.ca\/International\/wp-json\/wp\/v2\/categories?post=102011"},{"taxonomy":"post_tag","embeddable":true,"href":"https:\/\/linitiative.ca\/International\/wp-json\/wp\/v2\/tags?post=102011"}],"curies":[{"name":"wp","href":"https:\/\/api.w.org\/{rel}","templated":true}]}}