{"id":102017,"date":"2020-10-17T06:00:00","date_gmt":"2020-10-17T10:00:00","guid":{"rendered":"https:\/\/linitiative.ca\/International\/polemique\/"},"modified":"2020-10-17T06:00:00","modified_gmt":"2020-10-17T10:00:00","slug":"polemique","status":"publish","type":"post","link":"https:\/\/linitiative.ca\/International\/polemique\/","title":{"rendered":"Pol\u00e9mique"},"content":{"rendered":"<p>L&rsquo;entr\u00e9e en vigueur, le 3 novembre prochain, du texte r\u00e9glementant la prescription et la vente des m\u00e9dicaments psychotropes a allum\u00e9 le feu entre prescripteurs et pharmaciens. \u00c0 l&rsquo;origine de la pol\u00e9mique, un communiqu\u00e9 du Snapo rappelant les dispositions dudit texte et qui n&rsquo;a pas \u00e9t\u00e9 du go\u00fbt de beaucoup de praticiens qui lui reprochent de se substituer \u00e0 la tutelle.<br \/>Conform\u00e9ment aux articles du texte, les m\u00e9decins devront prescrire les m\u00e9dicaments en question sur une ordonnance \u00e0 trois souches et en conserver un exemplaire pendant deux ann\u00e9es, en plus de tenir un registre sur lequel ils notent tous les produits prescrits.<\/p>\n<p>Auteur:<br \/>\n<a href=\"https:\/\/www.lesoirdalgerie.com\/periscoop\/polemique-49799\">Cliquez ici pour lire l&rsquo;article depuis sa source.<\/a><\/p>\n","protected":false},"excerpt":{"rendered":"<p>L&rsquo;entr\u00e9e en vigueur, le 3 novembre prochain, du texte r\u00e9glementant la prescription et la vente des m\u00e9dicaments psychotropes a allum\u00e9 le feu entre prescripteurs et pharmaciens. \u00c0 l&rsquo;origine de la pol\u00e9mique, un communiqu\u00e9 du Snapo rappelant les dispositions dudit texte et qui n&rsquo;a pas \u00e9t\u00e9 du go\u00fbt de beaucoup de praticiens qui lui reprochent de [&hellip;]<\/p>\n","protected":false},"author":1741,"featured_media":0,"comment_status":"closed","ping_status":"closed","sticky":false,"template":"","format":"standard","meta":{"fifu_image_url":"","fifu_image_alt":"","footnotes":""},"categories":[73,53],"tags":[],"class_list":["post-102017","post","type-post","status-publish","format-standard","hentry","category-actualite","category-algerie"],"_links":{"self":[{"href":"https:\/\/linitiative.ca\/International\/wp-json\/wp\/v2\/posts\/102017","targetHints":{"allow":["GET"]}}],"collection":[{"href":"https:\/\/linitiative.ca\/International\/wp-json\/wp\/v2\/posts"}],"about":[{"href":"https:\/\/linitiative.ca\/International\/wp-json\/wp\/v2\/types\/post"}],"author":[{"embeddable":true,"href":"https:\/\/linitiative.ca\/International\/wp-json\/wp\/v2\/users\/1741"}],"replies":[{"embeddable":true,"href":"https:\/\/linitiative.ca\/International\/wp-json\/wp\/v2\/comments?post=102017"}],"version-history":[{"count":0,"href":"https:\/\/linitiative.ca\/International\/wp-json\/wp\/v2\/posts\/102017\/revisions"}],"wp:attachment":[{"href":"https:\/\/linitiative.ca\/International\/wp-json\/wp\/v2\/media?parent=102017"}],"wp:term":[{"taxonomy":"category","embeddable":true,"href":"https:\/\/linitiative.ca\/International\/wp-json\/wp\/v2\/categories?post=102017"},{"taxonomy":"post_tag","embeddable":true,"href":"https:\/\/linitiative.ca\/International\/wp-json\/wp\/v2\/tags?post=102017"}],"curies":[{"name":"wp","href":"https:\/\/api.w.org\/{rel}","templated":true}]}}