{"id":102020,"date":"2020-10-17T05:44:22","date_gmt":"2020-10-17T09:44:22","guid":{"rendered":"https:\/\/linitiative.ca\/International\/le-coronavirus-pourrait-provoquer-une-perte-daudition\/"},"modified":"2020-10-17T05:44:22","modified_gmt":"2020-10-17T09:44:22","slug":"le-coronavirus-pourrait-provoquer-une-perte-daudition","status":"publish","type":"post","link":"https:\/\/linitiative.ca\/International\/le-coronavirus-pourrait-provoquer-une-perte-daudition\/","title":{"rendered":"Le coronavirus pourrait provoquer une perte d\u2019audition"},"content":{"rendered":"<p><strong>Une perte auditive soudaine et permanente, bien que rare, pourrait \u00eatre li\u00e9e au Covid-19 chez certaines personnes, pr\u00e9viennent des m\u00e9decins en signalant \u00ab\u00a0le premier cas\u00a0\u00bb britannique dans la <a href=\"https:\/\/casereports.bmj.com\/content\/13\/11\/e238419\" target=\"_blank\" rel=\"noreferrer noopener\">revue BMJ Case Reports<\/a>.<\/strong><\/p>\n<div class=\"c10\"\/>\n<p>A la pl\u00e9thore de sympt\u00f4mes du Covid-19, s\u2019ajouterait, selon eux, cet effet secondaire possible de l\u2019infection. \u00ab\u00a0Malgr\u00e9 la litt\u00e9rature consid\u00e9rable sur le Covid-19 et les divers sympt\u00f4mes associ\u00e9s au virus, il y a un manque de discussion sur la relation entre le Covid-19 et l\u2019audition\u00a0\u00bb, d\u00e9plorent ces sp\u00e9cialistes. Ils pr\u00e9conisent un d\u00e9pistage de la perte auditive en milieu hospitalier, y compris en soins intensifs o\u00f9 on peut facilement passer \u00e0 c\u00f4t\u00e9, pour permettre un traitement rapide avec des st\u00e9ro\u00efdes qui offre les meilleures chances de r\u00e9cup\u00e9rer l\u2019audition. Jusqu\u2019\u00e0 pr\u00e9sent, seuls quelques autres cas associ\u00e9s au Covid-19 ont \u00e9t\u00e9 signal\u00e9s, et aucun au Royaume-Uni, selon ces sp\u00e9cialistes.<\/p>\n<p><strong>Lire aussi|<\/strong><a href=\"https:\/\/www.challenge.ma\/loms-confirme-linefficacite-de-plusieurs-traitements-anti-covid-etude-161444\/\"><strong>L\u2019OMS confirme l\u2019inefficacit\u00e9 de plusieurs traitements anti-Covid [\u00c9tude]<\/strong><\/a><\/p>\n<p>Une perte auditive soudaine est fr\u00e9quemment observ\u00e9e par les sp\u00e9cialistes de l\u2019oreille, du nez et de la gorge (ORL), avec environ 5 \u00e0 160 cas pour 100.000 personnes chaque ann\u00e9e. Les causes ne sont pas claires, mais ce d\u00e9ficit sensoriel peut \u00eatre d\u00fb par exemple \u00e0 un vaisseau bouch\u00e9, mais aussi faire suite \u00e0 une infection virale, comme la grippe, les virus herp\u00e8s ou le cytom\u00e9galovirus. Les auteurs d\u00e9crivent le cas d\u2019un homme de 45 ans souffrant d\u2019asthme trait\u00e9 pour Covid-19 dans leur h\u00f4pital. Mis sous respirateur en soins intensifs car il avait du mal \u00e0 respirer, il a commenc\u00e9 \u00e0 aller mieux apr\u00e8s son traitement (remdesivir, st\u00e9ro\u00efdes intraveineux et un \u00e9change th\u00e9rapeutique de plasma sanguin\u2026). Une semaine apr\u00e8s le retrait du tube respiratoire et sa sortie de r\u00e9animation, il a remarqu\u00e9 une sensation anormale de sonnerie (marque d\u2019un acouph\u00e8ne) dans son oreille gauche suivie d\u2019une perte auditive soudaine.<\/p>\n<p>A l\u2019examen, ses conduits auditifs n\u2019\u00e9taient ni obstru\u00e9s, ni enflamm\u00e9s et ses tympans intacts. Un test auditif a confirm\u00e9 une perte d\u2019audition de l\u2019oreille gauche dont il ne s\u2019est que partiellement r\u00e9tabli apr\u00e8s un traitement \u00e0 base de cortico\u00efdes.<\/p>\n<p><strong>Lire aussi|\u00a0<a href=\"https:\/\/www.challenge.ma\/impot-des-salaries-mettront-la-main-a-la-poche-161482\/\">Imp\u00f4t : des salari\u00e9s mettront la main \u00e0 la poche<\/a><\/strong><\/p>\n<p>Avec AFP<\/p>\n<p>Auteur: challenge<br \/>\n<a href=\"https:\/\/www.challenge.ma\/le-coronavirus-pourrait-provoquer-une-perte-daudition-161548\/\">Cliquez ici pour lire l&rsquo;article depuis sa source.<\/a><\/p>\n","protected":false},"excerpt":{"rendered":"<p>Une perte auditive soudaine et permanente, bien que rare, pourrait \u00eatre li\u00e9e au Covid-19 chez certaines personnes, pr\u00e9viennent des m\u00e9decins en signalant \u00ab\u00a0le premier cas\u00a0\u00bb britannique dans la revue BMJ Case Reports. A la pl\u00e9thore de sympt\u00f4mes du Covid-19, s\u2019ajouterait, selon eux, cet effet secondaire possible de l\u2019infection. \u00ab\u00a0Malgr\u00e9 la litt\u00e9rature consid\u00e9rable sur le Covid-19 [&hellip;]<\/p>\n","protected":false},"author":1787,"featured_media":0,"comment_status":"closed","ping_status":"closed","sticky":false,"template":"","format":"standard","meta":{"fifu_image_url":"","fifu_image_alt":"","footnotes":""},"categories":[78,54],"tags":[],"class_list":["post-102020","post","type-post","status-publish","format-standard","hentry","category-economie","category-maroc"],"_links":{"self":[{"href":"https:\/\/linitiative.ca\/International\/wp-json\/wp\/v2\/posts\/102020","targetHints":{"allow":["GET"]}}],"collection":[{"href":"https:\/\/linitiative.ca\/International\/wp-json\/wp\/v2\/posts"}],"about":[{"href":"https:\/\/linitiative.ca\/International\/wp-json\/wp\/v2\/types\/post"}],"author":[{"embeddable":true,"href":"https:\/\/linitiative.ca\/International\/wp-json\/wp\/v2\/users\/1787"}],"replies":[{"embeddable":true,"href":"https:\/\/linitiative.ca\/International\/wp-json\/wp\/v2\/comments?post=102020"}],"version-history":[{"count":0,"href":"https:\/\/linitiative.ca\/International\/wp-json\/wp\/v2\/posts\/102020\/revisions"}],"wp:attachment":[{"href":"https:\/\/linitiative.ca\/International\/wp-json\/wp\/v2\/media?parent=102020"}],"wp:term":[{"taxonomy":"category","embeddable":true,"href":"https:\/\/linitiative.ca\/International\/wp-json\/wp\/v2\/categories?post=102020"},{"taxonomy":"post_tag","embeddable":true,"href":"https:\/\/linitiative.ca\/International\/wp-json\/wp\/v2\/tags?post=102020"}],"curies":[{"name":"wp","href":"https:\/\/api.w.org\/{rel}","templated":true}]}}