{"id":102021,"date":"2020-10-17T07:01:48","date_gmt":"2020-10-17T11:01:48","guid":{"rendered":"https:\/\/linitiative.ca\/International\/apres-rabat-le-francais-u-express-tisse-sa-toile-a-casablanca\/"},"modified":"2020-10-17T07:01:48","modified_gmt":"2020-10-17T11:01:48","slug":"apres-rabat-le-francais-u-express-tisse-sa-toile-a-casablanca","status":"publish","type":"post","link":"https:\/\/linitiative.ca\/International\/apres-rabat-le-francais-u-express-tisse-sa-toile-a-casablanca\/","title":{"rendered":"Apr\u00e8s Rabat, le fran\u00e7ais        U Express tisse sa toile \u00e0 Casablanca"},"content":{"rendered":"<p><strong>U Express, franchise du groupe fran\u00e7ais Syst\u00e8me U, a d\u00e9cid\u00e9 de s\u00e9duire le public casablancais en ouvrant sa deuxi\u00e8me surface au Maroc.<\/strong><\/p>\n<div class=\"c10\"\/>\n<p>Largement rassur\u00e9 par ses premiers r\u00e9sultats dans son flagship store de Ryad Square, le groupe system U poursuit donc son aventure marocaine en s\u2019installant depuis le 14 octobre au Boulevard Ibn Tachfine.<\/p>\n<p><strong>Lire aussi|\u00a0<\/strong><a href=\"https:\/\/www.challenge.ma\/tramway-casablanca-alstom-remporte-le-marche-des-rames-des-nouvelles-lignes-t3-et-t4-161532\/\"><strong>Tramway de Casablanca : Alstom remporte le march\u00e9 des rames des nouvelles lignes<\/strong><\/a><\/p>\n<p>La premi\u00e8re implantation du groupe fran\u00e7ais au Maroc remonte \u00e0 deux ans. Elle se situe au centre commercial Ryad Square de Rabat. Pr\u00e9sid\u00e9 actuellement par Dominique Sch\u0153lcher, le groupe cherche \u00e0 s\u00e9duire les consommateurs nationaux avec ses produits en tout genre et en misant sur la promesse d\u2019un rapport qualit\u00e9-prix int\u00e9ressant. L\u2019objectif \u00e9tant de dupliquer ce qui fait son succ\u00e8s en France, en l\u2019adaptant aux besoins des consommateurs marocains.<\/p>\n<p><strong>Lire aussi|\u00a0<a href=\"https:\/\/www.challenge.ma\/impot-des-salaries-mettront-la-main-a-la-poche-161482\/\">Imp\u00f4t : des salari\u00e9s mettront la main \u00e0 la poche<\/a><\/strong><\/p>\n<p>Le magasin propose une large gamme de produits nationaux, en plus d\u2019autres produits avec des promotions qui ne sont pas disponibles au Maroc, avec l\u2019appellation \u00abU\u00bb.<\/p>\n<p>Auteur: Hajar DARI<br \/>\n<a href=\"https:\/\/www.challenge.ma\/apres-rabat-u-express-tisse-sa-toile-a-casablanca-161559\/\">Cliquez ici pour lire l&rsquo;article depuis sa source.<\/a><\/p>\n","protected":false},"excerpt":{"rendered":"<p>U Express, franchise du groupe fran\u00e7ais Syst\u00e8me U, a d\u00e9cid\u00e9 de s\u00e9duire le public casablancais en ouvrant sa deuxi\u00e8me surface au Maroc. Largement rassur\u00e9 par ses premiers r\u00e9sultats dans son flagship store de Ryad Square, le groupe system U poursuit donc son aventure marocaine en s\u2019installant depuis le 14 octobre au Boulevard Ibn Tachfine. Lire [&hellip;]<\/p>\n","protected":false},"author":1787,"featured_media":0,"comment_status":"closed","ping_status":"closed","sticky":false,"template":"","format":"standard","meta":{"fifu_image_url":"","fifu_image_alt":"","footnotes":""},"categories":[78,54],"tags":[],"class_list":["post-102021","post","type-post","status-publish","format-standard","hentry","category-economie","category-maroc"],"_links":{"self":[{"href":"https:\/\/linitiative.ca\/International\/wp-json\/wp\/v2\/posts\/102021","targetHints":{"allow":["GET"]}}],"collection":[{"href":"https:\/\/linitiative.ca\/International\/wp-json\/wp\/v2\/posts"}],"about":[{"href":"https:\/\/linitiative.ca\/International\/wp-json\/wp\/v2\/types\/post"}],"author":[{"embeddable":true,"href":"https:\/\/linitiative.ca\/International\/wp-json\/wp\/v2\/users\/1787"}],"replies":[{"embeddable":true,"href":"https:\/\/linitiative.ca\/International\/wp-json\/wp\/v2\/comments?post=102021"}],"version-history":[{"count":0,"href":"https:\/\/linitiative.ca\/International\/wp-json\/wp\/v2\/posts\/102021\/revisions"}],"wp:attachment":[{"href":"https:\/\/linitiative.ca\/International\/wp-json\/wp\/v2\/media?parent=102021"}],"wp:term":[{"taxonomy":"category","embeddable":true,"href":"https:\/\/linitiative.ca\/International\/wp-json\/wp\/v2\/categories?post=102021"},{"taxonomy":"post_tag","embeddable":true,"href":"https:\/\/linitiative.ca\/International\/wp-json\/wp\/v2\/tags?post=102021"}],"curies":[{"name":"wp","href":"https:\/\/api.w.org\/{rel}","templated":true}]}}