{"id":102023,"date":"2020-10-17T13:13:01","date_gmt":"2020-10-17T17:13:01","guid":{"rendered":"https:\/\/linitiative.ca\/International\/marrakech-bientot-accessible-sans-autorisation\/"},"modified":"2020-10-17T13:13:01","modified_gmt":"2020-10-17T17:13:01","slug":"marrakech-bientot-accessible-sans-autorisation","status":"publish","type":"post","link":"https:\/\/linitiative.ca\/International\/marrakech-bientot-accessible-sans-autorisation\/","title":{"rendered":"Marrakech bient\u00f4t accessible sans autorisation ?"},"content":{"rendered":"<p><strong>Les autorit\u00e9s de la ville de Marrakech sont entrain \u00e9tudier la possibilit\u00e9 de l\u2019annulation de l\u2019autorisation obligatoire de d\u00e9placement, et ce, dans le cadre de l\u2019all\u00e8gement des mesures sanitaires impos\u00e9es dans la ville.<\/strong><\/p>\n<div class=\"c10\"\/>\n<p>Une r\u00e9union s\u2019est tenue au si\u00e8ge de la Wilaya vendredi o\u00f9 la proposition a \u00e9t\u00e9 faite afin de l\u2019\u00e9tudier dans les jours \u00e0 venir, apprend-on d\u2019une source locale. Et cette derni\u00e8re ajoute : \u00abce n\u2019est toujours pas officiel, mais les autorit\u00e9s sont en train d\u2019\u00e9tudier l\u2019id\u00e9e. En attendant, aucune d\u00e9cision n\u2019a \u00e9t\u00e9 encore prise par le Wali de la r\u00e9gion\u00bb.<\/p>\n<p>Il est \u00e0 noter que la ville de Marrakech est rest\u00e9e sur la liste des villes qui n\u00e9cessitent une autorisation exceptionnelle de d\u00e9placement pour y entrer ou en sortir. Rappelons qu\u2019elle avait \u00e9t\u00e9 impos\u00e9e apr\u00e8s que la ville a bascul\u00e9 dans la zone 2.<\/p>\n<p>En outre, les habitants de Marrakech se plaignent de la \u00abs\u00e9v\u00e9rit\u00e9\u00bb des mesures de pr\u00e9caution et de l\u2019impact n\u00e9gatif sur leur vie quotidienne, car ils ont pr\u00e9c\u00e9demment lanc\u00e9 une s\u00e9rie d\u2019appels, dont le plus important est la campagne \u00abMarrakech \u00e9touffe\u00bb et \u00abSave Marrakech\u00bb, largement diffus\u00e9e sur les r\u00e9seaux sociaux.<\/p>\n<p><strong>Lire aussi|<\/strong><a href=\"https:\/\/www.challenge.ma\/apres-rabat-u-express-tisse-sa-toile-a-casablanca-161559\/\"><strong>Apr\u00e8s Rabat, U Express tisse sa toile \u00e0 Casablanca<\/strong><\/a><\/p>\n<p>Et la fr\u00e9quence des manifestations virtuelles des habitants de Marrakech sur les r\u00e9seaux sociaux s\u2019est accrue, apr\u00e8s la diffusion de la nouvelle de l\u2019arriv\u00e9e du premier avion de touristes \u00e9trangers \u00e0 l\u2019a\u00e9roport international de Marrakech-Menara, en provenance de France avec 160 touristes \u00e0 bord, ainsi que l\u2019ouverture de nombreux h\u00f4tels et autres attractions. Ces m\u00eames habitants de Marrakech consid\u00e8rent qu\u2019il est \u00abillogique de permettre aux \u00e9trangers d\u2019entrer dans la ville \u00e0 un moment o\u00f9 les Marocains sont encore oblig\u00e9s d\u2019obtenir une licence pour y entrer ou en sortir\u00bb.<\/p>\n<p><strong>Lire aussi|\u00a0<\/strong><a href=\"https:\/\/www.challenge.ma\/tramway-casablanca-alstom-remporte-le-marche-des-rames-des-nouvelles-lignes-t3-et-t4-161532\/\"><strong>Tramway de Casablanca : Alstom remporte le march\u00e9 des rames des nouvelles lignes<\/strong><\/a><\/p>\n<p>Auteur: Hajar DARI<br \/>\n<a href=\"https:\/\/www.challenge.ma\/marrakech-bientot-accessible-sans-autorisation-161572\/\">Cliquez ici pour lire l&rsquo;article depuis sa source.<\/a><\/p>\n","protected":false},"excerpt":{"rendered":"<p>Les autorit\u00e9s de la ville de Marrakech sont entrain \u00e9tudier la possibilit\u00e9 de l\u2019annulation de l\u2019autorisation obligatoire de d\u00e9placement, et ce, dans le cadre de l\u2019all\u00e8gement des mesures sanitaires impos\u00e9es dans la ville. Une r\u00e9union s\u2019est tenue au si\u00e8ge de la Wilaya vendredi o\u00f9 la proposition a \u00e9t\u00e9 faite afin de l\u2019\u00e9tudier dans les jours [&hellip;]<\/p>\n","protected":false},"author":1787,"featured_media":0,"comment_status":"closed","ping_status":"closed","sticky":false,"template":"","format":"standard","meta":{"fifu_image_url":"","fifu_image_alt":"","footnotes":""},"categories":[78,54],"tags":[],"class_list":["post-102023","post","type-post","status-publish","format-standard","hentry","category-economie","category-maroc"],"_links":{"self":[{"href":"https:\/\/linitiative.ca\/International\/wp-json\/wp\/v2\/posts\/102023","targetHints":{"allow":["GET"]}}],"collection":[{"href":"https:\/\/linitiative.ca\/International\/wp-json\/wp\/v2\/posts"}],"about":[{"href":"https:\/\/linitiative.ca\/International\/wp-json\/wp\/v2\/types\/post"}],"author":[{"embeddable":true,"href":"https:\/\/linitiative.ca\/International\/wp-json\/wp\/v2\/users\/1787"}],"replies":[{"embeddable":true,"href":"https:\/\/linitiative.ca\/International\/wp-json\/wp\/v2\/comments?post=102023"}],"version-history":[{"count":0,"href":"https:\/\/linitiative.ca\/International\/wp-json\/wp\/v2\/posts\/102023\/revisions"}],"wp:attachment":[{"href":"https:\/\/linitiative.ca\/International\/wp-json\/wp\/v2\/media?parent=102023"}],"wp:term":[{"taxonomy":"category","embeddable":true,"href":"https:\/\/linitiative.ca\/International\/wp-json\/wp\/v2\/categories?post=102023"},{"taxonomy":"post_tag","embeddable":true,"href":"https:\/\/linitiative.ca\/International\/wp-json\/wp\/v2\/tags?post=102023"}],"curies":[{"name":"wp","href":"https:\/\/api.w.org\/{rel}","templated":true}]}}