{"id":102026,"date":"2020-10-17T16:03:54","date_gmt":"2020-10-17T20:03:54","guid":{"rendered":"https:\/\/linitiative.ca\/International\/inquietant-957-est-le-taux-doccupation-de-lits-de-rea-covid-19\/"},"modified":"2020-10-17T16:03:54","modified_gmt":"2020-10-17T20:03:54","slug":"inquietant-957-est-le-taux-doccupation-de-lits-de-rea-covid-19","status":"publish","type":"post","link":"https:\/\/linitiative.ca\/International\/inquietant-957-est-le-taux-doccupation-de-lits-de-rea-covid-19\/","title":{"rendered":"Inqui\u00e9tant\u00a0: 95,7 % est le taux d\u2019occupation de lits de r\u00e9a Covid-19"},"content":{"rendered":"<div class=\"post-cont-in left relative\">\n<div id=\"post-info-wrap\" class=\"left relative post-info-out\">\n<div class=\"post-info-img left relative\"><img loading=\"lazy\" decoding=\"async\" alt=\"\" src=\"https:\/\/secure.gravatar.com\/avatar\/15bad04153577161b05c79be8f652165?s=50&amp;d=mm&amp;r=g\" srcset=\"https:\/\/secure.gravatar.com\/avatar\/15bad04153577161b05c79be8f652165?s=100&amp;d=mm&amp;r=g 2x\" class=\"avatar avatar-50 photo\" height=\"50\" width=\"50\"\/><\/div>\n<div class=\"post-info-in\">\n<div class=\"post-info-right left relative post-info-name left relative\"><span itemprop=\"author\" itemscope=\"\" itemtype=\"https:\/\/schema.org\/Person\"><span class=\"post-info-text\">Par<\/span> <span class=\"author-name vcard fn author\" itemprop=\"name\"><a href=\"https:\/\/www.tunisienumerique.com\/author\/balkis\/\" title=\"Articles par balkis\" rel=\"author\">balkis<\/a><\/span><\/span> <span class=\"post-date updated\"><time class=\"post-date updated\" itemprop=\"datePublished\" datetime=\"2020-10-17\">\u00a0| Il y a 1 heure<\/time><\/span><\/div>\n<div class=\"left relative\"><button id=\"listenButton1\" class=\"responsivevoice-button\" type=\"button\" value=\"Play\" title=\"&#xC9;coutez l'article\"><span>\ud83d\udd0a \u00c9coutez l&rsquo;article<\/span><\/button> <\/div>\n<\/div>\n<\/div>\n<p>Le bilan annonc\u00e9 aujourd\u2019hui par le minist\u00e8re de la Sant\u00e9 indique que le nombre de patients atteints\u00a0 par le Coronavirus en r\u00e9animation est 158, \u00e0 la date du 16 octobre 2020.<\/p>\n<div class=\"code-block code-block-1 c4\"><ins class=\"adsbygoogle c3\" data-ad-layout=\"in-article\" data-ad-format=\"fluid\" data-ad-client=\"ca-pub-2102118777505746\" data-ad-slot=\"7301775417\"\/> <\/div>\n<p>D\u2019un autre c\u00f4t\u00e9, d\u2019apr\u00e8s la conf\u00e9rence de presse du mercredi dernier au minist\u00e8re de la Sant\u00e9, le nombre de lit r\u00e9a d\u00e9di\u00e9s \u00e0 la Covid est de 165.<\/p>\n<p>Ce qui donne un taux d\u2019occupation de 95,7%<\/p>\n<p>Inqui\u00e9tant, puisque la saison de la grippe n\u2019est pas encore arriv\u00e9e et que des \u00e9tudes scientifiques affirment qu\u2019une exposition cons\u00e9cutive \u00e0 la grippe puis \u00e0 la Covid-19 peut multiplier par six le risque de d\u00e9c\u00e8s.<\/p>\n<p>Entre le 13 et le 16 octobre, la Tunisie a enregistr\u00e9 en moyenne plus que <strong>28 d\u00e9c\u00e8s par jour<\/strong> \u00e0 cause du Coronavirus.<\/p>\n<p>Le taux de positivit\u00e9 est 38,2%. En France ce taux est seulement de 13,1% ! Ce qui d\u00e9montre la grande c\u00e9l\u00e9rit\u00e9 de propagation du virus.<\/p>\n<p>L\u2019\u00e9quipe actuelle semble ne pas \u00eatre \u00e0 la hauteur des dangers que vivent, actuellement, les tunisiens \u2026<\/p>\n<div class=\"swp_social_panel swp_horizontal_panel swp_flat_fresh swp_default_full_color swp_individual_full_color swp_other_full_color scale-100 scale-\" data-min-width=\"1100\" data-float-color=\"#ffffff\" data-float=\"bottom\" data-float-mobile=\"bottom\" data-transition=\"slide\">\n<div class=\"nc_tweetContainer swp_share_button total_shares total_sharesalt\"><span class=\"swp_count\">6 <span class=\"swp_label\">Partages<\/span><\/span><\/div>\n<\/div>\n<p><strong>Que se passe-t-il en Tunisie?<\/strong><br \/>Nous expliquons sur notre <a href=\"https:\/\/www.youtube.com\/channel\/UCRzypVq0B_yBad5eGrwBx0Q?sub_confirmation=1\" target=\"_blank\" rel=\"noopener noreferrer\">cha\u00eene YouTube<\/a> . <a href=\"https:\/\/www.youtube.com\/channel\/UCRzypVq0B_yBad5eGrwBx0Q?sub_confirmation=1\" target=\"_blank\" rel=\"noopener noreferrer\">Abonnez-vous!<\/a><\/p>\n<div class=\"mvp-org-wrap mvp-org-logo\" itemprop=\"publisher\" itemscope=\"\" itemtype=\"https:\/\/schema.org\/Organization\"><img decoding=\"async\" src=\"https:\/\/www.tunisienumerique.com\/wp-content\/uploads\/2017\/02\/logo_tunisie_numerique.png\"\/><\/div>\n<div class=\"mvp-related-posts left relative\">\n<h4 class=\"post-header\"><span class=\"post-header\">Lire aussi<\/span><\/h4>\n<\/div>\n<div id=\"article-ad\"><ins class=\"adsbygoogle c5\" data-ad-client=\"ca-pub-2102118777505746\" data-ad-slot=\"6513972734\" data-ad-format=\"auto\" data-full-width-responsive=\"true\"\/> <\/div>\n<\/div>\n<div id=\"post-sidebar-wrap\"><ins class=\"adsbygoogle c5\" data-ad-client=\"ca-pub-2102118777505746\" data-ad-slot=\"6168283410\" data-ad-format=\"auto\" data-full-width-responsive=\"true\"\/> <\/div>\n<p>Auteur: balkis<br \/>\n<a href=\"https:\/\/www.tunisienumerique.com\/inquietant-957-est-le-taux-doccupation-de-lits-de-rea-covid-19\/\">Cliquez ici pour lire l&rsquo;article depuis sa source.<\/a><\/p>\n","protected":false},"excerpt":{"rendered":"<p>Par balkis \u00a0| Il y a 1 heure \ud83d\udd0a \u00c9coutez l&rsquo;article Le bilan annonc\u00e9 aujourd\u2019hui par le minist\u00e8re de la Sant\u00e9 indique que le nombre de patients atteints\u00a0 par le Coronavirus en r\u00e9animation est 158, \u00e0 la date du 16 octobre 2020. D\u2019un autre c\u00f4t\u00e9, d\u2019apr\u00e8s la conf\u00e9rence de presse du mercredi dernier au minist\u00e8re [&hellip;]<\/p>\n","protected":false},"author":1789,"featured_media":0,"comment_status":"closed","ping_status":"closed","sticky":false,"template":"","format":"standard","meta":{"fifu_image_url":"","fifu_image_alt":"","footnotes":""},"categories":[73,55],"tags":[],"class_list":["post-102026","post","type-post","status-publish","format-standard","hentry","category-actualite","category-tunisie"],"_links":{"self":[{"href":"https:\/\/linitiative.ca\/International\/wp-json\/wp\/v2\/posts\/102026","targetHints":{"allow":["GET"]}}],"collection":[{"href":"https:\/\/linitiative.ca\/International\/wp-json\/wp\/v2\/posts"}],"about":[{"href":"https:\/\/linitiative.ca\/International\/wp-json\/wp\/v2\/types\/post"}],"author":[{"embeddable":true,"href":"https:\/\/linitiative.ca\/International\/wp-json\/wp\/v2\/users\/1789"}],"replies":[{"embeddable":true,"href":"https:\/\/linitiative.ca\/International\/wp-json\/wp\/v2\/comments?post=102026"}],"version-history":[{"count":0,"href":"https:\/\/linitiative.ca\/International\/wp-json\/wp\/v2\/posts\/102026\/revisions"}],"wp:attachment":[{"href":"https:\/\/linitiative.ca\/International\/wp-json\/wp\/v2\/media?parent=102026"}],"wp:term":[{"taxonomy":"category","embeddable":true,"href":"https:\/\/linitiative.ca\/International\/wp-json\/wp\/v2\/categories?post=102026"},{"taxonomy":"post_tag","embeddable":true,"href":"https:\/\/linitiative.ca\/International\/wp-json\/wp\/v2\/tags?post=102026"}],"curies":[{"name":"wp","href":"https:\/\/api.w.org\/{rel}","templated":true}]}}