{"id":102028,"date":"2020-10-17T17:01:54","date_gmt":"2020-10-17T21:01:54","guid":{"rendered":"https:\/\/linitiative.ca\/International\/tunisie-video-taoufik-lemkacher-accuse-wadie-al-jary-davoir-mis-le-feu-a-la-chebbataoufik-lemkacher-accuse-wadie-al-jary-davoir-mis-le-feu-a-la-chebba\/"},"modified":"2020-10-17T17:01:54","modified_gmt":"2020-10-17T21:01:54","slug":"tunisie-video-taoufik-lemkacher-accuse-wadie-al-jary-davoir-mis-le-feu-a-la-chebbataoufik-lemkacher-accuse-wadie-al-jary-davoir-mis-le-feu-a-la-chebba","status":"publish","type":"post","link":"https:\/\/linitiative.ca\/International\/tunisie-video-taoufik-lemkacher-accuse-wadie-al-jary-davoir-mis-le-feu-a-la-chebbataoufik-lemkacher-accuse-wadie-al-jary-davoir-mis-le-feu-a-la-chebba\/","title":{"rendered":"Tunisie \u2013 VIDEO: Taoufik Lemkacher accuse Wadie Al Jary d\u2019avoir mis le feu \u00e0 La ChebbaTaoufik Lemkacher accuse Wadie Al Jary d\u2019avoir mis le feu \u00e0 La Chebba"},"content":{"rendered":"<div class=\"post-cont-in left relative\">\n<div id=\"post-info-wrap\" class=\"left relative post-info-out\">\n<div class=\"post-info-img left relative\"><img loading=\"lazy\" decoding=\"async\" alt=\"\" src=\"https:\/\/secure.gravatar.com\/avatar\/185747903a4e93befa6fc09cc0d3d813?s=50&amp;d=mm&amp;r=g\" srcset=\"https:\/\/secure.gravatar.com\/avatar\/185747903a4e93befa6fc09cc0d3d813?s=100&amp;d=mm&amp;r=g 2x\" class=\"avatar avatar-50 photo\" height=\"50\" width=\"50\"\/><\/div>\n<div class=\"post-info-in\">\n<div class=\"post-info-right left relative post-info-name left relative\"><span itemprop=\"author\" itemscope=\"\" itemtype=\"https:\/\/schema.org\/Person\"><span class=\"post-info-text\">Par<\/span> <span class=\"author-name vcard fn author\" itemprop=\"name\"><a href=\"https:\/\/www.tunisienumerique.com\/author\/yassine-atoui\/\" title=\"Articles par Yassine Atoui\" rel=\"author\">Yassine Atoui<\/a><\/span><\/span> <span class=\"post-date updated\"><time class=\"post-date updated\" itemprop=\"datePublished\" datetime=\"2020-10-17\">\u00a0| Il y a 1 minute<\/time><\/span><\/div>\n<div class=\"left relative\"><button id=\"listenButton1\" class=\"responsivevoice-button\" type=\"button\" value=\"Play\" title=\"&#xC9;coutez l'article\"><span>\ud83d\udd0a \u00c9coutez l&rsquo;article<\/span><\/button> <\/div>\n<\/div>\n<\/div>\n<p>La f\u00e9d\u00e9ration tunisienne de football a d\u00e9cid\u00e9, ce samedi, des mesures de sanctions \u00e0 l\u2019encontre de l\u2019\u00e9quipe sportive de la Chebba. Des mesures inou\u00efes dans le monde du football en Tunisie. Des mesures jug\u00e9es trop injustes de la part des responsables et des supporters de La Chebba.<\/p>\n<div class=\"code-block code-block-1 c4\"><ins class=\"adsbygoogle c3\" data-ad-layout=\"in-article\" data-ad-format=\"fluid\" data-ad-client=\"ca-pub-2102118777505746\" data-ad-slot=\"7301775417\"\/> <\/div>\n<p>La FTF a, en effet, exclu l\u2019\u00e9quipe de la Chebba de toutes les comp\u00e9titions sportives pendant une ann\u00e9e, et sa rel\u00e9gation en quatri\u00e8me division du championnat.<\/p>\n<p>En r\u00e9action \u00e0 l\u2019annonce de ces sanctions, la ville de La Chebba a \u00e9t\u00e9 secou\u00e9e par un vent de r\u00e9volte. Des jeunes ont coup\u00e9 tous les acc\u00e8s \u00e0 la ville.<\/p>\n<p>Le pr\u00e9sident du club, Taoufik Lemkacher a assur\u00e9 au micro de TunisieNumerique qu\u2019il tenait pour responsable le pr\u00e9sident de la FTF de tout ce qui est en train de se passer dans la ville qui sombre dans le chaos. Il a ajout\u00e9 que des jeunes sont, en ce moment, en train de pr\u00e9parer des barques pour quitter e pays, en protestation contre cette injustice.<\/p>\n<p>Lemkacher a expliqu\u00e9 qu\u2019il n\u2019y avait aucune raison valable pour infliger \u00e0 l\u2019\u00e9quipe ces sanctions.<br \/><iframe loading=\"lazy\" class=\"c5\" src=\"https:\/\/www.facebook.com\/plugins\/video.php?href=https%3A%2F%2Fwww.facebook.com%2Falarabiya.tunis%2Fvideos%2F374608787008152%2F&amp;show_text=0&amp;width=288\" width=\"288\" height=\"476\" frameborder=\"0\" scrolling=\"no\" allowfullscreen=\"allowfullscreen\">[embedded content]<\/iframe><\/p>\n<p><a href=\"https:\/\/www.tunisienumerique.com\/wp-content\/uploads\/2020\/10\/tawfik-mkacher.mp3\">https:\/\/www.tunisienumerique.com\/wp-content\/uploads\/2020\/10\/tawfik-mkacher.mp3<\/a><\/p>\n<div class=\"swp_social_panel swp_horizontal_panel swp_flat_fresh swp_default_full_color swp_individual_full_color swp_other_full_color scale-100 scale-\" data-min-width=\"1100\" data-float-color=\"#ffffff\" data-float=\"bottom\" data-float-mobile=\"bottom\" data-transition=\"slide\">\n<div class=\"nc_tweetContainer swp_share_button total_shares total_sharesalt\"><span class=\"swp_count\">1 <span class=\"swp_label\">Partages<\/span><\/span><\/div>\n<\/div>\n<p><strong>Que se passe-t-il en Tunisie?<\/strong><br \/>Nous expliquons sur notre <a href=\"https:\/\/www.youtube.com\/channel\/UCRzypVq0B_yBad5eGrwBx0Q?sub_confirmation=1\" target=\"_blank\" rel=\"noopener noreferrer\">cha\u00eene YouTube<\/a> . <a href=\"https:\/\/www.youtube.com\/channel\/UCRzypVq0B_yBad5eGrwBx0Q?sub_confirmation=1\" target=\"_blank\" rel=\"noopener noreferrer\">Abonnez-vous!<\/a><\/p>\n<div class=\"mvp-org-wrap mvp-org-logo\" itemprop=\"publisher\" itemscope=\"\" itemtype=\"https:\/\/schema.org\/Organization\"><img decoding=\"async\" src=\"https:\/\/www.tunisienumerique.com\/wp-content\/uploads\/2017\/02\/logo_tunisie_numerique.png\"\/><\/div>\n<div class=\"mvp-related-posts left relative\">\n<h4 class=\"post-header\"><span class=\"post-header\">Lire aussi<\/span><\/h4>\n<\/div>\n<div id=\"article-ad\"><ins class=\"adsbygoogle c6\" data-ad-client=\"ca-pub-2102118777505746\" data-ad-slot=\"6513972734\" data-ad-format=\"auto\" data-full-width-responsive=\"true\"\/> <\/div>\n<\/div>\n<div id=\"post-sidebar-wrap\"><ins class=\"adsbygoogle c6\" data-ad-client=\"ca-pub-2102118777505746\" data-ad-slot=\"6168283410\" data-ad-format=\"auto\" data-full-width-responsive=\"true\"\/> <\/div>\n<p>Auteur: Yassine Atoui<br \/>\n<a href=\"https:\/\/www.tunisienumerique.com\/tunisie-video-taoufik-lemkacher-accuse-wadie-al-jary-davoir-mis-le-feu-a-la-chebbataoufik-lemkacher-accuse-wadie-al-jary-davoir-mis-le-feu-a-la-chebba\/\">Cliquez ici pour lire l&rsquo;article depuis sa source.<\/a><\/p>\n","protected":false},"excerpt":{"rendered":"<p>Par Yassine Atoui \u00a0| Il y a 1 minute \ud83d\udd0a \u00c9coutez l&rsquo;article La f\u00e9d\u00e9ration tunisienne de football a d\u00e9cid\u00e9, ce samedi, des mesures de sanctions \u00e0 l\u2019encontre de l\u2019\u00e9quipe sportive de la Chebba. Des mesures inou\u00efes dans le monde du football en Tunisie. Des mesures jug\u00e9es trop injustes de la part des responsables et des [&hellip;]<\/p>\n","protected":false},"author":1789,"featured_media":0,"comment_status":"closed","ping_status":"closed","sticky":false,"template":"","format":"standard","meta":{"fifu_image_url":"","fifu_image_alt":"","footnotes":""},"categories":[73,55],"tags":[],"class_list":["post-102028","post","type-post","status-publish","format-standard","hentry","category-actualite","category-tunisie"],"_links":{"self":[{"href":"https:\/\/linitiative.ca\/International\/wp-json\/wp\/v2\/posts\/102028","targetHints":{"allow":["GET"]}}],"collection":[{"href":"https:\/\/linitiative.ca\/International\/wp-json\/wp\/v2\/posts"}],"about":[{"href":"https:\/\/linitiative.ca\/International\/wp-json\/wp\/v2\/types\/post"}],"author":[{"embeddable":true,"href":"https:\/\/linitiative.ca\/International\/wp-json\/wp\/v2\/users\/1789"}],"replies":[{"embeddable":true,"href":"https:\/\/linitiative.ca\/International\/wp-json\/wp\/v2\/comments?post=102028"}],"version-history":[{"count":0,"href":"https:\/\/linitiative.ca\/International\/wp-json\/wp\/v2\/posts\/102028\/revisions"}],"wp:attachment":[{"href":"https:\/\/linitiative.ca\/International\/wp-json\/wp\/v2\/media?parent=102028"}],"wp:term":[{"taxonomy":"category","embeddable":true,"href":"https:\/\/linitiative.ca\/International\/wp-json\/wp\/v2\/categories?post=102028"},{"taxonomy":"post_tag","embeddable":true,"href":"https:\/\/linitiative.ca\/International\/wp-json\/wp\/v2\/tags?post=102028"}],"curies":[{"name":"wp","href":"https:\/\/api.w.org\/{rel}","templated":true}]}}