{"id":102039,"date":"2020-10-17T06:31:30","date_gmt":"2020-10-17T10:31:30","guid":{"rendered":"https:\/\/linitiative.ca\/International\/cameroun-apres-deux-rendez-vous-manques-camair-co-annonce-la-reprise-de-ses-vols-domestiques-le-18-octobre\/"},"modified":"2020-10-17T06:31:30","modified_gmt":"2020-10-17T10:31:30","slug":"cameroun-apres-deux-rendez-vous-manques-camair-co-annonce-la-reprise-de-ses-vols-domestiques-le-18-octobre","status":"publish","type":"post","link":"https:\/\/linitiative.ca\/International\/cameroun-apres-deux-rendez-vous-manques-camair-co-annonce-la-reprise-de-ses-vols-domestiques-le-18-octobre\/","title":{"rendered":"Cameroun: apr\u00e8s deux rendez-vous manqu\u00e9s, Camair-Co annonce la reprise de ses vols domestiques le 18 octobre"},"content":{"rendered":"<div readability=\"32\">\n<p>Publi\u00e9 le 17.10.2020 \u00e0 11h31 par JournalduCameroun.com<\/p>\n<\/div>\n<div readability=\"52.803738317757\">\n<h2>La compagnie a\u00e9rienne nationale du Cameroun assurera \u00e0 partir de dimanche le transport des passagers vers Yaound\u00e9, Douala et Garoua<\/h2>\n<p><span class=\"c6\">La compagnie a\u00e9rienne nationale du Cameroun devrait reprendre ses vols ce dimanche, 18 octobre, apr\u00e8s plus de sept mois de suspension des activit\u00e9s du fait de la pand\u00e9mie du Covid-19. Cette reprise \u00e9tait pr\u00e9vue le 12 puis le 16 octobre, avant d\u2019\u00eatre annul\u00e9e pour des<\/span> <a href=\"https:\/\/www.journalducameroun.com\/cameroun-reprise-vols-camair-co-reportee-sine-die-2\/\"><span class=\"c6\">soucis de r\u00e8glement de la police d\u2019assurance<\/span><\/a> <span class=\"c6\">des passagers.<\/span><\/p>\n<p><em><span class=\"c6\">\u201cLes diligences ayant occasionn\u00e9 le report des vols de la journ\u00e9e du 16 octobre ont connu une issue favorable [\u2026] par cons\u00e9quent ses vols domestiques vont op\u00e9rer \u00e0 compter du dimanche 18 octobre\u201d<\/span><\/em><span class=\"c6\">, a annonc\u00e9<\/span> <strong>Camair-Co<\/strong> <span class=\"c6\">dans un communiqu\u00e9 publi\u00e9 vendredi soir.<\/span><\/p>\n<p><span class=\"c6\">La compagnie va se consacrer essentiellement \u00e0 la desserte de certaines villes du Cameroun:<\/span> <strong>Douala<\/strong><span class=\"c6\">,<\/span> <strong>Yaound\u00e9<\/strong><span class=\"c6\">,<\/span> <strong>Maroua<\/strong><span class=\"c6\">,<\/span> <strong>Garoua<\/strong><span class=\"c6\">. Aucun vol international n\u2019a \u00e9t\u00e9 annonc\u00e9.<\/span><\/p>\n<p><span class=\"c6\">Pour la reprise de ses op\u00e9rations commerciales, Camair-co a lou\u00e9 un Boeing 737-300 de 135 si\u00e8ges avec l\u2019\u00e9quipage, aupr\u00e8s de la compagnie ukrainienne<\/span> <strong>Jonika Airlines<\/strong><span class=\"c6\">. Les propres avions de Camair-Co (deux 737-700 et deux MA-60) sont clou\u00e9s au sol.<\/span><\/p>\n<\/div>\n<p>Auteur: JournalduCameroun.com<br \/>\n<a href=\"https:\/\/www.journalducameroun.com\/apres-deux-rendez-vous-camair-co-reprise-vols-domestiques-18-octobre\/\">Cliquez ici pour lire l&rsquo;article depuis sa source.<\/a><\/p>\n","protected":false},"excerpt":{"rendered":"<p>Publi\u00e9 le 17.10.2020 \u00e0 11h31 par JournalduCameroun.com La compagnie a\u00e9rienne nationale du Cameroun assurera \u00e0 partir de dimanche le transport des passagers vers Yaound\u00e9, Douala et Garoua La compagnie a\u00e9rienne nationale du Cameroun devrait reprendre ses vols ce dimanche, 18 octobre, apr\u00e8s plus de sept mois de suspension des activit\u00e9s du fait de la pand\u00e9mie [&hellip;]<\/p>\n","protected":false},"author":1965,"featured_media":0,"comment_status":"closed","ping_status":"closed","sticky":false,"template":"","format":"standard","meta":{"fifu_image_url":"","fifu_image_alt":"","footnotes":""},"categories":[73,82],"tags":[],"class_list":["post-102039","post","type-post","status-publish","format-standard","hentry","category-actualite","category-cameroun"],"_links":{"self":[{"href":"https:\/\/linitiative.ca\/International\/wp-json\/wp\/v2\/posts\/102039","targetHints":{"allow":["GET"]}}],"collection":[{"href":"https:\/\/linitiative.ca\/International\/wp-json\/wp\/v2\/posts"}],"about":[{"href":"https:\/\/linitiative.ca\/International\/wp-json\/wp\/v2\/types\/post"}],"author":[{"embeddable":true,"href":"https:\/\/linitiative.ca\/International\/wp-json\/wp\/v2\/users\/1965"}],"replies":[{"embeddable":true,"href":"https:\/\/linitiative.ca\/International\/wp-json\/wp\/v2\/comments?post=102039"}],"version-history":[{"count":0,"href":"https:\/\/linitiative.ca\/International\/wp-json\/wp\/v2\/posts\/102039\/revisions"}],"wp:attachment":[{"href":"https:\/\/linitiative.ca\/International\/wp-json\/wp\/v2\/media?parent=102039"}],"wp:term":[{"taxonomy":"category","embeddable":true,"href":"https:\/\/linitiative.ca\/International\/wp-json\/wp\/v2\/categories?post=102039"},{"taxonomy":"post_tag","embeddable":true,"href":"https:\/\/linitiative.ca\/International\/wp-json\/wp\/v2\/tags?post=102039"}],"curies":[{"name":"wp","href":"https:\/\/api.w.org\/{rel}","templated":true}]}}