{"id":102040,"date":"2020-10-17T07:18:02","date_gmt":"2020-10-17T11:18:02","guid":{"rendered":"https:\/\/linitiative.ca\/International\/justice-et-politique-parmi-les-divers-sujets-a-la-une-au-senegal\/"},"modified":"2020-10-17T07:18:02","modified_gmt":"2020-10-17T11:18:02","slug":"justice-et-politique-parmi-les-divers-sujets-a-la-une-au-senegal","status":"publish","type":"post","link":"https:\/\/linitiative.ca\/International\/justice-et-politique-parmi-les-divers-sujets-a-la-une-au-senegal\/","title":{"rendered":"Justice et politique parmi les divers sujets \u00e0 la Une au S\u00e9n\u00e9gal"},"content":{"rendered":"<div readability=\"32\">\n<p>Publi\u00e9 le 17.10.2020 \u00e0 12h18 par APA News<\/p>\n<\/div>\n<div readability=\"114\">\n<p>Les quotidiens s\u00e9n\u00e9galais parvenus samedi \u00e0 APA traitent d\u2019une diversit\u00e9 de sujets abordant entre autres la visite de Macky Sall au Nig\u00e9ria, la convocation du juge T\u00e9liko devant la Cour Supr\u00eame et la vente mouvement\u00e9e des cartes au Parti d\u00e9mocratique s\u00e9n\u00e9galais (PDS).\u00ab L\u2019Afrique, une terre d\u2019opportunit\u00e9s \u00bb, titre Le\u00a0Soleil, qui reprend ainsi le pr\u00e9sident Macky Sall s\u2019adressant aux investisseurs am\u00e9ricains \u00e0 Abuja, au Nig\u00e9ria, o\u00f9 il s\u00e9journe pour une visite d\u2019amiti\u00e9 et de travail.<\/p>\n<p>Lib\u00e9ration souligne que des bus de la soci\u00e9t\u00e9 nationale de transport Dakar Demm Dikk sont \u00e0 l\u2019arr\u00eat \u00ab faute de carburant \u00bb. Pour le journal, les usagers sont \u00ab des victimes collat\u00e9rales d\u2019un scandale \u00e0 milliards \u00bb.<\/p>\n<p>EnQu\u00eate titre sur les naufrages de pirogues de voyageurs clandestins, un \u00ab h\u00e9catombe en mer \u00bb. 37 Subsahariens, en majorit\u00e9 des S\u00e9n\u00e9galais, ont p\u00e9ri dans l\u2019Atlantique. Partis des c\u00f4tes mauritaniennes, le 26 septembre, il n\u2019y a eu que 12 rescap\u00e9s, rapporte le quotidien.<\/p>\n<p>Sur l\u2019actualit\u00e9 judiciaire, L\u2019AS note que le magistrat Souleymane T\u00e9liko, traduit en conseil de discipline par le minist\u00e8re de tutelle, est convoqu\u00e9 le 28 octobre \u00e0 la Cour Supr\u00eame. Toutefois, le Comit\u00e9 de Ressort de Dakar bat le rappel des troupes et \u00ab s\u2019appr\u00eate pour le combat \u00bb en faveur du pr\u00e9sident de l\u2019Union des magistrats du S\u00e9n\u00e9gal (UMS), qui d\u00e9croche \u00e9galement le \u00ab soutien \u00bb de l\u2019Union internationale des magistrats.<\/p>\n<p>Par ailleurs, l\u2019audition de T\u00e9liko se fera \u00e0 Dakar m\u00eame si elle \u00e9tait pr\u00e9vue \u00e0 Ziguinchor, souligne Le Quotidien, qui livre \u00e9galement \u00ab la plaidoirie de Ngor Diop \u00bb, l\u2019ancien pr\u00e9sident du tribunal d\u00e9partemental de Podor (nord).<\/p>\n<p>Le magistrat a d\u00e9pos\u00e9 une requ\u00eate contre son affectation \u00e0 la Cour d\u2019Appel de Thi\u00e8s et accuse le Garde des Sceaux, Malick Sall, d\u2019avoir viol\u00e9 le principe d\u2019inamovibilit\u00e9 et d\u2019exc\u00e8s de pouvoir.<\/p>\n<p>En politique, Vox Populi note que la c\u00e9r\u00e9monie de lancement de la vente des cartes du PDS \u00ab vire \u00e0 la bagarre entre lib\u00e9raux \u00bb. En effet, des jeunes souteneurs du maire Bara Gaye \u00ab gazent leurs fr\u00e8res de parti \u00bb.<\/p>\n<p>\u00ab Bara Gaye se rebelle contre les Wade \u00bb, indique L\u2019AS, soulignant que les partisans du maire de Yeumbeul Nord (banlieue dakaroise) laissent \u00e9clater leur col\u00e8re et perturbent l\u2019op\u00e9ration. L\u2019ancien d\u00e9put\u00e9 Doudou Wade note par ailleurs que \u00ab\u00a0personne ne se mettra sur notre chemin\u00a0\u00bb.<\/p>\n<p>L\u2019Observateur livre une enqu\u00eate sur la transfusion sanguine : \u00ab un circuit sang failles \u00bb. Le journal note une \u00ab perte de tra\u00e7abilit\u00e9 sur 80% des poches de sang d\u00e9livr\u00e9es \u00bb et au moins 3,6 milliards FCFA \u00ab dans la nature \u00bb.<\/p>\n<p>Le journal fait un focus \u00e9galement sur l\u2019hirsutisme ou la pilosit\u00e9 excessive. Des femmes \u00ab barbues \u00bb y font des \u00ab confidences sans tabou \u00bb.<\/p>\n<p>En football, Stades pr\u00e9sente les trois gros chocs en Europe ce week-end et le recrutement XXL du Jaraaf de Dakar \u00ab pour r\u00e9affirmer son statut de grand club \u00bb. Ainsi, souligne le quotidien sp\u00e9cialis\u00e9, les comp\u00e9tions vont reprendre en novembre au S\u00e9n\u00e9gal apr\u00e8s leur arr\u00eat le 2 mars.<\/p>\n<p>Par ailleurs, le journal note que l\u2019attaquant \u00ab Boulaye Dia peut rallumer la flamme \u00bb \u00e0 Reims apr\u00e8s une bonne premi\u00e8re avec les Lions. Record se demande pour sa part s\u2019il faut \u00ab br\u00fbler Ciss\u00e9 \u00bb, le s\u00e9lectionneur de l\u2019\u00e9quipe nationale fortement critiqu\u00e9 sur ses performances et ses choix tactiques.<\/p>\n<\/div>\n<p>Auteur: APA News<br \/>\n<a href=\"https:\/\/www.journalducameroun.com\/justice-et-politique-parmi-les-divers-sujets-a-la-une-au-senegal\/\">Cliquez ici pour lire l&rsquo;article depuis sa source.<\/a><\/p>\n","protected":false},"excerpt":{"rendered":"<p>Publi\u00e9 le 17.10.2020 \u00e0 12h18 par APA News Les quotidiens s\u00e9n\u00e9galais parvenus samedi \u00e0 APA traitent d\u2019une diversit\u00e9 de sujets abordant entre autres la visite de Macky Sall au Nig\u00e9ria, la convocation du juge T\u00e9liko devant la Cour Supr\u00eame et la vente mouvement\u00e9e des cartes au Parti d\u00e9mocratique s\u00e9n\u00e9galais (PDS).\u00ab L\u2019Afrique, une terre d\u2019opportunit\u00e9s \u00bb, [&hellip;]<\/p>\n","protected":false},"author":1965,"featured_media":0,"comment_status":"closed","ping_status":"closed","sticky":false,"template":"","format":"standard","meta":{"fifu_image_url":"","fifu_image_alt":"","footnotes":""},"categories":[73,82],"tags":[],"class_list":["post-102040","post","type-post","status-publish","format-standard","hentry","category-actualite","category-cameroun"],"_links":{"self":[{"href":"https:\/\/linitiative.ca\/International\/wp-json\/wp\/v2\/posts\/102040","targetHints":{"allow":["GET"]}}],"collection":[{"href":"https:\/\/linitiative.ca\/International\/wp-json\/wp\/v2\/posts"}],"about":[{"href":"https:\/\/linitiative.ca\/International\/wp-json\/wp\/v2\/types\/post"}],"author":[{"embeddable":true,"href":"https:\/\/linitiative.ca\/International\/wp-json\/wp\/v2\/users\/1965"}],"replies":[{"embeddable":true,"href":"https:\/\/linitiative.ca\/International\/wp-json\/wp\/v2\/comments?post=102040"}],"version-history":[{"count":0,"href":"https:\/\/linitiative.ca\/International\/wp-json\/wp\/v2\/posts\/102040\/revisions"}],"wp:attachment":[{"href":"https:\/\/linitiative.ca\/International\/wp-json\/wp\/v2\/media?parent=102040"}],"wp:term":[{"taxonomy":"category","embeddable":true,"href":"https:\/\/linitiative.ca\/International\/wp-json\/wp\/v2\/categories?post=102040"},{"taxonomy":"post_tag","embeddable":true,"href":"https:\/\/linitiative.ca\/International\/wp-json\/wp\/v2\/tags?post=102040"}],"curies":[{"name":"wp","href":"https:\/\/api.w.org\/{rel}","templated":true}]}}