{"id":102041,"date":"2020-10-17T08:18:03","date_gmt":"2020-10-17T12:18:03","guid":{"rendered":"https:\/\/linitiative.ca\/International\/sujets-diversifies-au-menu-des-quotidiens-et-hebdomadaires-marocains\/"},"modified":"2020-10-17T08:18:03","modified_gmt":"2020-10-17T12:18:03","slug":"sujets-diversifies-au-menu-des-quotidiens-et-hebdomadaires-marocains","status":"publish","type":"post","link":"https:\/\/linitiative.ca\/International\/sujets-diversifies-au-menu-des-quotidiens-et-hebdomadaires-marocains\/","title":{"rendered":"Sujets diversifi\u00e9s au menu des quotidiens et hebdomadaires marocains"},"content":{"rendered":"<div readability=\"32\">\n<p>Publi\u00e9 le 17.10.2020 \u00e0 13h18 par APA News<\/p>\n<\/div>\n<div readability=\"138\">\n<p>Le discours royal devant le Parlement, le r\u00f4le de l\u2019investissement, le stress hydrique, et le respect des mesures de pr\u00e9vention sont les principaux sujets trait\u00e9s par les quotidiens et hebdomadaires marocains.+Challenge+ rel\u00e8ve que \u00ab le discours Royal devant le Parlement a r\u00e9it\u00e9r\u00e9 l\u2019importance de la protection sociale, y compris une allocation ch\u00f4mage \u00bb.<\/p>\n<p>Ce discours a mis en lumi\u00e8re les autres d\u00e9ficits, en particulier en termes de gouvernance, note la publication, soulignant que \u00ab nous sommes devant un projet de soci\u00e9t\u00e9 dont la coh\u00e9rence doit \u00eatre la colonne vert\u00e9brale \u00bb.<\/p>\n<p>Pour la publication, l\u2019ex\u00e9cutif et le l\u00e9gislatif doivent se mettre au diapason pour permettre au Maroc de sortir de la crise plus fort, mieux arm\u00e9 et \u00e0 la d\u00e9mocratie sociale d\u2019\u00eatre plus vivante, donc plus proche des gens et suscitant leur adh\u00e9sion, c\u2019est tout l\u2019enjeu des prochaines semaines.<\/p>\n<p>+La Vie Eco+ note pour sa part que l\u2019ouverture cette semaine, du site industrie d\u2019Alstom \u00e0 F\u00e8s \u00e9tait une belle occasion de le faire, expliquant que \u00ab petite, moyenne ou grande, industrielle, agricole ou de services publique ou priv\u00e9e, l\u2019entreprise est la cellule de base sans laquelle l\u2019\u00e9conomie n\u2019a pas de sens \u00bb.<\/p>\n<p>Elle cr\u00e9e des emplois, procure de revenus \u00e0 ses salari\u00e9s, donc du pouvoir d\u2019achat aux m\u00e9nages, explique-t-il, ajoutant qu\u2019elle est \u00e0 la base de la boucle \u00e9conomique parce qu\u2019elle g\u00e9n\u00e8re de la consommation et de l\u2019\u00e9pargne tout en \u00e9tant, en m\u00eame temps, \u00e0 la base de la production.<\/p>\n<p>+Al Massae+ fait observer que la situation de p\u00e9nurie hydrique au Maroc est alarmante. Les indicateurs, les chiffres et les pr\u00e9visions des instances comp\u00e9tentes sont dans le rouge.<\/p>\n<p>Le royaume est le 23e \u00c9tat le plus menac\u00e9 par les p\u00e9nuries d\u2019eau, selon le dernier rapport du World Resources Institute (WRI) qui a \u00e9tudi\u00e9 la situation de 165 pays. Dans le royaume, les r\u00e9gions du Sud, plus s\u00e8ches, ne sont pas les plus \u00e0 risque, mais d\u2019autres zones du territoire, notamment les plus peupl\u00e9es o\u00f9 l\u2019agriculture est la plus d\u00e9velopp\u00e9e, sont \u00e9galement aujourd\u2019hui menac\u00e9es, commente le journal. Ce qui pr\u00e9sente de s\u00e9rieuses menaces pour les populations.<\/p>\n<p>Cet \u00e9tat des lieux est \u00e9galement soulign\u00e9 dans le dernier rapport de l\u2019Institut pour l\u2019\u00e9conomie et la paix (IEP) qui pr\u00e9dit des probl\u00e8mes de p\u00e9nurie d\u2019eau et d\u2019instabilit\u00e9 r\u00e9gionale au Maroc en 2040. Selon d\u2019autres chiffres de la FAO, la situation de p\u00e9nurie hydrique au Maroc est alarmante, r\u00e9sume le quotidien.<\/p>\n<p>En fait, les ressources en eau sont actuellement \u00e9valu\u00e9es \u00e0 environ 500 m3\/habitant\/an, contre 2500 m3 en 1960. C\u2019est dire que la crise est aigu\u00eb. \u00abEt pourtant, le sujet ne pr\u00e9occupe personne, alors que cette situation aura des r\u00e9percussions n\u00e9gatives sur le court, le moyen et le long termes\u00bb, fait remarquer le quotidien.<\/p>\n<p>Pour sa part, +Finances News-Hebdo+ \u00e9crit que \u00ab la vie est bien tristounette depuis l\u2019apparition de la Covid-19. Les rapports sociaux sont d\u00e9sormais r\u00e9gis par la prudence outranci\u00e8re, la suspicion et une certaine distanciation qui rend notre quotidien bien terne. Et cela dure depuis des mois \u00bb.<\/p>\n<p>Quand les rares occasions de joie se pr\u00e9sentent, on s\u2019oublie ais\u00e9ment. Quitte \u00e0 prendre des risques inconsid\u00e9r\u00e9s, souligne le journal, \u00e9voquant ce qui s\u2019est pass\u00e9 avec le sacre, dimanche, du Raja de Casablanca.<\/p>\n<p>Si les Marocains ont fait preuve d\u2019exemplarit\u00e9 durant le confinement strict, ils sont, d\u00e9sormais, de plus en plus enclins \u00e0 transgresser l\u2019\u00e9tat d\u2019urgence sanitaire, fait-il remarquer, notant que cette liesse populaire est simplement l\u2019expression d\u2019un ras-le-bol collectif de citoyens en libert\u00e9 conditionnelle, qui souffrent des mesures restrictives impos\u00e9es par les autorit\u00e9s et des cons\u00e9quences \u00e9conomiques de cette crise.<\/p>\n<\/div>\n<p>Auteur: APA News<br \/>\n<a href=\"https:\/\/www.journalducameroun.com\/sujets-diversifies-au-menu-des-quotidiens-et-hebdomadaires-marocains\/\">Cliquez ici pour lire l&rsquo;article depuis sa source.<\/a><\/p>\n","protected":false},"excerpt":{"rendered":"<p>Publi\u00e9 le 17.10.2020 \u00e0 13h18 par APA News Le discours royal devant le Parlement, le r\u00f4le de l\u2019investissement, le stress hydrique, et le respect des mesures de pr\u00e9vention sont les principaux sujets trait\u00e9s par les quotidiens et hebdomadaires marocains.+Challenge+ rel\u00e8ve que \u00ab le discours Royal devant le Parlement a r\u00e9it\u00e9r\u00e9 l\u2019importance de la protection sociale, [&hellip;]<\/p>\n","protected":false},"author":1965,"featured_media":0,"comment_status":"closed","ping_status":"closed","sticky":false,"template":"","format":"standard","meta":{"fifu_image_url":"","fifu_image_alt":"","footnotes":""},"categories":[73,82],"tags":[],"class_list":["post-102041","post","type-post","status-publish","format-standard","hentry","category-actualite","category-cameroun"],"_links":{"self":[{"href":"https:\/\/linitiative.ca\/International\/wp-json\/wp\/v2\/posts\/102041","targetHints":{"allow":["GET"]}}],"collection":[{"href":"https:\/\/linitiative.ca\/International\/wp-json\/wp\/v2\/posts"}],"about":[{"href":"https:\/\/linitiative.ca\/International\/wp-json\/wp\/v2\/types\/post"}],"author":[{"embeddable":true,"href":"https:\/\/linitiative.ca\/International\/wp-json\/wp\/v2\/users\/1965"}],"replies":[{"embeddable":true,"href":"https:\/\/linitiative.ca\/International\/wp-json\/wp\/v2\/comments?post=102041"}],"version-history":[{"count":0,"href":"https:\/\/linitiative.ca\/International\/wp-json\/wp\/v2\/posts\/102041\/revisions"}],"wp:attachment":[{"href":"https:\/\/linitiative.ca\/International\/wp-json\/wp\/v2\/media?parent=102041"}],"wp:term":[{"taxonomy":"category","embeddable":true,"href":"https:\/\/linitiative.ca\/International\/wp-json\/wp\/v2\/categories?post=102041"},{"taxonomy":"post_tag","embeddable":true,"href":"https:\/\/linitiative.ca\/International\/wp-json\/wp\/v2\/tags?post=102041"}],"curies":[{"name":"wp","href":"https:\/\/api.w.org\/{rel}","templated":true}]}}