{"id":102042,"date":"2020-10-17T13:18:02","date_gmt":"2020-10-17T17:18:02","guid":{"rendered":"https:\/\/linitiative.ca\/International\/presidentielle-le-pdci-eds-et-le-fpi-absents-a-un-dialogue-entre-le-pm-et-lopposition\/"},"modified":"2020-10-17T13:18:02","modified_gmt":"2020-10-17T17:18:02","slug":"presidentielle-le-pdci-eds-et-le-fpi-absents-a-un-dialogue-entre-le-pm-et-lopposition","status":"publish","type":"post","link":"https:\/\/linitiative.ca\/International\/presidentielle-le-pdci-eds-et-le-fpi-absents-a-un-dialogue-entre-le-pm-et-lopposition\/","title":{"rendered":"Pr\u00e9sidentielle: le Pdci, EDS et le FPI absents \u00e0 un \u00ab\u00a0dialogue\u00a0\u00bb entre le PM et l\u2019opposition"},"content":{"rendered":"<div readability=\"32\">\n<p>Publi\u00e9 le 17.10.2020 \u00e0 18h18 par APA News<\/p>\n<\/div>\n<div readability=\"139\">\n<p>Des partis et plate-formes de l\u2019opposition ivoirienne, entre autres, le Pdci, EDS et le FPI\/AFD \u00e9taient absents samedi \u00e0 un \u00ab\u00a0dialogue\u00a0\u00bb entre le Premier ministre Hamed Bakayoko et l\u2019opposition, suite \u00e0 l\u2019appel de l\u2019opposition au boycott de la pr\u00e9sidentielle du 31 octobre 2020.\u00a0\u00bbNous avons invit\u00e9 les candidats \u00e0 l\u2019\u00e9lection pr\u00e9sidentielle ou leur repr\u00e9sentant (mais) ce format ne convenait pas \u00e0 certains candidats\u00a0\u00bb, a indiqu\u00e9 M. Hamed Bakayoko, \u00e0 l\u2019ouverture des \u00e9changes avec les partis de l\u2019opposition.\u00a0<\/p>\n<p>Il a dit \u00ab\u00a0regretter\u00a0\u00bb que les repr\u00e9sentants de partis qui portent certains candidats retenus \u00e0 la pr\u00e9sidentielle par le Conseil constitutionnel ne soient pas pr\u00e9sents, or \u00ab\u00a0quel que soit le niveau de contradiction, nous ne devons jamais arr\u00eater de dialoguer et de discuter\u00a0\u00bb.\u00a0<\/p>\n<p>\u00ab\u00a0Le gouvernement gardera sa main tendue pour ce dialogue \u00e0 tout moment parce que comme le disait le pr\u00e9sident Houphou\u00ebt, quel que soit le niveau de crise, \u00e0 la fin c\u2019est le dialogue \u00a0(et) nous sommes dispos\u00e9s\u00a0\u00bb \u00e0 discuter, a fait savoir le Premier ministre ivoirien. \u00a0\u00a0<\/p>\n<p>\u00ab\u00a0Je les appelle \u00e0 revenir prendre leur place dans le jeu politique et \u00e0 repr\u00e9senter leurs militants et les courants de pens\u00e9es, je les appelle \u00e0 cesser et \u00e0 retirer les mots d\u2019ordre qui se traduisent par des actes de violences\u00a0\u00bb, a lanc\u00e9 M. Hamed Bakayoko \u00e0 l\u2019endroit de l\u2019opposition.\u00a0<\/p>\n<p>Sur la question de violence, \u00ab\u00a0ils le savent, nous seront d\u2019une fermet\u00e9 implacable. Si vous \u00eates responsable de violences sur des personnes et des biens publics ou priv\u00e9s, vous assurerez t\u00f4t ou tard parce qu\u2019 il y aura des proc\u00e8s\u00a0\u00bb, a-t-il pr\u00e9venu. \u00a0 \u00a0<\/p>\n<p>\u00ab\u00a0Aujourd\u2019hui, nous avons 10.743 bureaux de vote, on constate \u00e7a et l\u00e0 des incidents sur une vingtaine (suite \u00e0 l\u2019appel \u00e0 la d\u00e9sob\u00e9issance civile lanc\u00e9 par l\u2019opposition), ce n\u2019est pas significatif (mais) je veux leur dire notre foi en l\u2019aboutissement de ce processus\u00a0\u00bb, a-t-il dit. \u00a0<\/p>\n<p>Malgr\u00e9 toutes ces d\u00e9clarations \u00e0 la d\u00e9sob\u00e9issance civile lanc\u00e9e par l\u2019opposition \u00ab\u00a0nous parlons avec les candidats et leur staff, m\u00eame ceux qui ne participent pas encore \u00e0 la campagne\u00a0\u00bb, a-t-il ajout\u00e9, \u00a0esp\u00e9rant que \u00ab\u00a0les candidats h\u00e9sitant et qui appellent au boycott vont revenir \u00e0 de meilleurs sentiments\u00a0\u00bb.<\/p>\n<p>L\u2019opposition demande un report de l\u2019\u00e9lection. A ce sujet, le chef du gouvernement a estim\u00e9 que \u00ab\u00a0c\u2019est important pour notre pays que nous ayons ces \u00e9lections \u00e0 bonne date\u00a0\u00bb, avant d\u2019ajouter \u00ab\u00a0que les gens arr\u00eatent de penser qu\u2019il va avoir une situation exceptionnelle qui va nous imposer les choses, on n\u2019a pas besoin de cela, qu\u2019 ils viennent discuter\u00a0\u00bb. \u00a0\u00a0<\/p>\n<p>\u00ab\u00a0Nous sommes en pleine campagne et j\u2019ai entendu beaucoup d\u2019appels au dialogue, j\u2019ai entendu certains candidats annoncer publiquement qu\u2019 ils manifestent pour obtenir du gouvernement que nous puissions discuter et c\u2019est ce \u00e0 quoi je fais droit aujourd\u2019hui\u00a0\u00bb, a-t-il fait observer.\u00a0<\/p>\n<p>Au terme des \u00e9changes, le ministre en charge de l\u2019Administration territoriale et de la d\u00e9centralisation, Sidiki Diakit\u00e9, a d\u00e9clar\u00e9 que les partis politiques ont d\u00e9sapprouv\u00e9 les actes de violences et souhait\u00e9 que le dialogue se poursuive avec l\u2019opposition.\u00a0<\/p>\n<p>Le chef de l\u2019Etat ivoirien a laiss\u00e9 entendre la veille \u00e0 un meeting marquant l\u2019ouverture de sa campagne \u00e9lectorale, \u00a0\u00e0 Bouak\u00e9, la m\u00e9tropole du centre ivoirien, qu\u2019il n\u2019y aura pas de report de l\u2019\u00e9lection pr\u00e9sidentielle du 31 octobre 2020.<\/p>\n<p>A ce dialogue, huit partis et groupements politiques ont r\u00e9pondu \u00e0 l\u2019appel du Premier ministre, entre autres, le Rhdp (pouvoir), Concorde, GP-Paix, UDCY, URD, Renouveau d\u00e9mocratique, PACI et AID.<\/p>\n<p>\u00c9taient absents, entre autres, le Pdci (dont le candidat est Henri Konan B\u00e9di\u00e9), RPP, URD, EDS (dont la candidature du r\u00e9f\u00e9rent politique, Laurent Gbagbo, a \u00e9t\u00e9 rejet\u00e9e) et le FPI\/AFD \u00a0(dont le candidat est Affi Nguessan).<\/p>\n<\/div>\n<p>Auteur: APA News<br \/>\n<a href=\"https:\/\/www.journalducameroun.com\/presidentielle-le-pdci-eds-et-le-fpi-absents-a-un-dialogue-entre-le-pm-et-lopposition\/\">Cliquez ici pour lire l&rsquo;article depuis sa source.<\/a><\/p>\n","protected":false},"excerpt":{"rendered":"<p>Publi\u00e9 le 17.10.2020 \u00e0 18h18 par APA News Des partis et plate-formes de l\u2019opposition ivoirienne, entre autres, le Pdci, EDS et le FPI\/AFD \u00e9taient absents samedi \u00e0 un \u00ab\u00a0dialogue\u00a0\u00bb entre le Premier ministre Hamed Bakayoko et l\u2019opposition, suite \u00e0 l\u2019appel de l\u2019opposition au boycott de la pr\u00e9sidentielle du 31 octobre 2020.\u00a0\u00bbNous avons invit\u00e9 les candidats [&hellip;]<\/p>\n","protected":false},"author":1965,"featured_media":0,"comment_status":"closed","ping_status":"closed","sticky":false,"template":"","format":"standard","meta":{"fifu_image_url":"","fifu_image_alt":"","footnotes":""},"categories":[73,82],"tags":[],"class_list":["post-102042","post","type-post","status-publish","format-standard","hentry","category-actualite","category-cameroun"],"_links":{"self":[{"href":"https:\/\/linitiative.ca\/International\/wp-json\/wp\/v2\/posts\/102042","targetHints":{"allow":["GET"]}}],"collection":[{"href":"https:\/\/linitiative.ca\/International\/wp-json\/wp\/v2\/posts"}],"about":[{"href":"https:\/\/linitiative.ca\/International\/wp-json\/wp\/v2\/types\/post"}],"author":[{"embeddable":true,"href":"https:\/\/linitiative.ca\/International\/wp-json\/wp\/v2\/users\/1965"}],"replies":[{"embeddable":true,"href":"https:\/\/linitiative.ca\/International\/wp-json\/wp\/v2\/comments?post=102042"}],"version-history":[{"count":0,"href":"https:\/\/linitiative.ca\/International\/wp-json\/wp\/v2\/posts\/102042\/revisions"}],"wp:attachment":[{"href":"https:\/\/linitiative.ca\/International\/wp-json\/wp\/v2\/media?parent=102042"}],"wp:term":[{"taxonomy":"category","embeddable":true,"href":"https:\/\/linitiative.ca\/International\/wp-json\/wp\/v2\/categories?post=102042"},{"taxonomy":"post_tag","embeddable":true,"href":"https:\/\/linitiative.ca\/International\/wp-json\/wp\/v2\/tags?post=102042"}],"curies":[{"name":"wp","href":"https:\/\/api.w.org\/{rel}","templated":true}]}}