{"id":102043,"date":"2020-10-17T15:33:25","date_gmt":"2020-10-17T19:33:25","guid":{"rendered":"https:\/\/linitiative.ca\/International\/cameroun-taxe-sur-le-telephone-lobservatoire-du-developpement-social-demande-au-minpostel-de-sursoir-a-sa-mesure\/"},"modified":"2020-10-17T15:33:25","modified_gmt":"2020-10-17T19:33:25","slug":"cameroun-taxe-sur-le-telephone-lobservatoire-du-developpement-social-demande-au-minpostel-de-sursoir-a-sa-mesure","status":"publish","type":"post","link":"https:\/\/linitiative.ca\/International\/cameroun-taxe-sur-le-telephone-lobservatoire-du-developpement-social-demande-au-minpostel-de-sursoir-a-sa-mesure\/","title":{"rendered":"Cameroun \u2013 taxe sur le t\u00e9l\u00e9phone : l\u2019Observatoire du d\u00e9veloppement social demande au Minpostel de sursoir \u00e0 sa mesure"},"content":{"rendered":"<div readability=\"32\">\n<p>Publi\u00e9 le 17.10.2020 \u00e0 20h33 par Christian Djimadeu<\/p>\n<\/div>\n<div readability=\"57\">\n<h2>Dans une d\u00e9claration publi\u00e9e ce 17 octobre 2020, l\u2019association estime que la mesure prise par le ministre des Postes et t\u00e9l\u00e9communications profite aux hommes d\u2019affaires, \u00e0 des pontes de l\u2019administration mais asphyxie le \u00a0\u00bb pauvre consommateur \u00a0\u00bb qui ne s\u2019est encore remis des r\u00e9percussions de la pand\u00e9mie de la Covid-19.<\/h2>\n<p>L\u2019Observatoire du d\u00e9veloppement social (ODS) dit non \u00e0 la taxe sur les <strong>t\u00e9l\u00e9phones et tablettes num\u00e9riques<\/strong> imput\u00e9e aux utilisateurs. Dans une d\u00e9claration faite ce 17 octobre 2020, son coordonnateur g\u00e9n\u00e9ral <strong>Lilian Koulou Engoulou<\/strong> demande au ministre des Postes et t\u00e9l\u00e9communications <strong>Minette Libom Li Likeng<\/strong> de sursoir \u00e0 cette mesure.<\/p>\n<p>Pour <strong>l\u2019ODS<\/strong>, la mesure qui voudrait qu\u2019on impute 33%\u00a0 du prix des t\u00e9l\u00e9phones et tablettes num\u00e9riques est dommageable pour de nombreux Camerounais. Pr\u00e9cis\u00e9ment 70% des sans emplois ou exer\u00e7ant dans l\u2019informel et dont les revenus \u00e9taient d\u00e9j\u00e0 d\u00e9risoires avant la pand\u00e9mie de la <strong>Covid-19<\/strong>.<\/p>\n<p>L\u2019ODS pense que la mesure du <strong>Minpostel<\/strong> favorise les importateurs de t\u00e9l\u00e9phones et certains cadres de l\u2019administration. Par cons\u00e9quent, pense-t-elle\u00a0 \u2039\u2039 <em>une mesure orient\u00e9es vers les int\u00e9r\u00eats \u00e9go\u00efstes ne saurait l\u00e9gitimement prosp\u00e9rer<\/em> \u203a\u203a.<\/p>\n<p>L\u2019entr\u00e9e en vigueur de la taxe sur le t\u00e9l\u00e9phone devait entrer en vigueur le 15 octobre dernier. Cela n\u2019a pas \u00e9t\u00e9 le cas. Mais le gouvernement compte la mettre en application pour notamment contourner le trafic des frais\u00a0 de douane, dont certains importateurs de t\u00e9l\u00e9phones et de tablettes num\u00e9riques se sont rendus coupables.<\/p>\n<p>L\u2019ODS estime que dans un contexte de pand\u00e9mie, le moyen de contour de l\u2019\u00c9tat ne tient pas compte du contexte de pand\u00e9mie actuelle.<\/p>\n<\/div>\n<p>Auteur: Christian DJIMADEU<br \/>\n<a href=\"https:\/\/www.journalducameroun.com\/cameroun-taxe-sur-le-telephone-lobservatoire-du-developpement-social-demande-au-minpostel-de-sursoir-a-sa-mesure\/\">Cliquez ici pour lire l&rsquo;article depuis sa source.<\/a><\/p>\n","protected":false},"excerpt":{"rendered":"<p>Publi\u00e9 le 17.10.2020 \u00e0 20h33 par Christian Djimadeu Dans une d\u00e9claration publi\u00e9e ce 17 octobre 2020, l\u2019association estime que la mesure prise par le ministre des Postes et t\u00e9l\u00e9communications profite aux hommes d\u2019affaires, \u00e0 des pontes de l\u2019administration mais asphyxie le \u00a0\u00bb pauvre consommateur \u00a0\u00bb qui ne s\u2019est encore remis des r\u00e9percussions de la pand\u00e9mie [&hellip;]<\/p>\n","protected":false},"author":1965,"featured_media":0,"comment_status":"closed","ping_status":"closed","sticky":false,"template":"","format":"standard","meta":{"fifu_image_url":"","fifu_image_alt":"","footnotes":""},"categories":[73,82],"tags":[],"class_list":["post-102043","post","type-post","status-publish","format-standard","hentry","category-actualite","category-cameroun"],"_links":{"self":[{"href":"https:\/\/linitiative.ca\/International\/wp-json\/wp\/v2\/posts\/102043","targetHints":{"allow":["GET"]}}],"collection":[{"href":"https:\/\/linitiative.ca\/International\/wp-json\/wp\/v2\/posts"}],"about":[{"href":"https:\/\/linitiative.ca\/International\/wp-json\/wp\/v2\/types\/post"}],"author":[{"embeddable":true,"href":"https:\/\/linitiative.ca\/International\/wp-json\/wp\/v2\/users\/1965"}],"replies":[{"embeddable":true,"href":"https:\/\/linitiative.ca\/International\/wp-json\/wp\/v2\/comments?post=102043"}],"version-history":[{"count":0,"href":"https:\/\/linitiative.ca\/International\/wp-json\/wp\/v2\/posts\/102043\/revisions"}],"wp:attachment":[{"href":"https:\/\/linitiative.ca\/International\/wp-json\/wp\/v2\/media?parent=102043"}],"wp:term":[{"taxonomy":"category","embeddable":true,"href":"https:\/\/linitiative.ca\/International\/wp-json\/wp\/v2\/categories?post=102043"},{"taxonomy":"post_tag","embeddable":true,"href":"https:\/\/linitiative.ca\/International\/wp-json\/wp\/v2\/tags?post=102043"}],"curies":[{"name":"wp","href":"https:\/\/api.w.org\/{rel}","templated":true}]}}