{"id":102045,"date":"2020-10-17T15:37:19","date_gmt":"2020-10-17T19:37:19","guid":{"rendered":"https:\/\/linitiative.ca\/International\/noso-204-000-deplaces-internes-regagnent-leurs-localites-dorigines\/"},"modified":"2020-10-17T15:37:19","modified_gmt":"2020-10-17T19:37:19","slug":"noso-204-000-deplaces-internes-regagnent-leurs-localites-dorigines","status":"publish","type":"post","link":"https:\/\/linitiative.ca\/International\/noso-204-000-deplaces-internes-regagnent-leurs-localites-dorigines\/","title":{"rendered":"NOSO : 204 000 d\u00e9plac\u00e9s internes regagnent leurs localit\u00e9s d\u2019origines"},"content":{"rendered":"<p>Le Bureau de coordination de l\u2019action humanitaire des Nations unies a enregistr\u00e9 un retour de 204 000 d\u00e9plac\u00e9s internes dans leurs localit\u00e9s d\u2019origine. Dans un rapport de situation dans le Nord-Ouest et le Sud-Ouest, l\u2019organisme note cependant que les mouvements de personnes dans ces r\u00e9gions s\u2019effectuent au gr\u00e9 du contexte s\u00e9curitaire, ainsi au mois d\u2019aout 2020, quelques 11 218 personnes ont \u00e9t\u00e9 contraintes de quitter leurs domiciles suite \u00e0 des attaques de bandes arm\u00e9es contre des civils. 10 200 d\u2019entre elles proviennent du Nord-Ouest.<\/p>\n<p>Il n\u2019est pas possible de dire avec pr\u00e9cision quels appuis ont \u00e9t\u00e9 apport\u00e9s \u00e0 cette communaut\u00e9 pour favoriser leur r\u00e9insertion. M\u00eame si un plan humanitaire d\u2019urgence de 12,716 milliards de Francs CFA est mis en \u0153uvre depuis juin 2018. Des denr\u00e9es alimentaires, des mat\u00e9riels de couchage et de toilette, des biens de consommation d\u2019usage sont distribu\u00e9s aux victimes de la crise anglophone. Mais le plan humanitaire pr\u00e9voyait aussi des aides \u00e0 la reconstruction de 10 000 logements d\u00e9truits (500 000 Frans CFA chacune) et de la r\u00e9habilitation des services sociaux (plus de 600 millions de Francs CFA. Le ministre de l\u2019administration territoriale, n\u2019a encore fourni publiquement aucun bilan de Le retour des d\u00e9plac\u00e9s internes survient alors que des op\u00e9rations de sensibilisation ont lieu dans le pays pour inciter au repeuplement du Nord-Ouest et du Sud-Ouest. Pr\u00e9alable pour la mise en \u0153uvre du plan gouvernemental de reconstruction de cette partie du pays en proie \u00e0 des conflits arm\u00e9s depuis plus de trois ans.<\/p>\n<p><strong>Lire aussi<\/strong> : <a href=\"https:\/\/ecomatin.net\/reconstruction-du-noso-le-manuel-de-procedure-valide\/\">Reconstruction du NOSO\u00a0: le manuel de proc\u00e9dure valid\u00e9<\/a><\/p>\n<p>Dans le cadre du Plan de reconstruction du Nord-Ouest et du Sud-Ouest, la commission dirig\u00e9e par Paul Tasong aura \u00e0 charge la r\u00e9habilitation de 350 \u00e9coles, de 115 centres de sant\u00e9, de 40 ponts, de 400 points d\u2019eau, de 500 kilom\u00e8tres de lignes \u00e9lectriques basse tension, de 600 kilom\u00e8tres de routes rurales, de 45 march\u00e9s et 25 000 hectares de plantations, avait-il r\u00e9cemment fait sa-voir. la gestion de l\u2019aide dont il a la charge.<\/p>\n<p>Il sera par ailleurs question de reconstruire 12 000 habitations durant les travaux. Selon le Centre pour les droits humains et la d\u00e9mocratie en Afrique (CHRDA), une ONG pr\u00e9sente en zone anglophone, pr\u00e8s de 106 villages y ont \u00e9t\u00e9 attaqu\u00e9s, incendi\u00e9s ou d\u00e9truits \u00e0 fin ao\u00fbt 2018.<\/p>\n<p><strong>Lire aussi<\/strong> : <a href=\"https:\/\/ecomatin.net\/un-million-denfants-descolarises-dans-les-regions-du-noso-et-de-lextreme-nord\/\">Un million d\u2019enfants d\u00e9scolaris\u00e9s dans les r\u00e9gions du NOSO et de l\u2019Extr\u00eame-Nord<\/a><\/p>\n<p>D\u2019une enveloppe globale de 89,682 milliards de Francs CFA, pour une dur\u00e9e d\u2019impl\u00e9mentation de deux ans, le Plan vise par ailleurs \u00e0 r\u00e9tablir la coh\u00e9sion sociale au travers de la reconstitution des documents officiels individuels, du renforcement des actions des organismes communautaires et de la soci\u00e9t\u00e9 civile.<\/p>\n<p>Un appui mat\u00e9riel et financier sera par ailleurs accord\u00e9 pour la relance des activit\u00e9s des op\u00e9rateurs \u00e9conomiques victimes de la crise. La t\u00e2che s\u2019av\u00e8re ardue dans ce sens si l\u2019on s\u2019en tient aux donn\u00e9es du Gicam, le principal regroupement patronal du pays, qui porte \u00e0 plus de 269 milliards de Francs CFA les pertes des entreprises.<\/p>\n<p>Les modalit\u00e9s de prises en charge y aff\u00e9rentes sont contenues dans le manuel de proc\u00e9dures valid\u00e9 le 15 septembre par le comit\u00e9 de pilotage du plan de reconstruction.<\/p>\n<p><strong>Lire aussi<\/strong> : <a href=\"https:\/\/ecomatin.net\/reconstruction-du-noso-36-milliards-de-fcfa-pour-la-premiere-annee\/\">Reconstruction du NOSO\u00a0: 6 milliards de FCFA pour la premi\u00e8re ann\u00e9e<\/a><\/p>\n<div class=\"awac-wrapper awac widget posts-list-widget-11\">\n<h4 class=\"widget-title\">Le plus r\u00e9cent<\/h4>\n<\/div>\n<p>Auteur: Eco Matin<br \/>\n<a href=\"https:\/\/ecomatin.net\/noso-204-000-deplaces-internes-regagnent-leurs-localites-dorigines\/\">Cliquez ici pour lire l&rsquo;article depuis sa source.<\/a><\/p>\n","protected":false},"excerpt":{"rendered":"<p>Le Bureau de coordination de l\u2019action humanitaire des Nations unies a enregistr\u00e9 un retour de 204 000 d\u00e9plac\u00e9s internes dans leurs localit\u00e9s d\u2019origine. Dans un rapport de situation dans le Nord-Ouest et le Sud-Ouest, l\u2019organisme note cependant que les mouvements de personnes dans ces r\u00e9gions s\u2019effectuent au gr\u00e9 du contexte s\u00e9curitaire, ainsi au mois d\u2019aout [&hellip;]<\/p>\n","protected":false},"author":1969,"featured_media":0,"comment_status":"closed","ping_status":"closed","sticky":false,"template":"","format":"standard","meta":{"fifu_image_url":"","fifu_image_alt":"","footnotes":""},"categories":[82,78],"tags":[],"class_list":["post-102045","post","type-post","status-publish","format-standard","hentry","category-cameroun","category-economie"],"_links":{"self":[{"href":"https:\/\/linitiative.ca\/International\/wp-json\/wp\/v2\/posts\/102045","targetHints":{"allow":["GET"]}}],"collection":[{"href":"https:\/\/linitiative.ca\/International\/wp-json\/wp\/v2\/posts"}],"about":[{"href":"https:\/\/linitiative.ca\/International\/wp-json\/wp\/v2\/types\/post"}],"author":[{"embeddable":true,"href":"https:\/\/linitiative.ca\/International\/wp-json\/wp\/v2\/users\/1969"}],"replies":[{"embeddable":true,"href":"https:\/\/linitiative.ca\/International\/wp-json\/wp\/v2\/comments?post=102045"}],"version-history":[{"count":0,"href":"https:\/\/linitiative.ca\/International\/wp-json\/wp\/v2\/posts\/102045\/revisions"}],"wp:attachment":[{"href":"https:\/\/linitiative.ca\/International\/wp-json\/wp\/v2\/media?parent=102045"}],"wp:term":[{"taxonomy":"category","embeddable":true,"href":"https:\/\/linitiative.ca\/International\/wp-json\/wp\/v2\/categories?post=102045"},{"taxonomy":"post_tag","embeddable":true,"href":"https:\/\/linitiative.ca\/International\/wp-json\/wp\/v2\/tags?post=102045"}],"curies":[{"name":"wp","href":"https:\/\/api.w.org\/{rel}","templated":true}]}}