{"id":102046,"date":"2020-10-18T08:12:47","date_gmt":"2020-10-18T12:12:47","guid":{"rendered":"https:\/\/linitiative.ca\/International\/athletisme-kiplimo-nouveau-champion-du-monde-de-semi-marathon\/"},"modified":"2020-10-18T08:12:47","modified_gmt":"2020-10-18T12:12:47","slug":"athletisme-kiplimo-nouveau-champion-du-monde-de-semi-marathon","status":"publish","type":"post","link":"https:\/\/linitiative.ca\/International\/athletisme-kiplimo-nouveau-champion-du-monde-de-semi-marathon\/","title":{"rendered":"Athl\u00e9tisme : Kiplimo nouveau champion du monde de semi-marathon"},"content":{"rendered":"<header>\n<div class=\"entry-post-meta\">\n<div class=\"author-link\">Publi\u00e9 par <a itemprop=\"author\" itemscope=\"\" itemtype=\"https:\/\/schema.org\/Person\" href=\"https:\/\/aujourdhui.ma\/author\/kaid\" rel=\"author\"><span itemprop=\"name\">ALM<\/span><\/a><\/div>\n<p>Date\u00a0:<time content=\"2020-10-18T13:12:47+01:00\" class=\"entry-date updated\" datetime=\"2020-10-18T13:12:47+01:00\">octobre 18, 2020<\/time><\/p>\n<div class=\"entry-cat\">dans:<a href=\"https:\/\/aujourdhui.ma\/category\/sports\" rel=\"category tag\">Sports<\/a><\/div>\n<p>9Vues<\/p>\n<\/div>\n<\/header>\n<div class=\"entry-content clearfix\" readability=\"47\"><img decoding=\"async\" class=\"post_layout_5_img\" src=\"http:\/\/aujourdhui.ma\/wp-content\/uploads\/2020\/10\/Athle\u0301tisme-Kiplimo-.jpg\" alt=\"Athl&#xE9;tisme : Kiplimo nouveau champion du monde de semi-marathon\"\/><\/p>\n<p><span class=\"c5\"><strong>L\u2019Ougandais Jacob Kiplimo a \u00e9t\u00e9 sacr\u00e9 champion du monde de semi-marathon, samedi \u00e0 Gdynia, alors que le favori, son compatriote Joshua Cheptegei, n\u2019a termin\u00e9 que 4e.<\/strong><\/span><br \/><span class=\"c6\"><span id=\"more-358213\"\/><\/span><\/p>\n<p>Kiplimo, qui aura 20 ans le 14 novembre et n\u2019avait jamais couru sur la distance de 21,1 km, l\u2019a emport\u00e9 en 58:49 et devanc\u00e9 le Kenyan Kibiwott Kandie et l\u2019Ethiopien Amedework Walelegn.<br \/>Tout s\u2019est jou\u00e9 apr\u00e8s le 15e km quand Kandie et Kiplimo ont fait exploser le groupe de t\u00eate avant que le prodige ougandais, champion du monde de cross juniors en 2017, ne fasse la diff\u00e9rence dans les derniers m\u00e8tres pour enlever le premier grand titre de sa jeune carri\u00e8re.<\/p>\n<\/div>\n<p>Auteur: ALM<br \/>\n<a href=\"https:\/\/aujourdhui.ma\/sports\/athletisme-kiplimo-nouveau-champion-du-monde-de-semi-marathon\">Cliquez ici pour lire l&rsquo;article depuis sa source.<\/a><\/p>\n","protected":false},"excerpt":{"rendered":"<p>Publi\u00e9 par ALM Date\u00a0:octobre 18, 2020 dans:Sports 9Vues L\u2019Ougandais Jacob Kiplimo a \u00e9t\u00e9 sacr\u00e9 champion du monde de semi-marathon, samedi \u00e0 Gdynia, alors que le favori, son compatriote Joshua Cheptegei, n\u2019a termin\u00e9 que 4e. Kiplimo, qui aura 20 ans le 14 novembre et n\u2019avait jamais couru sur la distance de 21,1 km, l\u2019a emport\u00e9 en [&hellip;]<\/p>\n","protected":false},"author":1759,"featured_media":102047,"comment_status":"closed","ping_status":"closed","sticky":false,"template":"","format":"standard","meta":{"fifu_image_url":"","fifu_image_alt":"","footnotes":""},"categories":[73,54],"tags":[],"class_list":["post-102046","post","type-post","status-publish","format-standard","has-post-thumbnail","hentry","category-actualite","category-maroc"],"_links":{"self":[{"href":"https:\/\/linitiative.ca\/International\/wp-json\/wp\/v2\/posts\/102046","targetHints":{"allow":["GET"]}}],"collection":[{"href":"https:\/\/linitiative.ca\/International\/wp-json\/wp\/v2\/posts"}],"about":[{"href":"https:\/\/linitiative.ca\/International\/wp-json\/wp\/v2\/types\/post"}],"author":[{"embeddable":true,"href":"https:\/\/linitiative.ca\/International\/wp-json\/wp\/v2\/users\/1759"}],"replies":[{"embeddable":true,"href":"https:\/\/linitiative.ca\/International\/wp-json\/wp\/v2\/comments?post=102046"}],"version-history":[{"count":0,"href":"https:\/\/linitiative.ca\/International\/wp-json\/wp\/v2\/posts\/102046\/revisions"}],"wp:featuredmedia":[{"embeddable":true,"href":"https:\/\/linitiative.ca\/International\/wp-json\/"}],"wp:attachment":[{"href":"https:\/\/linitiative.ca\/International\/wp-json\/wp\/v2\/media?parent=102046"}],"wp:term":[{"taxonomy":"category","embeddable":true,"href":"https:\/\/linitiative.ca\/International\/wp-json\/wp\/v2\/categories?post=102046"},{"taxonomy":"post_tag","embeddable":true,"href":"https:\/\/linitiative.ca\/International\/wp-json\/wp\/v2\/tags?post=102046"}],"curies":[{"name":"wp","href":"https:\/\/api.w.org\/{rel}","templated":true}]}}