{"id":102052,"date":"2020-10-18T10:49:10","date_gmt":"2020-10-18T14:49:10","guid":{"rendered":"https:\/\/linitiative.ca\/International\/l7sla-un-film-qui-plonge-dans-le-quotidien-des-jeunes-du-hay-mohammadi\/"},"modified":"2020-10-18T10:49:10","modified_gmt":"2020-10-18T14:49:10","slug":"l7sla-un-film-qui-plonge-dans-le-quotidien-des-jeunes-du-hay-mohammadi","status":"publish","type":"post","link":"https:\/\/linitiative.ca\/International\/l7sla-un-film-qui-plonge-dans-le-quotidien-des-jeunes-du-hay-mohammadi\/","title":{"rendered":"\u00abL7sla\u00bb, un film qui plonge dans le quotidien des jeunes du Hay Mohammadi"},"content":{"rendered":"<p><img decoding=\"async\" class=\"post_layout_5_img\" src=\"http:\/\/aujourdhui.ma\/wp-content\/uploads\/2020\/10\/Film-L7sla-2m-Maroc.jpg\" alt=\"&#xAB;L7sla&#xBB;, un film qui plonge dans le quotidien des jeunes du Hay Mohammadi\"\/><\/p>\n<p><span class=\"c5\"><strong>Diffus\u00e9 dimanche soir sur 2M<\/strong><\/span><span id=\"more-358219\"\/><\/p>\n<p>Le film \u00abL7sla\u00bb (L\u2019impasse), diffus\u00e9 dimanche soir sur 2M TV dans la case des \u00abHistoires et des Hommes\u00bb, est, comme le qualifie la cha\u00eene, \u00abrare et inattendu\u00bb. Produite par cette cha\u00eene et Ali\u2019n Production, cette \u0153uvre, de 60 min, r\u00e9alis\u00e9e par Sonia Terrab, renvoie \u00e9galement \u00e0 \u00abune des chansons mythiques du groupe Lemchaheb\u00bb. Une composition d\u2019artistes qui a symbolis\u00e9, dans les ann\u00e9es 70, l\u2019\u00e2ge d\u2019or de la musique populaire marocaine et \u00e9galement l\u2019\u00e2me de Hay Mohammadi.<\/p>\n<p>Si les anciens se rem\u00e9morent avec nostalgie et fiert\u00e9 le pass\u00e9 glorieux du Hay, pour les plus jeunes, H&amp;M (Hay Mohammadi comme ils l\u2019appellent), ce quartier, pour elle, \u00abn\u2019est plus qu\u2019une p\u00e9riph\u00e9rie pauvre de la m\u00e9tropole casablancaise o\u00f9 les \u00e2mes s\u2019entassent et les r\u00eaves se brisent sur l\u2019autel de la mis\u00e8re\u00bb. D\u2019o\u00f9 l\u2019intitul\u00e9 \u00abL\u2019impasse\u00bb. A propos de la d\u00e9marche artistique de la r\u00e9alisatrice, la cha\u00eene indique que son immersion a dur\u00e9 \u00abun an\u00bb. Elle y a suivi \u00abau quotidien et \u00e0 diff\u00e9rents moments de leur vie Neknouki, Mouad, Achraf, Wawa, Midou, Ayoub et tant d\u2019autres\u00bb. Elle a \u00e9galement pris \u00able temps de se faire accepter et donner la parole \u00e0 ceux qui s\u2019estiment des \u00absans voix\u00bb\u00bb. Ainsi, elle documente, sans tabous, des vies qui, selon la m\u00eame source, d\u00e9filent et o\u00f9 chaque jour ressemble au pr\u00e9c\u00e9dent, encore et encore.<\/p>\n<p>\u00abEn cours de route, j\u2019ai d\u00e9couvert que si la nostalgie du pass\u00e9 \u00e9tait encore bien pr\u00e9sente au Hay, l\u2019\u00e9nergie des seventies, les restes de cette cr\u00e9ativit\u00e9, cette effervescence, ont converg\u00e9 vers un amour diff\u00e9rent, celui du foot et en particulier de l\u2019\u00e9quipe casablancaise du Raja. Une des \u00e9quipes les plus embl\u00e9matiques au Maroc (avec sa rivale le Wydad), dite l\u2019\u00e9quipe du peuple.Si le quartier a vibr\u00e9 auparavant avec la musique de Lemchaheb et de Nass el Ghiwane, aujourd\u2019hui ce sont les paroles des chansons des ultras du Raja qui portent cette jeunesse et la bercent\u00bb, exalte la r\u00e9alisatrice.<\/p>\n<p><a href=\"https:http:\/\/aujourdhui.ma\/wp-content\/uploads\/2020\/10\/L7sla-film.jpg\"><img decoding=\"async\" loading=\"lazy\" class=\"size-full wp-image-358221 aligncenter\" src=\"http:\/\/aujourdhui.ma\/wp-content\/uploads\/2020\/10\/L7sla-film.jpg\" alt=\"\" width=\"746\" height=\"380\" srcset=\"http:\/\/aujourdhui.ma\/wp-content\/uploads\/2020\/10\/L7sla-film.jpg 746w, \/\/aujourdhui.ma\/wp-content\/uploads\/2020\/10\/L7sla-film-300x153.jpg 300w, \/\/aujourdhui.ma\/wp-content\/uploads\/2020\/10\/L7sla-film-274x140.jpg 274w, \/\/aujourdhui.ma\/wp-content\/uploads\/2020\/10\/L7sla-film-165x84.jpg 165w, \/\/aujourdhui.ma\/wp-content\/uploads\/2020\/10\/L7sla-film-702x358.jpg 702w\" sizes=\"auto, (max-width: 746px) 100vw, 746px\"\/><\/a><br \/>Entre derb (quartier), foot, drogue, petits deals, ch\u00f4mage, hrig (immigration clandestine) et solidarit\u00e9, les ph\u00e9nom\u00e8nes ne manquent pas. Comme le pr\u00e9cise 2M TV, des seventies et de Lemchaheb, il ne reste plus que \u00abL7sla\u00bb. \u00abMais \u00e0 regarder de plus pr\u00e8s, l\u2019\u00e9nergie, l\u2019effervescence et la cr\u00e9ativit\u00e9 sont intactes\u00bb, encha\u00eene la m\u00eame source. Si le quartier a vibr\u00e9 jadis sous les rythmes groupes mythiques du Hay, aujourd\u2019hui ce sont les paroles des chansons des ultras du Raja qui portent cette jeunesse et la bercent.<\/p>\n<p>Cela \u00e9tant, \u00abL7sala\u00bb est, comme le d\u00e9taille la cha\u00eene, le portait d\u2019un quartier comme nul autre pareil mais c\u2019est aussi le portrait d\u2019une \u00abjeunesse perdue et incomprise mais qui ne demande qu\u2019\u00e0 s\u2019exprimer et avoir droit au r\u00eave\u00bb.<\/p>\n<p><a href=\"https:http:\/\/aujourdhui.ma\/wp-content\/uploads\/2020\/10\/L7sla-film-.jpg\"><img decoding=\"async\" loading=\"lazy\" class=\"size-full wp-image-358222 aligncenter\" src=\"http:\/\/aujourdhui.ma\/wp-content\/uploads\/2020\/10\/L7sla-film-.jpg\" alt=\"\" width=\"746\" height=\"380\" srcset=\"http:\/\/aujourdhui.ma\/wp-content\/uploads\/2020\/10\/L7sla-film-.jpg 746w, \/\/aujourdhui.ma\/wp-content\/uploads\/2020\/10\/L7sla-film--300x153.jpg 300w, \/\/aujourdhui.ma\/wp-content\/uploads\/2020\/10\/L7sla-film--274x140.jpg 274w, \/\/aujourdhui.ma\/wp-content\/uploads\/2020\/10\/L7sla-film--165x84.jpg 165w, \/\/aujourdhui.ma\/wp-content\/uploads\/2020\/10\/L7sla-film--702x358.jpg 702w\" sizes=\"auto, (max-width: 746px) 100vw, 746px\"\/><\/a><\/p>\n<p>Auteur: ALM<br \/>\n<a href=\"https:\/\/aujourdhui.ma\/culture\/cinema\/l7sla-un-film-qui-plonge-dans-le-quotidien-des-jeunes-du-hay-mohammadi\">Cliquez ici pour lire l&rsquo;article depuis sa source.<\/a><\/p>\n","protected":false},"excerpt":{"rendered":"<p>Diffus\u00e9 dimanche soir sur 2M Le film \u00abL7sla\u00bb (L\u2019impasse), diffus\u00e9 dimanche soir sur 2M TV dans la case des \u00abHistoires et des Hommes\u00bb, est, comme le qualifie la cha\u00eene, \u00abrare et inattendu\u00bb. Produite par cette cha\u00eene et Ali\u2019n Production, cette \u0153uvre, de 60 min, r\u00e9alis\u00e9e par Sonia Terrab, renvoie \u00e9galement \u00e0 \u00abune des chansons mythiques [&hellip;]<\/p>\n","protected":false},"author":1759,"featured_media":102053,"comment_status":"closed","ping_status":"closed","sticky":false,"template":"","format":"standard","meta":{"fifu_image_url":"","fifu_image_alt":"","footnotes":""},"categories":[73,54],"tags":[],"class_list":["post-102052","post","type-post","status-publish","format-standard","has-post-thumbnail","hentry","category-actualite","category-maroc"],"_links":{"self":[{"href":"https:\/\/linitiative.ca\/International\/wp-json\/wp\/v2\/posts\/102052","targetHints":{"allow":["GET"]}}],"collection":[{"href":"https:\/\/linitiative.ca\/International\/wp-json\/wp\/v2\/posts"}],"about":[{"href":"https:\/\/linitiative.ca\/International\/wp-json\/wp\/v2\/types\/post"}],"author":[{"embeddable":true,"href":"https:\/\/linitiative.ca\/International\/wp-json\/wp\/v2\/users\/1759"}],"replies":[{"embeddable":true,"href":"https:\/\/linitiative.ca\/International\/wp-json\/wp\/v2\/comments?post=102052"}],"version-history":[{"count":0,"href":"https:\/\/linitiative.ca\/International\/wp-json\/wp\/v2\/posts\/102052\/revisions"}],"wp:featuredmedia":[{"embeddable":true,"href":"https:\/\/linitiative.ca\/International\/wp-json\/"}],"wp:attachment":[{"href":"https:\/\/linitiative.ca\/International\/wp-json\/wp\/v2\/media?parent=102052"}],"wp:term":[{"taxonomy":"category","embeddable":true,"href":"https:\/\/linitiative.ca\/International\/wp-json\/wp\/v2\/categories?post=102052"},{"taxonomy":"post_tag","embeddable":true,"href":"https:\/\/linitiative.ca\/International\/wp-json\/wp\/v2\/tags?post=102052"}],"curies":[{"name":"wp","href":"https:\/\/api.w.org\/{rel}","templated":true}]}}