{"id":102057,"date":"2020-10-18T09:53:38","date_gmt":"2020-10-18T13:53:38","guid":{"rendered":"https:\/\/linitiative.ca\/International\/le-sg-du-pps-recoit-lambassadeur-palestinien-au-maroc\/"},"modified":"2020-10-18T09:53:38","modified_gmt":"2020-10-18T13:53:38","slug":"le-sg-du-pps-recoit-lambassadeur-palestinien-au-maroc","status":"publish","type":"post","link":"https:\/\/linitiative.ca\/International\/le-sg-du-pps-recoit-lambassadeur-palestinien-au-maroc\/","title":{"rendered":"Le SG du PPS re\u00e7oit l\u2019ambassadeur palestinien au Maroc"},"content":{"rendered":"<p class=\"has-text-color has-vivid-red-color c2\"><strong>Au si\u00e8ge national du parti<\/strong><\/p>\n<p class=\"has-text-color c3\"><strong>Le secr\u00e9taire g\u00e9n\u00e9ral du Parti du Progr\u00e8s et du Socialisme (PPS), Mohamed Nabil Benabdallah a re\u00e7u, jeudi dernier, au si\u00e8ge national du parti \u00e0 Rabat, l\u2019ambassadeur de la Palestine au Maroc, Jamal Chebki.<\/strong><\/p>\n<p>Lors de cette rencontre, le diplomate palestinien a inform\u00e9 le leader du PPS des derniers d\u00e9veloppements de la situation de la cause palestinienne et du processus du dialogue de r\u00e9conciliation palestinienne, remerciant le PPS pour ses constantes positions soutenant la Palestine.<\/p>\n<p>La rencontre, \u00e0 l\u2019initiative du diplomate palestinien, a \u00e9t\u00e9 aussi l\u2019occasion pour le leader du PPS, Nabil Benabdallah de r\u00e9it\u00e9rer les positions du PPS soutenant les Palestiniens en vue de concr\u00e9tiser leurs droits l\u00e9gitimes consistant \u00e0 b\u00e2tir leur Etat ind\u00e9pendant dont la capitale est Al Qods.<\/p>\n<p>De m\u00eame, le leader du PPS a r\u00e9it\u00e9r\u00e9 le rejet du parti de la \u00abtransaction du si\u00e8cle\u00bb et son refus de toute normalisation avec Isra\u00ebl. Lors de cette rencontre, le leader du PPS a \u00e9galement appel\u00e9 \u00e0 donner un nouveau souffle \u00e0 la question palestinienne \u00e0 l\u2019\u00e9chelle nationale et d\u2019agir en vue de sensibiliser et de mobiliser de nouvelles franges de la population afin de poursuivre la lutte et de garder la question palestinienne sur le devant de la sc\u00e8ne.<\/p>\n<p>Auteur: M&rsquo;hammed rahal<br \/>\n<a href=\"http:\/\/albayane.press.ma\/le-sg-du-pps-recoit-lambassadeur-palestinien-au-maroc.html\">Cliquez ici pour lire l&rsquo;article depuis sa source.<\/a><\/p>\n","protected":false},"excerpt":{"rendered":"<p>Au si\u00e8ge national du parti Le secr\u00e9taire g\u00e9n\u00e9ral du Parti du Progr\u00e8s et du Socialisme (PPS), Mohamed Nabil Benabdallah a re\u00e7u, jeudi dernier, au si\u00e8ge national du parti \u00e0 Rabat, l\u2019ambassadeur de la Palestine au Maroc, Jamal Chebki. Lors de cette rencontre, le diplomate palestinien a inform\u00e9 le leader du PPS des derniers d\u00e9veloppements de [&hellip;]<\/p>\n","protected":false},"author":1760,"featured_media":0,"comment_status":"closed","ping_status":"closed","sticky":false,"template":"","format":"standard","meta":{"fifu_image_url":"","fifu_image_alt":"","footnotes":""},"categories":[73,54],"tags":[],"class_list":["post-102057","post","type-post","status-publish","format-standard","hentry","category-actualite","category-maroc"],"_links":{"self":[{"href":"https:\/\/linitiative.ca\/International\/wp-json\/wp\/v2\/posts\/102057","targetHints":{"allow":["GET"]}}],"collection":[{"href":"https:\/\/linitiative.ca\/International\/wp-json\/wp\/v2\/posts"}],"about":[{"href":"https:\/\/linitiative.ca\/International\/wp-json\/wp\/v2\/types\/post"}],"author":[{"embeddable":true,"href":"https:\/\/linitiative.ca\/International\/wp-json\/wp\/v2\/users\/1760"}],"replies":[{"embeddable":true,"href":"https:\/\/linitiative.ca\/International\/wp-json\/wp\/v2\/comments?post=102057"}],"version-history":[{"count":0,"href":"https:\/\/linitiative.ca\/International\/wp-json\/wp\/v2\/posts\/102057\/revisions"}],"wp:attachment":[{"href":"https:\/\/linitiative.ca\/International\/wp-json\/wp\/v2\/media?parent=102057"}],"wp:term":[{"taxonomy":"category","embeddable":true,"href":"https:\/\/linitiative.ca\/International\/wp-json\/wp\/v2\/categories?post=102057"},{"taxonomy":"post_tag","embeddable":true,"href":"https:\/\/linitiative.ca\/International\/wp-json\/wp\/v2\/tags?post=102057"}],"curies":[{"name":"wp","href":"https:\/\/api.w.org\/{rel}","templated":true}]}}