{"id":102059,"date":"2020-10-18T10:21:00","date_gmt":"2020-10-18T14:21:00","guid":{"rendered":"https:\/\/linitiative.ca\/International\/%ef%bb%bfsahara-marocain-de-nouveaux-soutiens-a-la-cause-du-maroc\/"},"modified":"2020-10-18T10:21:00","modified_gmt":"2020-10-18T14:21:00","slug":"%ef%bb%bfsahara-marocain-de-nouveaux-soutiens-a-la-cause-du-maroc","status":"publish","type":"post","link":"https:\/\/linitiative.ca\/International\/%ef%bb%bfsahara-marocain-de-nouveaux-soutiens-a-la-cause-du-maroc\/","title":{"rendered":"\ufeffSahara marocain: de nouveaux soutiens \u00e0 la cause du Maroc"},"content":{"rendered":"<p class=\"has-text-color c2\"><strong>Devant la 4\u00e8 Commission de l\u2019AG de l\u2019ONU<\/strong><\/p>\n<p class=\"has-text-color has-vivid-red-color c3\"><strong>La C\u00f4te d\u2019Ivoire renouvelle son appui \u00e0 l\u2019initiative marocaine d\u2019autonomie\u2026<\/strong><\/p>\n<p class=\"has-text-color c4\"><strong>La C\u00f4te d\u2019Ivoire a r\u00e9affirm\u00e9, vendredi devant la 4\u00e8me Commission de l\u2019Assembl\u00e9e g\u00e9n\u00e9rale de l\u2019ONU, son appui \u00e0 l\u2019initiative de large autonomie au Sahara propos\u00e9e par le Maroc qui \u00abvise \u00e0 parvenir \u00e0 une solution politique n\u00e9goci\u00e9e et mutuellement acceptable, bas\u00e9e sur le r\u00e9alisme telle que recommand\u00e9e par les r\u00e9solutions pertinentes du Conseil de s\u00e9curit\u00e9\u00bb.<\/strong><\/p>\n<p>Intervenant devant les membres de la Commission, l\u2019ambassadeur repr\u00e9sentant permanent adjoint de la C\u00f4te d\u2019Ivoire \u00e0 l\u2019ONU, Desire Wulfran Ipo, a \u00e9galement tenu \u00e0 saluer le nouveau mod\u00e8le de d\u00e9veloppement au Sahara lanc\u00e9 par le Maroc depuis 2015 \u00aben vue d\u2019une autonomisation politique, \u00e9conomique, sociale et culturelle de la population\u00bb de la r\u00e9gion du Sahara marocain.<\/p>\n<p>Le diplomate ivoirien a \u00e9galement soulign\u00e9 que \u00abla paix et la stabilit\u00e9 dans la r\u00e9gion du Sahel d\u00e9pendent en grande partie du r\u00e8glement d\u00e9finitif du diff\u00e9rend sur le Sahara\u00bb, affirmant qu\u2019\u00abune issue politique accept\u00e9e par tous \u00e0 cette question, offrirait des perspectives de coop\u00e9ration plus large aux Etats de la r\u00e9gion, dans le cadre de l\u2019Union du Maghreb Arabe\u00bb.<\/p>\n<p>Il a, \u00e0 cet \u00e9gard, renouvel\u00e9 le plein soutien de la C\u00f4te d\u2019Ivoire au processus politique men\u00e9 sous l\u2019\u00e9gide exclusive des Nations-Unies, saluant la d\u00e9termination de l\u2019ONU \u00e0 trouver \u00abune solution politique mutuellement acceptable et n\u00e9goci\u00e9e, fond\u00e9e sur le r\u00e9alisme et un esprit de compromis, comme l\u2019ont recommand\u00e9 les 16 r\u00e9solutions du Conseil de s\u00e9curit\u00e9 adopt\u00e9es depuis 2007\u00bb notamment la r\u00e9solution 2494.<\/p>\n<p>Le diplomate ivoirien a \u00e9galement salu\u00e9 \u00abla bonne tenue en Suisse, de deux tables rondes\u00bb sur la question du Sahara marocain, \u00abqui ont enregistr\u00e9 la participation du Maroc, de l\u2019Alg\u00e9rie, de la Mauritanie, et du polisario\u00bb, notant avec satisfaction \u00ableur engagement \u00e0 prendre part \u00e0 une troisi\u00e8me table ronde\u00bb.<\/p>\n<p>A la lumi\u00e8re de ces avanc\u00e9es, a-t-il dit, la C\u00f4te d\u2019Ivoire exhorte \u00ables parties prenantes \u00e0 maintenir cette dynamique positive et souhaite que le prochain Envoy\u00e9 personnel du Secr\u00e9taire g\u00e9n\u00e9ral des Nations Unies pour le Sahara inscrive ses actions dans la continuit\u00e9 de celles de son pr\u00e9d\u00e9cesseur\u00bb.<\/p>\n<p>La C\u00f4te d\u2019Ivoire \u00abexhorte \u00e0 nouveau toutes les parties prenantes au diff\u00e9rend sur le Sahara \u00e0 s\u2019approprier le processus politique en cours en vue de parvenir \u00e0 une solution politique r\u00e9aliste, pragmatique, durable et bas\u00e9e sur le compromis\u00bb, a conclu le diplomate.<\/p>\n<p class=\"has-text-color has-vivid-red-color c3\"><strong>\u2026 le Kowe\u00eft loue la pertinence de l\u2019initiative d\u2019autonomie<\/strong><\/p>\n<p>Le Kowe\u00eft a r\u00e9it\u00e9r\u00e9, vendredi devant la Quatri\u00e8me Commission de l\u2019Assembl\u00e9e g\u00e9n\u00e9rale de l\u2019ONU, son soutien \u00e0 l\u2019initiative d\u2019autonomie en tant que \u00abchoix constructif pour parvenir \u00e0 une solution acceptable par l\u2019ensemble des parties\u00bb au diff\u00e9rend r\u00e9gional artificiel sur le Sahara marocain.<\/p>\n<p>Dans son intervention devant la Commission, le repr\u00e9sentant de l\u2019Etat du Kowe\u00eft a insist\u00e9 sur \u00abla n\u00e9cessit\u00e9 de respecter l\u2019unit\u00e9 et la souverainet\u00e9 du Maroc\u00bb, rappelant la position unifi\u00e9e des Etats du Golfe concernant la question du Sahara \u00abexprim\u00e9e lors du sommet Maroc-pays du Golfe \u00e0 Riyad le 20 avril 2016\u00bb.<\/p>\n<p>A cet \u00e9gard, le diplomate kowe\u00eftien a exprim\u00e9 le souhait qu\u2019une solution \u00e0 la question du Sahara marocain puisse intervenir \u00able plus t\u00f4t possible, dans l\u2019int\u00e9r\u00eat de la paix et de la stabilit\u00e9 r\u00e9gionale\u00bb, tout en r\u00e9it\u00e9rant le soutien du Kowe\u00eft aux efforts des Nations-Unies, son Secr\u00e9taire g\u00e9n\u00e9ral et son Envoy\u00e9 personnel \u00abqui ont facilit\u00e9 la tenue de deux tables rondes des parties concern\u00e9es par la question du Sahara en d\u00e9cembre 2018 et mars 2019\u00bb.<\/p>\n<p>Il s\u2019est \u00e9galement f\u00e9licit\u00e9 de \u00abla participation \u00e0 ces deux tables rondes du Maroc, de l\u2019Alg\u00e9rie, de la Mauritanie et du polisario, conform\u00e9ment aux r\u00e9solutions 2414 et 2440 du Conseil de s\u00e9curit\u00e9\u00bb, mettant en avant l\u2019esprit positif ayant marqu\u00e9 ces deux rencontres qui \u00abvisent \u00e0 aboutir \u00e0 une solution politique mutuellement acceptable par l\u2019ensemble des parties concern\u00e9es par la question du Sahara\u00bb.<\/p>\n<p>Le diplomate kowe\u00eftien a aussi salu\u00e9 l\u2019\u00e9lan positif cr\u00e9\u00e9 par ces deux tables rondes, en ce sens qu\u2019elles constituent \u00abl\u2019unique moyen vers une solution politique consensuelle\u00bb, tout en se f\u00e9licitant que \u00ables quatre parties concern\u00e9es\u00bb par ce diff\u00e9rend r\u00e9gional ont accept\u00e9 de se r\u00e9unir dans le cadre d\u2019une troisi\u00e8me table ronde, conform\u00e9ment aux r\u00e9solutions du Conseil de s\u00e9curit\u00e9.<\/p>\n<p>Il a \u00e9galement soulign\u00e9 \u00abl\u2019importance\u00bb pour le prochain Envoy\u00e9 personnel du Secr\u00e9taire g\u00e9n\u00e9ral de \u00abconstruire sur l\u2019\u00e9lan et les progr\u00e8s r\u00e9alis\u00e9s lors des pr\u00e9c\u00e9dentes tables rondes et de reprendre l\u00e0 o\u00f9 son pr\u00e9d\u00e9cesseur s\u2019est arr\u00eat\u00e9\u00bb, insistant aussi sur l\u2019importance de maintenir l\u2019aspect consensuel de la r\u00e9solution qui sera pr\u00e9sent\u00e9e pour adoption par la Quatri\u00e8me Commission sur la question du Sahara marocain.<\/p>\n<p class=\"has-text-color has-vivid-red-color c3\"><strong>\u2026 la Gambie r\u00e9affirme son appui \u00e0 l\u2019int\u00e9grit\u00e9 territoriale du Maroc<\/strong><\/p>\n<p>La Gambie a r\u00e9affirm\u00e9, devant la 4\u00e8 Commission de l\u2019Assembl\u00e9e g\u00e9n\u00e9rale de l\u2019ONU, son soutien \u00e0 la marocanit\u00e9 du Sahara et son \u00abferme appui\u00bb \u00e0 l\u2019initiative d\u2019autonomie, qui constitue une solution \u00abs\u00e9rieuse et de compromis\u00bb pour ce diff\u00e9rend r\u00e9gional.<\/p>\n<p>\u00abLa Gambie r\u00e9affirme son ferme appui \u00e0 l\u2019Initiative marocaine d\u2019autonomie, qui, pour nous, constitue une solution de compromis s\u00e9rieuse et viable pour r\u00e9soudre ce diff\u00e9rend r\u00e9gional et contribuer \u00e0 terme \u00e0 la s\u00e9curit\u00e9 et \u00e0 la stabilit\u00e9 de la r\u00e9gion du Sahel\u00bb, a d\u00e9clar\u00e9 l\u2019ambassadeur Repr\u00e9sentant permanent de la Gambie \u00e0 l\u2019ONU, Lang Yabou.<\/p>\n<p>Yabou a affirm\u00e9 que son pays estime que l\u2019Initiative d\u2019autonomie pr\u00e9sent\u00e9e par le Maroc en 2007 r\u00e9pond \u00e9galement aux normes internationales et au principe d\u2019autod\u00e9termination.<\/p>\n<p>Le diplomate gambien a \u00e9galement soulign\u00e9 que \u00abtoute discussion cr\u00e9dible sur le Sahara marocain doit prendre en consid\u00e9ration la souverainet\u00e9 et l\u2019int\u00e9grit\u00e9 territoriale du Maroc, en particulier dans l\u2019\u00e9laboration d\u2019une approche constructive et durable pour r\u00e9soudre ce diff\u00e9rend\u00bb.<\/p>\n<p>\u00abLa Gambie reconna\u00eet les efforts cr\u00e9dibles fournis par le Royaume du Maroc \u00e0 cet \u00e9gard et se tient pr\u00eate \u00e0 appuyer ses efforts dans la qu\u00eate de la paix et de la stabilit\u00e9 dans la r\u00e9gion\u00bb, a assur\u00e9 M. Yabou, faisant observer devant la Commission que la Gambie a inaugur\u00e9 le 7 janvier dernier un \u00abconsulat g\u00e9n\u00e9ral dans la ville marocaine de Dakhla, en vue de renforcer les relations diplomatiques entre la Gambie et le Maroc\u00bb.<\/p>\n<p>\u00abNous continuons d\u2019encourager toutes les autres parties prenantes (\u2026) \u00e0 fournir des efforts positifs pour mener de l\u2019avant le processus politique en cours\u00bb, a encore d\u00e9clar\u00e9 le diplomate gambien, soulignant que la tenue des deux tables rondes de Gen\u00e8ve, avec la participation de toutes les parties concern\u00e9es (Maroc, Alg\u00e9rie, Mauritanie, polisario) constitue \u00abun d\u00e9veloppement positif\u00bb. Il s\u2019est aussi d\u00e9clar\u00e9 encourag\u00e9 par l\u2019accord donn\u00e9 par l\u2019ensemble des participants pour se r\u00e9unir pour une troisi\u00e8me table ronde similaire.<\/p>\n<p>\u00abNous sommes convaincus que la poursuite de ce dialogue politique donnera d\u2019excellents r\u00e9sultats pour r\u00e9soudre ce diff\u00e9rend r\u00e9gional\u00bb, a-t-il dit, tout en affirmant que la participation des vice-Pr\u00e9sidents des deux r\u00e9gions du Sahara marocain au s\u00e9minaire r\u00e9gional du C24 \u00e0 Grenade en juin 2019, constitue \u00abun signe d\u2019engagement\u00bb dans le dialogue politique.<\/p>\n<p>Auteur: M&rsquo;hammed rahal<br \/>\n<a href=\"http:\/\/albayane.press.ma\/%EF%BB%BFsahara-marocain-de-nouveaux-soutiens-a-la-cause-du-maroc.html\">Cliquez ici pour lire l&rsquo;article depuis sa source.<\/a><\/p>\n","protected":false},"excerpt":{"rendered":"<p>Devant la 4\u00e8 Commission de l\u2019AG de l\u2019ONU La C\u00f4te d\u2019Ivoire renouvelle son appui \u00e0 l\u2019initiative marocaine d\u2019autonomie\u2026 La C\u00f4te d\u2019Ivoire a r\u00e9affirm\u00e9, vendredi devant la 4\u00e8me Commission de l\u2019Assembl\u00e9e g\u00e9n\u00e9rale de l\u2019ONU, son appui \u00e0 l\u2019initiative de large autonomie au Sahara propos\u00e9e par le Maroc qui \u00abvise \u00e0 parvenir \u00e0 une solution politique n\u00e9goci\u00e9e [&hellip;]<\/p>\n","protected":false},"author":1760,"featured_media":0,"comment_status":"closed","ping_status":"closed","sticky":false,"template":"","format":"standard","meta":{"fifu_image_url":"","fifu_image_alt":"","footnotes":""},"categories":[73,54],"tags":[],"class_list":["post-102059","post","type-post","status-publish","format-standard","hentry","category-actualite","category-maroc"],"_links":{"self":[{"href":"https:\/\/linitiative.ca\/International\/wp-json\/wp\/v2\/posts\/102059","targetHints":{"allow":["GET"]}}],"collection":[{"href":"https:\/\/linitiative.ca\/International\/wp-json\/wp\/v2\/posts"}],"about":[{"href":"https:\/\/linitiative.ca\/International\/wp-json\/wp\/v2\/types\/post"}],"author":[{"embeddable":true,"href":"https:\/\/linitiative.ca\/International\/wp-json\/wp\/v2\/users\/1760"}],"replies":[{"embeddable":true,"href":"https:\/\/linitiative.ca\/International\/wp-json\/wp\/v2\/comments?post=102059"}],"version-history":[{"count":0,"href":"https:\/\/linitiative.ca\/International\/wp-json\/wp\/v2\/posts\/102059\/revisions"}],"wp:attachment":[{"href":"https:\/\/linitiative.ca\/International\/wp-json\/wp\/v2\/media?parent=102059"}],"wp:term":[{"taxonomy":"category","embeddable":true,"href":"https:\/\/linitiative.ca\/International\/wp-json\/wp\/v2\/categories?post=102059"},{"taxonomy":"post_tag","embeddable":true,"href":"https:\/\/linitiative.ca\/International\/wp-json\/wp\/v2\/tags?post=102059"}],"curies":[{"name":"wp","href":"https:\/\/api.w.org\/{rel}","templated":true}]}}