{"id":102068,"date":"2020-10-18T10:37:55","date_gmt":"2020-10-18T14:37:55","guid":{"rendered":"https:\/\/linitiative.ca\/International\/illizi-plus-de-1-300-personnes-designees-pour-encadrer-les-centres-et-bureaux-de-vote\/"},"modified":"2020-10-18T10:37:55","modified_gmt":"2020-10-18T14:37:55","slug":"illizi-plus-de-1-300-personnes-designees-pour-encadrer-les-centres-et-bureaux-de-vote","status":"publish","type":"post","link":"https:\/\/linitiative.ca\/International\/illizi-plus-de-1-300-personnes-designees-pour-encadrer-les-centres-et-bureaux-de-vote\/","title":{"rendered":"Illizi : plus de 1.300 personnes d\u00e9sign\u00e9es pour encadrer les centres et bureaux de vote"},"content":{"rendered":"<div>\n<div class=\"K2FeedIntroText\">\n<p><strong>ILLIZI &#8211; Plus de 1.300 personnes ont \u00e9t\u00e9 retenues dans la wilaya d\u2019Illizi pour encadrer les centres et bureaux de vote lors du r\u00e9f\u00e9rendum du 1er Novembre prochain sur le projet d\u2019amendement de la Constitution, a-t-on indiqu\u00e9 dimanche \u00e0 la d\u00e9l\u00e9gation locale de l\u2019Autorit\u00e9 nationale ind\u00e9pendante des \u00e9lections (ANIE).<\/strong><\/p>\n<\/div>\n<div class=\"K2FeedFullText\">\n<p>R\u00e9partis sur 35 centres \u00e9lectoraux et plus de 150 bureaux de vote \u00e0 travers la wilaya,\u00a0 ces encadreurs b\u00e9n\u00e9ficieront d\u2019une formation sur les aspect juridiques et organisationnels r\u00e9gissant le d\u00e9roulement de la consultation populaire, \u00e0 l\u2019instar des modalit\u00e9s d\u2019\u00e9tablissement des proc\u00e8s-verbaux de d\u00e9pouillement au niveau des bureaux de vote, le mode de suivi des taux, le processus de d\u00e9roulement du r\u00e9f\u00e9rendum et les missions d\u00e9volues \u00e0 chaque encadreur de sorte \u00e0 garantir la stricte neutralit\u00e9 et transparence de l\u2019op\u00e9ration, a pr\u00e9cis\u00e9 \u00e0 l\u2019APS le d\u00e9l\u00e9gu\u00e9 de l\u2019ANIE de la wilaya d\u2019Illizi.<\/p>\n<blockquote>\n<p><em><strong>Une formation pratique leur est \u00e9galement dispens\u00e9e sur le mode d\u2019ex\u00e9cution du protocole sanitaire, \u00e0 l\u2019int\u00e9rieur des centres et bureaux de vote, pour assurer le d\u00e9roulement de la consultation dans les meilleures conditions sanitaires et organisationnelles, a ajout\u00e9 Youcef Mefissel.<\/strong><\/em><\/p>\n<\/blockquote>\n<p>Toutes les dispositions organisationnelles ont \u00e9t\u00e9 prises et les pr\u00e9paratifs finalis\u00e9s concernant l\u2019ensemble des centres et bureaux de vote \u00e0 travers la wilaya, accompagn\u00e9s d\u2019un plan pr\u00e9ventif contre la Covid-19, a-t-il soulign\u00e9.<\/p>\n<\/div>\n<\/div>\n<p>Auteur:<br \/>\n<a href=\"http:\/\/www.aps.dz\/regions\/111314-illizi-plus-de-1-300-personnes-designees-pour-encadrer-les-centres-et-bureaux-de-vote\">Cliquez ici pour lire l&rsquo;article depuis sa source.<\/a><\/p>\n","protected":false},"excerpt":{"rendered":"<p>ILLIZI &#8211; Plus de 1.300 personnes ont \u00e9t\u00e9 retenues dans la wilaya d\u2019Illizi pour encadrer les centres et bureaux de vote lors du r\u00e9f\u00e9rendum du 1er Novembre prochain sur le projet d\u2019amendement de la Constitution, a-t-on indiqu\u00e9 dimanche \u00e0 la d\u00e9l\u00e9gation locale de l\u2019Autorit\u00e9 nationale ind\u00e9pendante des \u00e9lections (ANIE). R\u00e9partis sur 35 centres \u00e9lectoraux et [&hellip;]<\/p>\n","protected":false},"author":1790,"featured_media":0,"comment_status":"closed","ping_status":"closed","sticky":false,"template":"","format":"standard","meta":{"fifu_image_url":"","fifu_image_alt":"","footnotes":""},"categories":[53,76],"tags":[],"class_list":["post-102068","post","type-post","status-publish","format-standard","hentry","category-algerie","category-regions"],"_links":{"self":[{"href":"https:\/\/linitiative.ca\/International\/wp-json\/wp\/v2\/posts\/102068","targetHints":{"allow":["GET"]}}],"collection":[{"href":"https:\/\/linitiative.ca\/International\/wp-json\/wp\/v2\/posts"}],"about":[{"href":"https:\/\/linitiative.ca\/International\/wp-json\/wp\/v2\/types\/post"}],"author":[{"embeddable":true,"href":"https:\/\/linitiative.ca\/International\/wp-json\/wp\/v2\/users\/1790"}],"replies":[{"embeddable":true,"href":"https:\/\/linitiative.ca\/International\/wp-json\/wp\/v2\/comments?post=102068"}],"version-history":[{"count":0,"href":"https:\/\/linitiative.ca\/International\/wp-json\/wp\/v2\/posts\/102068\/revisions"}],"wp:attachment":[{"href":"https:\/\/linitiative.ca\/International\/wp-json\/wp\/v2\/media?parent=102068"}],"wp:term":[{"taxonomy":"category","embeddable":true,"href":"https:\/\/linitiative.ca\/International\/wp-json\/wp\/v2\/categories?post=102068"},{"taxonomy":"post_tag","embeddable":true,"href":"https:\/\/linitiative.ca\/International\/wp-json\/wp\/v2\/tags?post=102068"}],"curies":[{"name":"wp","href":"https:\/\/api.w.org\/{rel}","templated":true}]}}