{"id":102071,"date":"2020-10-18T13:57:15","date_gmt":"2020-10-18T17:57:15","guid":{"rendered":"https:\/\/linitiative.ca\/International\/merad-insiste-sur-un-recensement-exhaustif-des-zones-dombre-a-travers-le-pays\/"},"modified":"2020-10-18T13:57:15","modified_gmt":"2020-10-18T17:57:15","slug":"merad-insiste-sur-un-recensement-exhaustif-des-zones-dombre-a-travers-le-pays","status":"publish","type":"post","link":"https:\/\/linitiative.ca\/International\/merad-insiste-sur-un-recensement-exhaustif-des-zones-dombre-a-travers-le-pays\/","title":{"rendered":"Merad insiste sur \u00ab\u00a0un recensement exhaustif\u00a0\u00bb des zones d\u2019ombre \u00e0 travers le pays"},"content":{"rendered":"<div readability=\"37\">\n<p dir=\"ltr\" class=\"c30\"><strong>BOUIRA &#8211; Le Conseiller du pr\u00e9sident de la R\u00e9publique charg\u00e9 des zones d\u2019ombre, Brahim Merad, a insist\u00e9 dimanche \u00e0 Bouira sur l\u2019imp\u00e9ratif de lancer un recensement exhaustif et global des zones d\u2019ombre \u00e0 travers le pays pour pouvoir identifier et r\u00e9pondre aux besoins de leurs populations.<\/strong><\/p>\n<\/div>\n<div readability=\"101.91281226812\">\n<p dir=\"ltr\" class=\"c30\">C\u2019est au cours du deuxi\u00e8me jour de sa visite de travail \u00e0 Bouira, que M. Merad a jug\u00e9 indispensable d\u2019effectuer ce recensement global et d\u00e9taill\u00e9 pour pouvoir identifier les besoins des citoyens et aplanir toutes les difficult\u00e9s qui rangent leur quotidien. \u00ab\u00a0Il y\u2019a plus de huit millions de citoyens qui souffrent dans les zones montagneuses, et frontali\u00e8res ainsi que sahariennes. Donc il est temps de r\u00e9pondre \u00e0 leurs besoins pour leur permettre de vivre ais\u00e9ment\u00a0\u00bb, a soulign\u00e9 M. Merad.<\/p>\n<blockquote readability=\"12\">\n<p dir=\"ltr\" class=\"c30\"><em><strong>Le conseiller pr\u00e9sidentiel, qui visitait des projets de d\u00e9veloppement lanc\u00e9s dans la localit\u00e9 rurale et enclav\u00e9e d\u2019Ighzer Oumeziab relevant de la commune d\u2019Ahnif (Est de Bouira), a assur\u00e9 que tous les moyens financiers seraient d\u00e9ploy\u00e9s pour mettre en \u0153uvre la strat\u00e9gie du pr\u00e9sident de la R\u00e9publique, Abdelmadjid Tebboune, visant \u00e0 d\u00e9senclaver et \u00e0 promouvoir les zones recul\u00e9es du pays.<\/strong><\/em><\/p>\n<\/blockquote>\n<p dir=\"ltr\" class=\"c30\">\u00ab\u00a0Il faut qu\u2019il y\u2019ait un recensement exhaustif de toutes les zones d\u2019ombre \u00e0 travers toutes les wilayas du pays pour identifier les besoins des populations\u00a0\u00bb, a insist\u00e9 M. Merad. \u00ab\u00a0Nos visites dans ces r\u00e9gions \u00e9loign\u00e9es est un gage pour la mise en application de cette politique engag\u00e9e par le pr\u00e9sident de la R\u00e9publique pour mener une v\u00e9ritable r\u00e9volution de d\u00e9veloppement et en finir avec les probl\u00e8mes de sous d\u00e9veloppement\u00a0\u00bb, a-t-il insist\u00e9.<\/p>\n<p dir=\"ltr\" class=\"c30\">A Ighzer Oumeziab, o\u00f9 il s\u2019est enquis de l\u2019avancement des travaux de r\u00e9alisation d\u2019un r\u00e9seau d\u2019eau potable, ainsi que d\u2019un r\u00e9seau d\u2019assainissement, M. Merad a tenu \u00e0 rassurer les populations de cette bourgade quant \u00e0 la prise en charge des carences soulev\u00e9es sur place par les citoyens. \u00ab\u00a0Tout ce qui n\u2019a pas \u00e9t\u00e9 r\u00e9alis\u00e9, sera r\u00e9alis\u00e9 t\u00f4t ou tard. C\u2019est une question de temps et de moyens financiers\u00a0\u00bb, a-t-il expliqu\u00e9 \u00e0 un groupe de citoyens.<\/p>\n<p dir=\"ltr\" class=\"c30\">Dans ce contexte, le m\u00eame haut responsable a annonc\u00e9 que beaucoup de wilayas allaient b\u00e9n\u00e9ficier en 2021 de soutien financier pour d\u00e9velopper les zones d\u2019ombre, longtemps marginalis\u00e9es, via des projets capables d\u2019assurer \u00e0 leurs populations une vie digne et un v\u00e9ritable d\u00e9marrage \u00e9conomique rural. Mais, a-t-il dit, \u00ab\u00a0Tout cela n\u00e9cessite du temps, de la patience et de la confiance mutuelle pour r\u00e9ussir ce processus de d\u00e9veloppement\u00a0\u00bb.<\/p>\n<hr\/>\n<p dir=\"ltr\" class=\"c30\"><strong>Lire aussi: <a href=\"http:\/\/www.aps.dz\/regions\/111163-la-promotion-des-zones-d-ombre-se-poursuivra-jusqu-a-l-effacement-des-disparites\">La promotion des <span class=\"highlight\">zones<\/span> d\u2019ombre, une \u00ab\u00a0dynamique perp\u00e9tuelle\u00a0\u00bb<\/a><br \/><\/strong><\/p>\n<hr\/>\n<p dir=\"ltr\" class=\"c30\">\u00ab\u00a0Les walis doivent effectuer un recensement exhaustif de ces zones pour conna\u00eetre leurs besoins en mati\u00e8re d\u2019eau potable, d&rsquo;infrastructures d\u2019\u00e9ducation et de sant\u00e9 ainsi que d\u2019autres projets pour les d\u00e9senclaver et les promouvoir davantage\u00a0\u00bb, a-t-il encore insist\u00e9.<\/p>\n<p dir=\"ltr\" class=\"c30\">Au deuxi\u00e8me jour de son p\u00e9riple \u00e0 Bouira, M. Merad a visit\u00e9 les hameaux de Tikesrai et d\u2019Amdoun N\u2019Ath Said, o\u00f9 il s\u2019est enquis des travaux de r\u00e9alisation de routes de d\u00e9senclavement. Il s\u2019est d\u00e9plac\u00e9 ensuite dans la localit\u00e9 d\u2019Azrou Oukellal relevant de la municipalit\u00e9 d\u2019Ath Mansour. Sur place, M. Merad a inspect\u00e9 les travaux de r\u00e9alisation d\u2019un r\u00e9seau d\u2019assainissement avant de saisir l\u2019occasion pour \u00e9couter les dol\u00e9ances de la population locale.<\/p>\n<p dir=\"ltr\" class=\"c30\">\u00ab\u00a0Nous sommes l\u00e0 pour vous \u00e9couter et porter et prendre en charge vos pr\u00e9occupations\u00a0\u00bb, leur a-t-il dit. Les probl\u00e8mes relatifs au logement, \u00e0 l\u2019eau potable et \u00e0 l\u2019am\u00e9nagement des routes \u00e9taient les principales questions soulev\u00e9es par certains citoyens. M. Merad s\u2019est d\u00e9plac\u00e9 aussi dans les localit\u00e9s d\u2019El Mssayef et Ouled El Arbi (Commune d\u2019El Mokrani), o\u00f9 il a visit\u00e9 le projet de raccordement de 91 foyers au r\u00e9seau du gaz naturel, ainsi que les travaux de r\u00e9alisation d\u2019une route de d\u00e9senclavement.<\/p>\n<p dir=\"ltr\" class=\"c30\">Au cours de sa visite qui l\u2019a conduit entre autre \u00e0 Ain Bessam, Ain La\u00e2loui et Souk Lakhmis (Ouest de Bouira), le conseiller pr\u00e9sidentiel a r\u00e9it\u00e9r\u00e9 son appel aux wali pour qu\u2019ils fassent preuve d\u2019ing\u00e9niosit\u00e9 pour pouvoir trouver d&rsquo;autres gisements financiers pour la r\u00e9alisation des diff\u00e9rentes op\u00e9rations de d\u00e9veloppement au profit des zones enclav\u00e9es.<\/p>\n<\/div>\n<p>Auteur:<br \/>\n<a href=\"http:\/\/www.aps.dz\/regions\/111332-merad-insiste-sur-un-recensement-exhaustif-des-zones-d-ombre-a-travers-le-pays\">Cliquez ici pour lire l&rsquo;article depuis sa source.<\/a><\/p>\n","protected":false},"excerpt":{"rendered":"<p>BOUIRA &#8211; Le Conseiller du pr\u00e9sident de la R\u00e9publique charg\u00e9 des zones d\u2019ombre, Brahim Merad, a insist\u00e9 dimanche \u00e0 Bouira sur l\u2019imp\u00e9ratif de lancer un recensement exhaustif et global des zones d\u2019ombre \u00e0 travers le pays pour pouvoir identifier et r\u00e9pondre aux besoins de leurs populations. C\u2019est au cours du deuxi\u00e8me jour de sa visite [&hellip;]<\/p>\n","protected":false},"author":1790,"featured_media":0,"comment_status":"closed","ping_status":"closed","sticky":false,"template":"","format":"standard","meta":{"fifu_image_url":"","fifu_image_alt":"","footnotes":""},"categories":[53,76],"tags":[],"class_list":["post-102071","post","type-post","status-publish","format-standard","hentry","category-algerie","category-regions"],"_links":{"self":[{"href":"https:\/\/linitiative.ca\/International\/wp-json\/wp\/v2\/posts\/102071","targetHints":{"allow":["GET"]}}],"collection":[{"href":"https:\/\/linitiative.ca\/International\/wp-json\/wp\/v2\/posts"}],"about":[{"href":"https:\/\/linitiative.ca\/International\/wp-json\/wp\/v2\/types\/post"}],"author":[{"embeddable":true,"href":"https:\/\/linitiative.ca\/International\/wp-json\/wp\/v2\/users\/1790"}],"replies":[{"embeddable":true,"href":"https:\/\/linitiative.ca\/International\/wp-json\/wp\/v2\/comments?post=102071"}],"version-history":[{"count":0,"href":"https:\/\/linitiative.ca\/International\/wp-json\/wp\/v2\/posts\/102071\/revisions"}],"wp:attachment":[{"href":"https:\/\/linitiative.ca\/International\/wp-json\/wp\/v2\/media?parent=102071"}],"wp:term":[{"taxonomy":"category","embeddable":true,"href":"https:\/\/linitiative.ca\/International\/wp-json\/wp\/v2\/categories?post=102071"},{"taxonomy":"post_tag","embeddable":true,"href":"https:\/\/linitiative.ca\/International\/wp-json\/wp\/v2\/tags?post=102071"}],"curies":[{"name":"wp","href":"https:\/\/api.w.org\/{rel}","templated":true}]}}