{"id":102087,"date":"2020-10-17T20:00:00","date_gmt":"2020-10-18T00:00:00","guid":{"rendered":"https:\/\/linitiative.ca\/International\/journee-nationale-de-lemigration-zitouni-releve-lattachement-des-jeunes-au-1er-novembre\/"},"modified":"2020-10-17T20:00:00","modified_gmt":"2020-10-18T00:00:00","slug":"journee-nationale-de-lemigration-zitouni-releve-lattachement-des-jeunes-au-1er-novembre","status":"publish","type":"post","link":"https:\/\/linitiative.ca\/International\/journee-nationale-de-lemigration-zitouni-releve-lattachement-des-jeunes-au-1er-novembre\/","title":{"rendered":"Journ\u00e9e nationale de l\u2019\u00e9migration : Zitouni rel\u00e8ve l\u2019attachement des jeunes au 1er novembre"},"content":{"rendered":"<p>Le ministre des Moudjahidine et des Ayants droit, Tayeb Zitouni a soulign\u00e9 que les jeunes Alg\u00e9riens sont mobilis\u00e9s de mani\u00e8re permanente pour tous les rendez-vous nationaux et sont attach\u00e9s au message de r\u00e9f\u00e9rence de novembre.<br \/>Le ministre a indiqu\u00e9, dans un message lu hier par le secr\u00e9taire g\u00e9n\u00e9ral du minist\u00e8re des Moudjahidine et des Ayants droit, Laid Rebika, \u00e0 l\u2019occasion des festivit\u00e9s de c\u00e9l\u00e9bration de la Journ\u00e9e nationale de l\u2019\u00e9migration, organis\u00e9es cette ann\u00e9e \u00e0 Mascara sous le slogan \u00abLa r\u00e9volte des libres en terre du colonisateur\u00bb, que \u00ables jeunes Alg\u00e9riens sont tr\u00e8s conscients des sacrifices de leurs pr\u00e9d\u00e9cesseurs chouhada et moudjahidine dans leur lutte pour l\u2019ind\u00e9pendance nationale et la pr\u00e9servation des valeurs nationales supr\u00eames, et poursuivent leur attachement \u00e0 la r\u00e9f\u00e9rence de novembre et \u00e0 sa d\u00e9fense\u00bb.<br \/>Zitouni a pr\u00e9cis\u00e9, dans son message lu lors de la conf\u00e9rence historique organis\u00e9e par le Centre national des \u00e9tudes et de recherche sur le mouvement national et la R\u00e9volution du 1er Novembre 1954, \u00e0 la maison de la Culture Abiras-Ennaceri de Mascara et qui a vu la pr\u00e9sence des autorit\u00e9s de la wilaya et de membres de la famille r\u00e9volutionnaire, que les jeunes Alg\u00e9riens sont attach\u00e9s aux valeurs authentiques de la nation et sont mobilis\u00e9s pour tous les rendez-vous nationaux pr\u00f4nant le renouveau national global.<br \/>\u00abLes militants alg\u00e9riens \u00e0 l\u2019\u00e9tranger, avant l\u2019ind\u00e9pendance, dont ceux ayant particip\u00e9 aux manifestations du 17 octobre 1961, dont des centaines sont tomb\u00e9s au champ d&rsquo;honneur et d\u2019autres ont \u00e9t\u00e9 bless\u00e9s, constituaient une branche importante du militantisme national depuis le d\u00e9but du si\u00e8cle dernier, par leurs actions syndicales et politiques, et leur soutien mat\u00e9riel et psychologique aux r\u00e9volutionnaires de l\u2019int\u00e9rieur\u00bb, a d\u00e9clar\u00e9 le ministre.<br \/>De son c\u00f4t\u00e9, Djamel-Eddine Miadi, directeur du Centre national des \u00e9tudes et de recherche dans le mouvement national et la R\u00e9volution du 1er Novembre 1954, a fait savoir, dans son intervention, que \u00ables manifestations du 17 octobre 1961 ont traduit la profondeur de l\u2019appartenance nationale des Alg\u00e9riens qui vivaient en France durant la p\u00e9riode coloniale et leur r\u00f4le dans le soutien de la R\u00e9volution sur les plans mat\u00e9riel, politique et psychologique\u00bb.<br \/>Pour sa part, docteur Mohamed Yahi, directeur du patrimoine historique au minist\u00e8re des Moudjahidine et des Ayants droit, a soulign\u00e9 que \u00able massacre commis par les Fran\u00e7ais, le 17 octobre 1961, n\u2019est pas le premier du genre, mais a \u00e9t\u00e9 pr\u00e9c\u00e9d\u00e9 par d\u2019autres grands massacres qui ont commenc\u00e9 directement apr\u00e8s l\u2019occupation et avaient pour objectif l\u2019extermination du peuple alg\u00e9rien et vider sa terre au profit des colonisateurs\u00bb.<\/p>\n<p>Auteur: elmoudjahid<br \/>\n<a href=\"http:\/\/www.elmoudjahid.com\/fr\/actualites\/160699\">Cliquez ici pour lire l&rsquo;article depuis sa source.<\/a><\/p>\n","protected":false},"excerpt":{"rendered":"<p>Le ministre des Moudjahidine et des Ayants droit, Tayeb Zitouni a soulign\u00e9 que les jeunes Alg\u00e9riens sont mobilis\u00e9s de mani\u00e8re permanente pour tous les rendez-vous nationaux et sont attach\u00e9s au message de r\u00e9f\u00e9rence de novembre.Le ministre a indiqu\u00e9, dans un message lu hier par le secr\u00e9taire g\u00e9n\u00e9ral du minist\u00e8re des Moudjahidine et des Ayants droit, [&hellip;]<\/p>\n","protected":false},"author":1744,"featured_media":0,"comment_status":"closed","ping_status":"closed","sticky":false,"template":"","format":"standard","meta":{"fifu_image_url":"","fifu_image_alt":"","footnotes":""},"categories":[73,53],"tags":[],"class_list":["post-102087","post","type-post","status-publish","format-standard","hentry","category-actualite","category-algerie"],"_links":{"self":[{"href":"https:\/\/linitiative.ca\/International\/wp-json\/wp\/v2\/posts\/102087","targetHints":{"allow":["GET"]}}],"collection":[{"href":"https:\/\/linitiative.ca\/International\/wp-json\/wp\/v2\/posts"}],"about":[{"href":"https:\/\/linitiative.ca\/International\/wp-json\/wp\/v2\/types\/post"}],"author":[{"embeddable":true,"href":"https:\/\/linitiative.ca\/International\/wp-json\/wp\/v2\/users\/1744"}],"replies":[{"embeddable":true,"href":"https:\/\/linitiative.ca\/International\/wp-json\/wp\/v2\/comments?post=102087"}],"version-history":[{"count":0,"href":"https:\/\/linitiative.ca\/International\/wp-json\/wp\/v2\/posts\/102087\/revisions"}],"wp:attachment":[{"href":"https:\/\/linitiative.ca\/International\/wp-json\/wp\/v2\/media?parent=102087"}],"wp:term":[{"taxonomy":"category","embeddable":true,"href":"https:\/\/linitiative.ca\/International\/wp-json\/wp\/v2\/categories?post=102087"},{"taxonomy":"post_tag","embeddable":true,"href":"https:\/\/linitiative.ca\/International\/wp-json\/wp\/v2\/tags?post=102087"}],"curies":[{"name":"wp","href":"https:\/\/api.w.org\/{rel}","templated":true}]}}