{"id":102089,"date":"2020-10-17T20:00:00","date_gmt":"2020-10-18T00:00:00","guid":{"rendered":"https:\/\/linitiative.ca\/International\/sahara-occidental-le-rapport-de-guterres-est-partial\/"},"modified":"2020-10-17T20:00:00","modified_gmt":"2020-10-18T00:00:00","slug":"sahara-occidental-le-rapport-de-guterres-est-partial","status":"publish","type":"post","link":"https:\/\/linitiative.ca\/International\/sahara-occidental-le-rapport-de-guterres-est-partial\/","title":{"rendered":"Sahara occidental : Le rapport de Guterres est partial"},"content":{"rendered":"<p>Le dernier rapport du Secr\u00e9taire g\u00e9n\u00e9ral de l\u2019ONU, Antonio Guterres, sur le Sahara occidental ne correspond pas \u00e0 la lettre et \u00e0 l&rsquo;esprit du plan conjoint de r\u00e8glement ONU-OUA (UA actuellement), et met sur un pied d&rsquo;\u00e9galit\u00e9 la victime et le bourreau, a estim\u00e9 hier le repr\u00e9sentant du Front Polisario aupr\u00e8s de l&rsquo;ONU, Sidi Mohamed Omar.<br \/>Le dernier rapport du SG de l\u2019ONU, Antonio Guterres, sur la situation au Sahara occidental, \u00abn&rsquo;est pas un rapport exhaustif et complet dans sa description de la situation\u00bb. \u00abIl donne au Conseil de s\u00e9curit\u00e9 la fausse impression que la situation est calme et que tout va bien, alors que la r\u00e9gion est en \u00e9tat d\u2019\u00e9bullition, surtout \u00e0 Guerguerat, et les autorit\u00e9s marocaines poursuivent leurs violations flagrantes des droits de l&rsquo;homme dans les territoires occup\u00e9s\u00bb, a pr\u00e9cis\u00e9 M. Mohamed Omar, dans une d\u00e9claration \u00e0 l\u2019APS.<br \/>Il a fait savoir que la R\u00e9publique arabe sahraouie d\u00e9mocratique (RASD) avait fait part de son \u00abm\u00e9contentement\u00bb \u00e0 cet \u00e9gard, par l\u2019interm\u00e9diaire de son pr\u00e9sident et secr\u00e9taire g\u00e9n\u00e9ral du Front Polisario, Ibrahim Ghali, dans une lettre qu\u2019il a adress\u00e9e au SG de l\u2019ONU et au pr\u00e9sident en exercice du Conseil de s\u00e9curit\u00e9, en date du 6 octobre.<br \/>Pour la partie sahraouie, le rapport, cens\u00e9 \u00eatre objectif et refl\u00e9ter la r\u00e9alit\u00e9 de la situation dans la r\u00e9gion, est \u00abpartial\u00bb et \u00abmet sur un pied d&rsquo;\u00e9galit\u00e9 la victime et le bourreau\u00bb, a expliqu\u00e9 M. Mohamed Omar.<\/p>\n<p>Auteur: elmoudjahid<br \/>\n<a href=\"http:\/\/www.elmoudjahid.com\/fr\/actualites\/160701\">Cliquez ici pour lire l&rsquo;article depuis sa source.<\/a><\/p>\n","protected":false},"excerpt":{"rendered":"<p>Le dernier rapport du Secr\u00e9taire g\u00e9n\u00e9ral de l\u2019ONU, Antonio Guterres, sur le Sahara occidental ne correspond pas \u00e0 la lettre et \u00e0 l&rsquo;esprit du plan conjoint de r\u00e8glement ONU-OUA (UA actuellement), et met sur un pied d&rsquo;\u00e9galit\u00e9 la victime et le bourreau, a estim\u00e9 hier le repr\u00e9sentant du Front Polisario aupr\u00e8s de l&rsquo;ONU, Sidi Mohamed [&hellip;]<\/p>\n","protected":false},"author":1744,"featured_media":0,"comment_status":"closed","ping_status":"closed","sticky":false,"template":"","format":"standard","meta":{"fifu_image_url":"","fifu_image_alt":"","footnotes":""},"categories":[73,53],"tags":[],"class_list":["post-102089","post","type-post","status-publish","format-standard","hentry","category-actualite","category-algerie"],"_links":{"self":[{"href":"https:\/\/linitiative.ca\/International\/wp-json\/wp\/v2\/posts\/102089","targetHints":{"allow":["GET"]}}],"collection":[{"href":"https:\/\/linitiative.ca\/International\/wp-json\/wp\/v2\/posts"}],"about":[{"href":"https:\/\/linitiative.ca\/International\/wp-json\/wp\/v2\/types\/post"}],"author":[{"embeddable":true,"href":"https:\/\/linitiative.ca\/International\/wp-json\/wp\/v2\/users\/1744"}],"replies":[{"embeddable":true,"href":"https:\/\/linitiative.ca\/International\/wp-json\/wp\/v2\/comments?post=102089"}],"version-history":[{"count":0,"href":"https:\/\/linitiative.ca\/International\/wp-json\/wp\/v2\/posts\/102089\/revisions"}],"wp:attachment":[{"href":"https:\/\/linitiative.ca\/International\/wp-json\/wp\/v2\/media?parent=102089"}],"wp:term":[{"taxonomy":"category","embeddable":true,"href":"https:\/\/linitiative.ca\/International\/wp-json\/wp\/v2\/categories?post=102089"},{"taxonomy":"post_tag","embeddable":true,"href":"https:\/\/linitiative.ca\/International\/wp-json\/wp\/v2\/tags?post=102089"}],"curies":[{"name":"wp","href":"https:\/\/api.w.org\/{rel}","templated":true}]}}