{"id":102090,"date":"2020-10-17T20:00:00","date_gmt":"2020-10-18T00:00:00","guid":{"rendered":"https:\/\/linitiative.ca\/International\/le-premier-ministre-a-djelfa-dynamiser-le-developpement-socioeconomique\/"},"modified":"2020-10-17T20:00:00","modified_gmt":"2020-10-18T00:00:00","slug":"le-premier-ministre-a-djelfa-dynamiser-le-developpement-socioeconomique","status":"publish","type":"post","link":"https:\/\/linitiative.ca\/International\/le-premier-ministre-a-djelfa-dynamiser-le-developpement-socioeconomique\/","title":{"rendered":"Le Premier ministre \u00e0 Djelfa  : Dynamiser  le d\u00e9veloppement socio\u00e9conomique"},"content":{"rendered":"<p>De notre envoy\u00e9 sp\u00e9cial : Karim Aoudia<\/p>\n<p><strong>&#8211; Un h\u00f4pital de 60 lits inaugur\u00e9 et un centre anticanc\u00e9reux op\u00e9rationnel en 2023.<br \/>&#8211; Au chevet des zones d\u2019ombre.<\/strong><\/p>\n<p>Apr\u00e8s la pr\u00e9sentation traitant des opportunit\u00e9s de ce nouveau march\u00e9 de gros dont la r\u00e9alisation ob\u00e9it essentiellement \u00e0 \u00e9viter tout risque de p\u00e9nurie des fruits et l\u00e9gumes et garantir la stabilit\u00e9 des prix, le Premier ministre a rappel\u00e9 dans ses orientations l&rsquo;imp\u00e9ratif d&rsquo;aller vers la mise en place de la num\u00e9risation au vu, dit-il, de son impact positif en termes d&rsquo;optimisation de la gestion, de lutte contre la sp\u00e9culation et des circuits de l&rsquo;informel. \u00abNous devons \u00e9galement garantir un approvisionnement \u00e9quitable des fruits et l\u00e9gumes \u00e0 travers l&rsquo;ensemble des march\u00e9s de gros que compte le\u00a0 pays\u00bb, a indiqu\u00e9 Djerad, mettant en relief la n\u00e9cessit\u00e9 d&rsquo;affiner la gestion en int\u00e9grant les techniques modernes pour consolider les r\u00e8gles de transparence.<br \/>A Ain Oussara, Djerad a inaugur\u00e9 la structure industrielle de recyclage du papier appartenant \u00e0 l&rsquo;entreprise priv\u00e9e Wafa-doux. Il a rappel\u00e9 l&rsquo;int\u00e9r\u00eat qu&rsquo;accorde le gouvernement \u00e0 la promotion de l&rsquo;industrie de transformation \u00abun des axes majeurs du programme du pr\u00e9sident de la R\u00e9publique\u00bb.<br \/>\u00abNous sommes d\u00e9termin\u00e9s \u00e0 encourager ce cr\u00e9neau d&rsquo;activit\u00e9, notamment par un financement pouvant atteindre 90% du montant des projets\u00bb, a-t-il fait savoir, mettant l&rsquo;accent sur les objectifs du d\u00e9veloppement des industries de transformation en termes de subvention des besoins du march\u00e9 national et de pr\u00e9servation des ressources du pays en devises et de r\u00e9duction des importations.<br \/>Qualifiant l&rsquo;entreprise Wafa-doux de v\u00e9ritable mod\u00e8le de r\u00e9ussite, eu \u00e9gard notamment \u00e0 ses performances en mati\u00e8re de taux d&rsquo;int\u00e9gration de la mati\u00e8re premi\u00e8re ayant atteint 90 %, le Premier ministre a valoris\u00e9 la dynamique engag\u00e9e dans le cadre de la mise en \u0153uvre du programme du pr\u00e9sident de la R\u00e9publique pour l&rsquo;\u00e9mergence d&rsquo;un tissu de PME-PMI concurrentiel et comp\u00e9titif et surtout capable de conqu\u00e9rir les march\u00e9s africains o\u00f9 \u00abl&rsquo;Alg\u00e9rie devra imp\u00e9rativement se faire une place\u00bb.<br \/>\u00abL&rsquo;Alg\u00e9rie dispose d&rsquo;une excellente r\u00e9putation en Afrique de par son histoire, son engagement aux c\u00f4t\u00e9s des peuples qui luttent pour la lib\u00e9ration et l&rsquo;ind\u00e9pendance et sa d\u00e9fense des valeurs et des causes justes\u00bb, a-t-il soutenu. \u00abCette appartenance africaine profonde devrait impacter le d\u00e9veloppement des relations commerciales avec les pays du continent\u00bb, dit-il.<br \/>En finir avec l\u2019anarchie dans les zones<br \/>industrielles<\/p>\n<p>Le Premier ministre a annonc\u00e9 la volont\u00e9 du gouvernement d&rsquo;aller vers \u00abune profonde r\u00e9organisation des zones industrielles pour en finir d\u00e9finitivement avec la situation d&rsquo;anarchie \u00e0 laquelle elles sont confront\u00e9es\u00bb. \u00abNous sommes sur le point de signer un d\u00e9cret ex\u00e9cutif en vue d&rsquo;assainir une situation faite de plusieurs anomalies et qui n&rsquo;a que trop dur\u00e9\u00bb, dit-il. La r\u00e9organisation en question traitera notamment, explique-t-il, de la r\u00e9cup\u00e9ration des lots de foncier industriel attribu\u00e9s par le pass\u00e9 \u00e0 des pseudo-investisseurs pour les confier, ensuite, \u00e0 des op\u00e9rateurs \u00e9conomiques, dignes de ce nom, capables de susciter de la valeur ajout\u00e9e au double plan de la cr\u00e9ation de la richesse et de l&#8217;emploi. \u00abBeaucoup ont b\u00e9n\u00e9fici\u00e9 de terrains industriels sans investir un centime et cette forme d&rsquo;anarchie doit imp\u00e9rativement cesser\u00bb, a indiqu\u00e9 Djerad, mettant l&rsquo;accent sur la gestion des zones industrielles qui sera assur\u00e9e, \u00e0 l&rsquo;avenir, par des comp\u00e9tences professionnelles d&rsquo;un niveau \u00e9lev\u00e9. La r\u00e9organisation des zones industrielles se fera aussi de concert avec les op\u00e9rateurs activant dans ce domaine, a-t-il mentionn\u00e9, estimant que les concern\u00e9s sont plus \u00e0 m\u00eame d\u2019informer les autorit\u00e9s sur la r\u00e9alit\u00e9 du terrain. M. Djerad a soulign\u00e9 la n\u00e9cessit\u00e9 d&rsquo;optimisation de la relation entre les entit\u00e9s industrielles aussi bien publiques que priv\u00e9es et les \u00e9tablissements de formation professionnelle dans le but d&rsquo;assurer une meilleure int\u00e9gration des jeunes dipl\u00f4m\u00e9s dans diff\u00e9rents fili\u00e8res industrielles.<\/p>\n<p><strong>Un h\u00f4pital de 60 lits inaugur\u00e9 et un centre anticanc\u00e9reux op\u00e9rationnel en 2023<\/strong><\/p>\n<p>\u00abTous les besoins de la sant\u00e9 publique \u00e0 Djelfa seront progressivement pris en charge par l&rsquo;\u00c9tat\u00bb, a assur\u00e9 le Premier ministre \u00e0 Birine, une localit\u00e9 non loin d&rsquo;Ain Oussara, o\u00f9 il a proc\u00e9d\u00e9 \u00e0 l&rsquo;inauguration d&rsquo;un h\u00f4pital de 60 lits. \u00abLe d\u00e9veloppement du secteur de la sant\u00e9 \u00e0 l&rsquo;\u00e9chelle nationale est devenu une priorit\u00e9, compte tenu des insuffisances et des carences de gestion que l&rsquo;\u00e9pid\u00e9mie de la Covid-19 a r\u00e9v\u00e9l\u00e9 au grand jour\u00bb, a-t-il expliqu\u00e9. Djelfa b\u00e9n\u00e9ficiera de toutes les infrastructures de sant\u00e9, y compris les \u00e9tablissements de proximit\u00e9 dans les zones d&rsquo;ombre, a-t-il poursuivi.<br \/>M. Djerad s&rsquo;est enquis aupr\u00e8s du ministre de la Sant\u00e9, Abderrahmane Benbouzid, quant \u00e0 la disponibilit\u00e9 de m\u00e9decins r\u00e9sidents et des sp\u00e9cialistes. Le ministre a fait savoir que le concours de r\u00e9sidanat \u00e0 \u00e9t\u00e9 ajourn\u00e9 en raison de la crise sanitaire du coronavirus, pr\u00e9cisant que cet examen vient tout juste d&rsquo;\u00eatre relanc\u00e9, tout comme l&rsquo;affectation des sp\u00e9cialit\u00e9s.<br \/>Il s&rsquo;est \u00e9galement engag\u00e9 \u00e0 garantir un encadrement idoine pour un meilleur fonctionnement des infrastructures de sant\u00e9 \u00e0 travers le pays. Le nouveau h\u00f4pital de 60 lits \u00e0 Birine a \u00e9t\u00e9 baptis\u00e9 au nom du d\u00e9funt colonel Ahmed-Bencherif, ancien moudjahid natif de Djelfa. Cette nouvelle structure devra entrer en service vers la fin de l&rsquo;ann\u00e9e. Le Premier ministre a instruit les responsables locaux pour acc\u00e9l\u00e9rer la mise en place des \u00e9quipements adapt\u00e9s aux besoins exprim\u00e9s en mati\u00e8re de prise en charge m\u00e9dicale de la population locale, notamment dans les domaines des sp\u00e9cialistes. Au chef-lieu de la wilaya de Djelfa, Abdelaziz Djerad a proc\u00e9d\u00e9 \u00e0 la pose de la premi\u00e8re pierre du projet de r\u00e9alisation d&rsquo;un Centre anti-cancer d&rsquo;une capacit\u00e9 de 120 lits d&rsquo;un montant d\u00e9passant les 4 milliards de DA et dont les travaux sont confi\u00e9s au Groupe Cosider pour un d\u00e9lai de 30 mois. Le CAC sera op\u00e9rationnel d\u00e8s 2023.<br \/>Djerad a aussi inaugur\u00e9 au chef-lieu de la wilaya, l\u2019\u00e9cole des m\u00e9tiers des travaux publics o\u00f9 un expos\u00e9 sur le p\u00f4le urbanistique Berrabih a \u00e9t\u00e9 pr\u00e9sent\u00e9.<\/p>\n<p><strong>Au chevet des zones d\u2019ombre<\/strong><\/p>\n<p>\u00abNous sommes venus avec la ferme volont\u00e9 d&rsquo;am\u00e9liorer le v\u00e9cu du quotidien des populations des zones d&rsquo;ombre qui font face \u00e0 un cumul de contraintes et de difficult\u00e9s\u00bb, a affirm\u00e9 Djerad qui s&rsquo;est rendu dans la commune de Bayazid \u00e0 une soixantaine de kilom\u00e8tres du chef-lieu de la wilaya.<br \/>Il rappelle aux citoyens que le pr\u00e9sident de la R\u00e9publique est impr\u00e9gn\u00e9, mieux que quiconque, des probl\u00e8mes de l&rsquo;Alg\u00e9rie profonde. Il a r\u00e9it\u00e9r\u00e9 l&rsquo;engagement de l&rsquo;Etat pour assurer au citoyen les conditions d\u2019une vie d\u00e9cente et digne. Il invite les citoyens \u00e0 \u00abretrousser leurs manches\u00bb et \u00e0 s&rsquo;impliquer activement dans le processus d&rsquo;\u00e9dification de l&rsquo;Alg\u00e9rie nouvelle.<br \/>A Oued Fatna et Guendouza, la d\u00e9l\u00e9gation a constat\u00e9 l&rsquo;ach\u00e8vement des travaux de r\u00e9novation de structures scolaires, du bitumage des routes et de l&rsquo;installation d\u2019\u00e9quipement de gaz propane en attendant la raccordement au gaz naturel. Les citoyens ont soulev\u00e9 une s\u00e9rie de probl\u00e8mes en rapport avec le dossier du logement rural, du renforcement de l&rsquo;alimentation en eau potable et l&rsquo;ouverture de salles de soin.<br \/>La visite du Premier ministre a pour objectif de restructurer les segments de l&rsquo;\u00e9conomie productive, \u00e0 am\u00e9liorer la prise en charge des populations locales, plus particuli\u00e8rement celles habitant dans les zones d&rsquo;ombre. Le Premier ministre \u00e9tait accompagn\u00e9 du ministre de l&rsquo;Int\u00e9rieur, des Collectivit\u00e9s locales et de l&rsquo;Am\u00e9nagement du territoire, Kamel Beldjoud, et du ministre de la Sant\u00e9, de la Population et de la R\u00e9forme hospitali\u00e8re, Abderrahmane Benbouzid.<\/p>\n<p>K. A.<\/p>\n<p>\/\/\/\/\/\/\/\/\/\/\/\/\/\/\/\/\/\/\/\/\/\/\/\/\/\/\/\/\/\/\/\/\/\/\/\/\/\/<br \/>\u00a0<\/p>\n<p><strong>Le Premier ministre r\u00e9it\u00e8re \u00abla volont\u00e9 sinc\u00e8re\u00bb de l\u2019\u00e9tat \u00e0 op\u00e9rer le changement<\/strong><\/p>\n<p>Le Premier ministre, Abdelaziz Djerad, a r\u00e9it\u00e9r\u00e9 \u00abla volont\u00e9 sinc\u00e8re de l&rsquo;Etat \u00e0 op\u00e9rer le changement\u00bb. \u00abL&rsquo;Etat, sous la conduite du Pr\u00e9sident Abdelmadjid Tebboune, a la sinc\u00e8re intention et une volont\u00e9 de changement\u00bb, a d\u00e9clar\u00e9 M. Djerad en \u00e9coutant les pr\u00e9occupations des citoyens de zones d&rsquo;ombre dans la commune de Sidi Bayazid. \u00abLe pr\u00e9sident de la R\u00e9publique, qui a une parfaite connaissance de l&rsquo;Alg\u00e9rie profonde, de ses r\u00e9gions et de la situation de leurs populations, accorde une priorit\u00e9 absolue au d\u00e9veloppement des zones d&rsquo;ombre\u00bb, a soulign\u00e9 Djerad. S&rsquo;engageant \u00e0 r\u00e9pondre \u00e0 toutes les demandes de d\u00e9veloppement des zones d&rsquo;ombre dans la wilaya de Djelfa en termes de transport, d&rsquo;\u00e9lectricit\u00e9, de gaz et de prestations de sant\u00e9, le Premier ministre a rappel\u00e9 qu&rsquo;il s&rsquo;agit \u00abd&rsquo;accumulations de plusieurs ann\u00e9es\u00bb. Il a appel\u00e9, dans ce sens, les citoyens \u00e0 se tourner vers l&rsquo;avenir et \u00e0 veiller au respect des devoirs envers le pays.<\/p>\n<p>\/\/\/\/\/\/\/\/\/\/\/\/\/\/\/\/\/\/\/\/\/\/\/\/\/\/\/\/\/\/\/\/\/\/\/\/\/\/<\/p>\n<p><strong>Djerad se recueille \u00e0 la m\u00e9moire des martyrs<\/strong><\/p>\n<p>Le Premier ministre, Abdelaziz Djerad, s&rsquo;est recueilli au cimeti\u00e8re des chouhada de Djelfa, \u00e0 la m\u00e9moire des martyrs de la guerre de Lib\u00e9ration nationale, \u00e0 l\u2019occasion de la journ\u00e9e nationale de l&rsquo;Emigration, marquant le 59e anniversaire des manifestations du 17 octobre 1961. Le Premier ministre a proc\u00e9d\u00e9, \u00e0 cette occasion, \u00e0 la pose d\u2019une gerbe de fleurs, au cimeti\u00e8re des martyrs de Djelfa, avant la lecture de la Fatiha du Saint Coran \u00e0 la m\u00e9moire des chouhada.<\/p>\n<p>\/\/\/\/\/\/\/\/\/\/\/\/\/\/\/\/\/\/\/\/\/\/\/\/\/\/\/\/\/\/\/\/\/\/\/\/\/\/<\/p>\n<p><strong>Le Pr\u00e9sident Tebboune d\u00e9cide d\u2019affecter 300 logements sociaux suppl\u00e9mentaires<\/strong><\/p>\n<p>Le Premier ministre, Abdelaziz Djerad, a annonc\u00e9, hier depuis Djelfa, la d\u00e9cision du pr\u00e9sident de la R\u00e9publique, M. Abdelmadjid Tebboune, portant affectation de 300 logements sociaux suppl\u00e9mentaires \u00e0 cette wilaya steppique.<br \/>Lors d&rsquo;une rencontre avec les repr\u00e9sentants de la soci\u00e9t\u00e9 civile, au terme de sa visite dans la wilaya de Djelfa, Djerad a annonc\u00e9 une s\u00e9rie de d\u00e9cisions importantes du Pr\u00e9sident Tebboune au profit de cette wilaya, dont l&rsquo;affectation de 300 logements suppl\u00e9mentaires \u00e0 caract\u00e8re social et locatif et l&rsquo;octroi au profit de cette wilaya de 700 aides dans le cadre du renforcement de l&rsquo;habitat rural.<br \/>La wilaya de Djelfa a b\u00e9n\u00e9fici\u00e9 d&rsquo;une enveloppe financi\u00e8re de 400 millions de dinars pour la prise en charge d&rsquo;une s\u00e9rie de pr\u00e9occupations li\u00e9es \u00e0 l&rsquo;am\u00e9lioration du cadre de vie des citoyens (\u00e9lectricit\u00e9-routes et projets de r\u00e9alisation d&rsquo;\u00e9coles), a ajout\u00e9 Djerad.<br \/>Le Premier ministre a \u00e9voqu\u00e9 certains projets qu&rsquo;il a eu \u00e0 visiter cette journ\u00e9e, pr\u00e9cisant qu&rsquo;il s&rsquo;\u00abagit d&rsquo;importants acquis de d\u00e9veloppement, notamment la pose de la premi\u00e8re pierre de r\u00e9alisation d&rsquo;un centre de lutte contre le cancer, ce qui traduit l&rsquo;engagement du Pr\u00e9sident Tebboune envers la population de Djelfa\u00bb.<br \/>Il a salu\u00e9 le r\u00f4le de la soci\u00e9t\u00e9 civile qui constitue \u00abun outil de d\u00e9veloppement et une force agissante et positive pour l&rsquo;\u00e9dification de l&rsquo;Alg\u00e9rie\u00bb, pr\u00e9cisant que les pr\u00e9occupations soulev\u00e9es \u00absont pratiquement les m\u00eames dans la majorit\u00e9 des wilayas et leur prise en charge n\u00e9cessite une r\u00e9flexion nationale\u00bb, qualifiant la rencontre avec les repr\u00e9sentants de la soci\u00e9t\u00e9 civile de \u00abconsolidation de la d\u00e9mocratie participative\u00bb.<br \/>\u00abNous sommes l\u00e0 pour renforcer le m\u00e9canisme de communication directe\u00bb, a-t-il ajout\u00e9.<br \/>Le Premier ministre est intervenu, rappelle-t-on, sur les ondes de la radio locale, pour mettre en avant les diff\u00e9rents aspects li\u00e9s au d\u00e9veloppement et parler de th\u00e8mes inh\u00e9rents au r\u00e9f\u00e9rendum du 1er novembre sur la r\u00e9vision de la Constitution.<\/p>\n<p>Auteur: elmoudjahid<br \/>\n<a href=\"http:\/\/www.elmoudjahid.com\/fr\/actualites\/160702\">Cliquez ici pour lire l&rsquo;article depuis sa source.<\/a><\/p>\n","protected":false},"excerpt":{"rendered":"<p>De notre envoy\u00e9 sp\u00e9cial : Karim Aoudia &#8211; Un h\u00f4pital de 60 lits inaugur\u00e9 et un centre anticanc\u00e9reux op\u00e9rationnel en 2023.&#8211; Au chevet des zones d\u2019ombre. Apr\u00e8s la pr\u00e9sentation traitant des opportunit\u00e9s de ce nouveau march\u00e9 de gros dont la r\u00e9alisation ob\u00e9it essentiellement \u00e0 \u00e9viter tout risque de p\u00e9nurie des fruits et l\u00e9gumes et garantir [&hellip;]<\/p>\n","protected":false},"author":1744,"featured_media":0,"comment_status":"closed","ping_status":"closed","sticky":false,"template":"","format":"standard","meta":{"fifu_image_url":"","fifu_image_alt":"","footnotes":""},"categories":[73,53],"tags":[],"class_list":["post-102090","post","type-post","status-publish","format-standard","hentry","category-actualite","category-algerie"],"_links":{"self":[{"href":"https:\/\/linitiative.ca\/International\/wp-json\/wp\/v2\/posts\/102090","targetHints":{"allow":["GET"]}}],"collection":[{"href":"https:\/\/linitiative.ca\/International\/wp-json\/wp\/v2\/posts"}],"about":[{"href":"https:\/\/linitiative.ca\/International\/wp-json\/wp\/v2\/types\/post"}],"author":[{"embeddable":true,"href":"https:\/\/linitiative.ca\/International\/wp-json\/wp\/v2\/users\/1744"}],"replies":[{"embeddable":true,"href":"https:\/\/linitiative.ca\/International\/wp-json\/wp\/v2\/comments?post=102090"}],"version-history":[{"count":0,"href":"https:\/\/linitiative.ca\/International\/wp-json\/wp\/v2\/posts\/102090\/revisions"}],"wp:attachment":[{"href":"https:\/\/linitiative.ca\/International\/wp-json\/wp\/v2\/media?parent=102090"}],"wp:term":[{"taxonomy":"category","embeddable":true,"href":"https:\/\/linitiative.ca\/International\/wp-json\/wp\/v2\/categories?post=102090"},{"taxonomy":"post_tag","embeddable":true,"href":"https:\/\/linitiative.ca\/International\/wp-json\/wp\/v2\/tags?post=102090"}],"curies":[{"name":"wp","href":"https:\/\/api.w.org\/{rel}","templated":true}]}}