{"id":102095,"date":"2020-10-18T11:11:00","date_gmt":"2020-10-18T15:11:00","guid":{"rendered":"https:\/\/linitiative.ca\/International\/arzew-oran-les-habitants-de-hai-ettefaha-interpellent-le-wali\/"},"modified":"2020-10-18T11:11:00","modified_gmt":"2020-10-18T15:11:00","slug":"arzew-oran-les-habitants-de-hai-ettefaha-interpellent-le-wali","status":"publish","type":"post","link":"https:\/\/linitiative.ca\/International\/arzew-oran-les-habitants-de-hai-ettefaha-interpellent-le-wali\/","title":{"rendered":"ARZEW (ORAN) : Les habitants de Hai Ettefaha  interpellent le wali"},"content":{"rendered":"<p><br id=\"sep_para_1\" class=\"sep_para access\"\/><\/p>\n<div id=\"para_1\" class=\"para_39073127 resize\">\n<div class=\"texte access firstletter\">Les\u00a0 habitants de la cit\u00e9 Hai Ettefaha dans la localit\u00e9 de la corniche Arzewienne du Cap Carbon\u00a0 ont demand\u00e9 via une lettre ouverte aux autorit\u00e9s comp\u00e9tentes, d\u2019intervenir d\u2019urgence pour assurer les conditions minimales de vie dans cette grande cit\u00e9, tel le probl\u00e8me d\u2019AEP qui ne trouve pas de solution depuis pr\u00e8s de 18 mois ponctu\u00e9 \u00e0 chaque fois par des excuses nonchalantes des services concern\u00e9s. Les habitants sont contraints d\u2019acheter de l\u2019eau aupr\u00e8s des camions citernes, engendrant des d\u00e9penses suppl\u00e9mentaires qu\u2019ils ne sont plus en mesure d\u2019assurer en l\u2019occurrence 1000 DA tous les trois jours ! Les m\u00eames habitants soul\u00e8vent \u00e9galement\u00a0 les coupures fr\u00e9quentes d\u2019\u00e9lectricit\u00e9 et les cons\u00e9quences qui en d\u00e9coulent. La couverture des r\u00e9seaux mobiles est tr\u00e8s faible et dans certains cas inexistante, car passer un appel t\u00e9l\u00e9phonique est devenu tr\u00e8s difficile. Les r\u00e9seaux d&rsquo;\u00e9vacuation des eaux us\u00e9es qui se d\u00e9gagent dans les ruelles menacent nos enfants et nous- m\u00eames, ils se d\u00e9gagent \u00e0 ciel ouvert durant cette pand\u00e9mie et les mesures pr\u00e9ventives sont omnipr\u00e9sentes dans notre cit\u00e9. Nous sommes confront\u00e9s au danger permanent et aucun des \u00e9lus ni\u00a0 encore moins des autorit\u00e9s comp\u00e9tentes de la da\u00efra d&rsquo;Arzew n&rsquo;a os\u00e9 prendre en charge nos dol\u00e9ances pour une prise en charge de r\u00e9novation du r\u00e9seau d&rsquo;\u00e9vacuation des eaux us\u00e9es qui nous perturbe \u00e9norm\u00e9ment.<br \/>Les r\u00e9sidents rencontr\u00e9s nous ont d\u00e9clar\u00e9 : \u00ab Il est regrettable que le minimum de commodit\u00e9s ne soit pas retrouv\u00e9 dans cette ville p\u00e9trochimique\u00a0 phare d&rsquo;Alg\u00e9rie mais qui traine des lacunes pour un cadre de vie basique \u00bb.\u00a0\u00a0\u00a0\u00a0\u00a0<br \/>\u00a0<\/div>\n<\/div>\n<p>Auteur: Medjadji Habib<br \/>\n<a href=\"https:\/\/www.reflexiondz.net\/ARZEW-ORAN-Les-habitants-de-Hai-Ettefaha-interpellent-le-wali_a65844.html\">Cliquez ici pour lire l&rsquo;article depuis sa source.<\/a><\/p>\n","protected":false},"excerpt":{"rendered":"<p>Les\u00a0 habitants de la cit\u00e9 Hai Ettefaha dans la localit\u00e9 de la corniche Arzewienne du Cap Carbon\u00a0 ont demand\u00e9 via une lettre ouverte aux autorit\u00e9s comp\u00e9tentes, d\u2019intervenir d\u2019urgence pour assurer les conditions minimales de vie dans cette grande cit\u00e9, tel le probl\u00e8me d\u2019AEP qui ne trouve pas de solution depuis pr\u00e8s de 18 mois ponctu\u00e9 [&hellip;]<\/p>\n","protected":false},"author":1740,"featured_media":0,"comment_status":"closed","ping_status":"closed","sticky":false,"template":"","format":"standard","meta":{"fifu_image_url":"","fifu_image_alt":"","footnotes":""},"categories":[53,76],"tags":[],"class_list":["post-102095","post","type-post","status-publish","format-standard","hentry","category-algerie","category-regions"],"_links":{"self":[{"href":"https:\/\/linitiative.ca\/International\/wp-json\/wp\/v2\/posts\/102095","targetHints":{"allow":["GET"]}}],"collection":[{"href":"https:\/\/linitiative.ca\/International\/wp-json\/wp\/v2\/posts"}],"about":[{"href":"https:\/\/linitiative.ca\/International\/wp-json\/wp\/v2\/types\/post"}],"author":[{"embeddable":true,"href":"https:\/\/linitiative.ca\/International\/wp-json\/wp\/v2\/users\/1740"}],"replies":[{"embeddable":true,"href":"https:\/\/linitiative.ca\/International\/wp-json\/wp\/v2\/comments?post=102095"}],"version-history":[{"count":0,"href":"https:\/\/linitiative.ca\/International\/wp-json\/wp\/v2\/posts\/102095\/revisions"}],"wp:attachment":[{"href":"https:\/\/linitiative.ca\/International\/wp-json\/wp\/v2\/media?parent=102095"}],"wp:term":[{"taxonomy":"category","embeddable":true,"href":"https:\/\/linitiative.ca\/International\/wp-json\/wp\/v2\/categories?post=102095"},{"taxonomy":"post_tag","embeddable":true,"href":"https:\/\/linitiative.ca\/International\/wp-json\/wp\/v2\/tags?post=102095"}],"curies":[{"name":"wp","href":"https:\/\/api.w.org\/{rel}","templated":true}]}}