{"id":102102,"date":"2020-10-18T06:01:00","date_gmt":"2020-10-18T10:01:00","guid":{"rendered":"https:\/\/linitiative.ca\/International\/maher-el-akhras-un-militant-palestinien-au-seuil-de-la-mort\/"},"modified":"2020-10-18T06:01:00","modified_gmt":"2020-10-18T10:01:00","slug":"maher-el-akhras-un-militant-palestinien-au-seuil-de-la-mort","status":"publish","type":"post","link":"https:\/\/linitiative.ca\/International\/maher-el-akhras-un-militant-palestinien-au-seuil-de-la-mort\/","title":{"rendered":"Maher el Akhras: Un militant palestinien au seuil de la mort"},"content":{"rendered":"<p class=\"c4\"><em><span class=\"c3\"><span class=\"c2\"><strong>Mohamed Larbi Bouguerra &#8211;<\/strong><\/span><\/span><\/em> Maher el Akhras, 49 ans, p\u00e8re de six enfants, originaire du village de Silah al-Dahr, pr\u00e8s de J\u00e9nine, en Cisjordanie occup\u00e9e, risque de mourir d\u2019un jour \u00e0 l\u2019autre. Isra\u00ebl l\u2019accuse, sans preuves, de faire partie d\u2019un groupe terroriste. Ce qu\u2019il nie en d\u00e9clarant au \u00ab Times of Isra\u00ebl \u00bb (14 octobre 2020) qu\u2019il veut voir ses enfants jouer avec de petits juifs et de petits chr\u00e9tiens. C\u2019est dire si cet homme est dangereux. Le mot \u00ab paix \u00bb est une telle menace pour les sionistes ! Entre 2005 et 2019, Isra\u00ebl l\u2019a arr\u00eat\u00e9 cinq fois.<\/p>\n<p class=\"c4\">Depuis son incarc\u00e9ration administrative, en juillet dernier, \u00e0 la prison d\u2019Ofer, il ne boit que de l\u2019eau. Ce jeudi 16 octobre, cela fait 83 jours qu\u2019il refuse de se nourrir. En d\u00e9pit de son terrible \u00e9tat de sant\u00e9, les forces d\u2019occupation refusent de le lib\u00e9rer. Sa femme, Taghrid, affirme qu\u2019il est maintenant si faible qu\u2019il ne peut plus parler et elle a d\u00e9cid\u00e9 de se mettre elle-aussi en gr\u00e8ve de la faim, devant le Centre M\u00e9dical Kaplan, \u00e0 Rehovot o\u00f9 il se trouve depuis septembre. Plaidant devant la Cour Supr\u00eame, son avocate, Me Ahlam Haddad, a affirm\u00e9, qu\u2019il est \u00ab dans la cat\u00e9gorie mort clinique. \u00bb Mais d\u00e9nu\u00e9e de tout sentiment humain, les juges isra\u00e9liens, ont refus\u00e9, par deux fois, de le lib\u00e9rer. (Haaretz, 11 octobre 2020). D\u2019apr\u00e8s le Dr Anat Litvin, de l\u2019ONG \u00ab M\u00e9decins pour les droits de l\u2019homme \u00bb (Branche d\u2019Isra\u00ebl), les gr\u00e9vistes de la faim qui ne boivent que de l\u2019eau commencent \u00e0 mourir au 75\u00e8me jour. Les journalistes de\u00a0 Haaretz et du Times of Isra\u00ebl n\u2019ont vu rien de criminel dans les documents pr\u00e9sent\u00e9s \u00e0 la Cour Supr\u00eame contre al-Akhras.<\/p>\n<p class=\"c4\">Le Dr Ahmed Tibi, membre du Parlement isra\u00e9lien, se dit tr\u00e8s inquiet ayant rendu visite \u00e0 plusieurs reprises au prisonnier, gr\u00e9viste de la faim. Ce m\u00e9decin a d\u00e9clar\u00e9 au quotidien londonien The Independent \u00ab Nous sommes totalement contre la d\u00e9tention administrative. Ils n\u2019ont pr\u00e9sent\u00e9 aucune preuve contre lui. \u00bb De son c\u00f4t\u00e9, Youss\u00e8f Jabarin, d\u00e9put\u00e9 \u00e0 la Knesset, \u00e9lu de la Liste Unie a d\u00e9clar\u00e9 : \u00ab Nous sommes extr\u00eamement pr\u00e9occup\u00e9s par la d\u00e9t\u00e9rioration dangereuse de l\u2019\u00e9tat d\u2019al Akhras et exigeons sa libert\u00e9. Nous demandons la libert\u00e9 pour lui et pour tous les prisonniers politiques.\u00bb Jabarin demande \u00e0 la communaut\u00e9 internationale d\u2019agir rapidement en faveur de Maher .<\/p>\n<p class=\"c4\">Interrog\u00e9 le 14 octobre sur le cas de M. al-Akhras, M. St\u00e9phane Dujaric, le porte-parole du Secr\u00e9taire g\u00e9n\u00e9ral de l\u2019ONU,\u00a0 r\u00e9pond que \u00ab M.Mladenov, le Coordinateur Sp\u00e9cial sur le terrain [en Isra\u00ebl-Palestine] est fortement inquiet de la d\u00e9t\u00e9rioration de l\u2019\u00e9tat de sant\u00e9 de Maher al Akhras qui fait une gr\u00e8ve de la faim de 78 jours pour protester contre sa d\u00e9tention administrative\u2026.Le Coordinateur Sp\u00e9cial a renouvel\u00e9 son appel pour que tous ceux qui sont sous d\u00e9tention administrative soient inculp\u00e9s ou lib\u00e9r\u00e9s imm\u00e9diatement. \u00bb.<\/p>\n<p class=\"c4\">Sous l\u2019inique r\u00e9gime de la d\u00e9tention administrative, ni Maher ni ses avocats ne sont inform\u00e9s des charges retenues contre lui et il peut rester en prison six mois, d\u00e9tention renouvelable au bon vouloir du ministre isra\u00e9lien de l\u2019Int\u00e9rieur qui agit ainsi \u2026comme Louis XIV qui signait \u00ab des lettres de cachet \u00bb contre quiconque lui d\u00e9plaisait. C\u2019est contre cette d\u00e9cision barbare que Maher proteste en risquant sa vie. Pour casser sa gr\u00e8ve, le Shin Bet et le service des prisons des sionistes lui assurent que, s\u2019il arr\u00eate son mouvement, il sera lib\u00e9r\u00e9 le 26 novembre et sa d\u00e9tention administrative ne sera pas renouvel\u00e9 si\u2026.. De nouveaux \u00e9l\u00e9ments le concernant ne parviennent pas \u00e0 la connaissance du Shin Bet. Maher refuse ces conditions car il vivrait d\u00e9sormais sous l\u2019\u00e9p\u00e9e de Damocl\u00e8s du Shin Bet. Il demande \u00e0 \u00eatre lib\u00e9r\u00e9 sans conditions d\u2019autant qu\u2019aucune accusation ne lui est signifi\u00e9e.<\/p>\n<p class=\"c4\">Mardi 13 octobre, la Cour supr\u00eame de l\u2019occupant et le juge Yitzhak Amit \u00ab ont donn\u00e9, une fois de plus, une l\u00e9gitimation judiciaire \u00e0 l\u2019occupation et \u00e0 la violation des droits des Palestiniens \u00bb.\u00a0 Isra\u00ebl n\u2019est pas un Etat d\u00e9mocratique et la Cour Supr\u00eame ne veut pas dire qu\u2019un emprisonnement sans proc\u00e8s est contraire \u00e0 toutes les r\u00e8gles de droit. Elle continue \u00e0 approuver, les yeux ferm\u00e9s, cette proc\u00e9dure moyen\u00e2geuse. Elle ne dit pas \u00e0 l\u2019ex\u00e9cutif et \u00e0 l\u2019\u00e9tablissement militaire qu\u2019une telle proc\u00e9dure n\u2019a pas sa place dans un pays gouvern\u00e9 par la loi. Dans les faits, la Cour Supr\u00eame approuve toujours les d\u00e9cisions de l\u2019ex\u00e9cutif et des militaires. Dans le cas d\u2019al Akhras, la Cour Supr\u00eame est face \u00e0 un cas tr\u00e8s s\u00e9rieux : ce Palestinien est \u00e0 l\u2019agonie et sa mort \u2013 qu\u2019\u00e0 Dieu ne plaise- aura \u00e9t\u00e9 son \u0153uvre \u00e9crit l\u2019\u00e9ditorialiste de Haaretz !<\/p>\n<p class=\"c4\">Le premier ministre de l\u2019Autorit\u00e9 Palestinienne Mohamed Shtayy\u00e8h a demand\u00e9 \u00ab la lib\u00e9ration imm\u00e9diate \u00bbde Maher.<\/p>\n<p class=\"c4\">Le groupe isra\u00e9lien de d\u00e9fense des droits de l\u2019homme, B\u2019Tselem, par la voix d\u2019Amit Gilutz, a estim\u00e9, mardi, que le prisonnier \u00e9tait \u00ab sur le point de mourir \u00bb. Il a condamn\u00e9 la d\u00e9cision \u00ab \u00e9pouvantable \u00bb de la Cour supr\u00eame bas\u00e9e \u00ab sur une solution l\u00e9gale ambigu\u00eb\u2026La gr\u00e8ve de la faim met al-Akhras en r\u00e9el danger de mort. Mais Isra\u00ebl, malgr\u00e9 ces terribles conditions, insiste pour le garder en d\u00e9tention. \u00bb<\/p>\n<p class=\"c4\">Plus de 350 Palestiniens \u2013 dont deux mineurs- \u00e9taient emprisonn\u00e9s, en ao\u00fbt 2020, en vertu d\u2019une d\u00e9cision administrative sans qu\u2019ils sachent ce qu\u2019Isra\u00ebl leur reproche.<\/p>\n<p class=\"c4\">Dans un message vid\u00e9o depuis son lit d\u2019h\u00f4pital, al Akhras explique que le but de sa gr\u00e8ve \u00e9tait \u00ab soit la libert\u00e9 pour ma famille et mes enfants, soit mon meurtre au nom de leur fausse justice. \u00bb(L\u2019Humanit\u00e9, 16 octobre 2020, p. 2)<\/p>\n<p class=\"c4\">\u00ab Si al-Akhras meurt, ce sera une ex\u00e9cution sans proc\u00e8s \u00bb avertit Ofer Cassif, le seul d\u00e9put\u00e9 juif de la Liste Unie.<\/p>\n<p class=\"c5\"><strong>Mohamed Larbi Bouguerra<\/strong><\/p>\n<p class=\"c5\">\u00a0<\/p>\n<p>Auteur:<br \/>\n<a href=\"https:\/\/www.leaders.com.tn\/article\/30748-maher-el-akhras-un-militant-palestinien-au-seuil-de-la-mort\">Cliquez ici pour lire l&rsquo;article depuis sa source.<\/a><\/p>\n","protected":false},"excerpt":{"rendered":"<p>Mohamed Larbi Bouguerra &#8211; Maher el Akhras, 49 ans, p\u00e8re de six enfants, originaire du village de Silah al-Dahr, pr\u00e8s de J\u00e9nine, en Cisjordanie occup\u00e9e, risque de mourir d\u2019un jour \u00e0 l\u2019autre. Isra\u00ebl l\u2019accuse, sans preuves, de faire partie d\u2019un groupe terroriste. Ce qu\u2019il nie en d\u00e9clarant au \u00ab Times of Isra\u00ebl \u00bb (14 octobre [&hellip;]<\/p>\n","protected":false},"author":1772,"featured_media":0,"comment_status":"closed","ping_status":"closed","sticky":false,"template":"","format":"standard","meta":{"fifu_image_url":"","fifu_image_alt":"","footnotes":""},"categories":[73,55],"tags":[],"class_list":["post-102102","post","type-post","status-publish","format-standard","hentry","category-actualite","category-tunisie"],"_links":{"self":[{"href":"https:\/\/linitiative.ca\/International\/wp-json\/wp\/v2\/posts\/102102","targetHints":{"allow":["GET"]}}],"collection":[{"href":"https:\/\/linitiative.ca\/International\/wp-json\/wp\/v2\/posts"}],"about":[{"href":"https:\/\/linitiative.ca\/International\/wp-json\/wp\/v2\/types\/post"}],"author":[{"embeddable":true,"href":"https:\/\/linitiative.ca\/International\/wp-json\/wp\/v2\/users\/1772"}],"replies":[{"embeddable":true,"href":"https:\/\/linitiative.ca\/International\/wp-json\/wp\/v2\/comments?post=102102"}],"version-history":[{"count":0,"href":"https:\/\/linitiative.ca\/International\/wp-json\/wp\/v2\/posts\/102102\/revisions"}],"wp:attachment":[{"href":"https:\/\/linitiative.ca\/International\/wp-json\/wp\/v2\/media?parent=102102"}],"wp:term":[{"taxonomy":"category","embeddable":true,"href":"https:\/\/linitiative.ca\/International\/wp-json\/wp\/v2\/categories?post=102102"},{"taxonomy":"post_tag","embeddable":true,"href":"https:\/\/linitiative.ca\/International\/wp-json\/wp\/v2\/tags?post=102102"}],"curies":[{"name":"wp","href":"https:\/\/api.w.org\/{rel}","templated":true}]}}