{"id":102115,"date":"2020-10-18T09:54:00","date_gmt":"2020-10-18T13:54:00","guid":{"rendered":"https:\/\/linitiative.ca\/International\/la-premiere-marque-de-lunettes-100-marocaine-est-nee\/"},"modified":"2020-10-18T09:54:00","modified_gmt":"2020-10-18T13:54:00","slug":"la-premiere-marque-de-lunettes-100-marocaine-est-nee","status":"publish","type":"post","link":"https:\/\/linitiative.ca\/International\/la-premiere-marque-de-lunettes-100-marocaine-est-nee\/","title":{"rendered":"La premi\u00e8re marque de lunettes 100% Marocaine est n\u00e9e !"},"content":{"rendered":"<p><strong>Avec Aquity,<\/strong> <strong>Khawla Khallouq, opticienne, revendique<\/strong> <strong>la<\/strong> <strong>premi\u00e8re marque de lunettes 100% Marocaine. Positionn\u00e9e sur le segment moyen-haut de gamme, Aquity, n\u00e9e de la collaboration d\u2019une opticienne, d\u2019un designer et d\u2019un ophtalmologue, est commercialis\u00e9e entre 700 et 2.500 DH. Les d\u00e9tails.<\/strong><\/p>\n<div class=\"c10\"\/>\n<p>Aller d\u00e9fier sur le terrain des g\u00e9ants comme Afflelou, Krys, Essilor-Luxottica ou Atol repr\u00e9sent\u00e9s au Maroc \u00e0 travers une dizaine d\u2019enseignes \u00e9trang\u00e8res, le demande un sacr\u00e9 culot. Et du culot, Khawla Khallouq, opticienne, semble en avoir justement \u00e0 revendre : elle a lanc\u00e9 en plein confinement \u00ab la premi\u00e8re marque de lunettes 100% Marocaine \u00bb. Baptis\u00e9e Aquity, elle est le +fruit de sa collaboration avec un designer et un ophtalmologue. \u00ab Aquity fait r\u00e9f\u00e9rence \u00e0 l\u2019acuit\u00e9 autant visuelle qu\u2019auditive vu que j\u2019ai une double formation en optique et en audioproth\u00e8se. Nous avons veill\u00e9 \u00e0 ce que les lunettes Aquity allient l\u2019esth\u00e9tique, le confort et le bien-\u00eatre visuel pour un bon rapport qualit\u00e9\/prix. En fait, je trouve qu\u2019on paie trop cher les lunettes de bonne qualit\u00e9 au Maroc. Ainsi, nous proposons sur le march\u00e9 marocain des produits de haute qualit\u00e9 avec des prix abordables \u00bb, souligne Khawla Khallouq qui tient \u00e0 pr\u00e9ciser que ses lunettes n\u2019ont rien \u00e0 envier aux grandes marques internationales de par leur design, leur ergonomie ainsi que la finesse des lignes qui sont pens\u00e9es et cr\u00e9\u00e9es pour proposer des collections hautement sophistiqu\u00e9es \u00e0 des prix adapt\u00e9s au march\u00e9 marocain variant de 700 DH \u00e0 2500 DH. \u00ab Nous avons tabl\u00e9 sur une fourchette de prix qui prend en compte le pouvoir d\u2019achat des Marocains. Nos lunettes ont \u00e9t\u00e9 tr\u00e8s bien accueillis par nos concitoyens qui ont \u00e9t\u00e9 s\u00e9duits par leur bon rapport qualit\u00e9 prix \u00bb, explique la fondatrice d\u2019Aquity.<\/p>\n<p><strong>Lire aussi|<a href=\"https:\/\/www.challenge.ma\/club-med-voit-plus-grand-au-maroc-161633\/\">Club Med voit plus grand au Maroc<\/a><\/strong><\/p>\n<p>Pour l\u2019instant, Aquity est commercialis\u00e9e en ligne. Et toute sa conception se fait au Maroc, elle est produite \u00e0 l\u2019\u00e9tranger \u00e0 l\u2019instar de la plupart des grandes marques internationales. Mais, Khawla Khallouq ambitionne de produire localement dans le futur. En attendant, son premier point de vente verra le jour en janvier 2021, selon la fondatrice d\u2019Aquity. Pour ses premiers pas au Maroc, la jeune marque avait choisi pour sa promotion des visages connus par le grand public, \u00e0 l\u2019instar de Mimia Leblanc, Mehdi Bennani, Abla Sophy ou encore Fati Jamali.<\/p>\n<p>Au Maroc, le nombre de porteurs de lunettes est \u00e9valu\u00e9 par l\u2019Association marocaine des fournisseurs d\u2019optique (AMFO) \u00e0 20% de la population, un pourcentage qui en dit long sur le potentiel encore non-exploit\u00e9 de ce secteur. Encore faudrait-il que le secteur formel prenne le dessus sur l\u2019informel estim\u00e9 environ \u00e0 30% du march\u00e9 qui p\u00e8se 2 milliards de DH.<\/p>\n<p><strong>Lire aussi|<a href=\"https:\/\/www.challenge.ma\/de-plus-en-plus-de-pays-africains-legalisent-le-cannabis-161628\/\">De plus en plus de pays africains l\u00e9galisent le cannabis<\/a><\/strong><\/p>\n<p>Auteur: Adama Sylla<br \/>\n<a href=\"https:\/\/www.challenge.ma\/la-premiere-marque-de-lunettes-100-marocaine-est-nee-161643\/\">Cliquez ici pour lire l&rsquo;article depuis sa source.<\/a><\/p>\n","protected":false},"excerpt":{"rendered":"<p>Avec Aquity, Khawla Khallouq, opticienne, revendique la premi\u00e8re marque de lunettes 100% Marocaine. Positionn\u00e9e sur le segment moyen-haut de gamme, Aquity, n\u00e9e de la collaboration d\u2019une opticienne, d\u2019un designer et d\u2019un ophtalmologue, est commercialis\u00e9e entre 700 et 2.500 DH. Les d\u00e9tails. Aller d\u00e9fier sur le terrain des g\u00e9ants comme Afflelou, Krys, Essilor-Luxottica ou Atol repr\u00e9sent\u00e9s [&hellip;]<\/p>\n","protected":false},"author":1787,"featured_media":0,"comment_status":"closed","ping_status":"closed","sticky":false,"template":"","format":"standard","meta":{"fifu_image_url":"","fifu_image_alt":"","footnotes":""},"categories":[78,54],"tags":[],"class_list":["post-102115","post","type-post","status-publish","format-standard","hentry","category-economie","category-maroc"],"_links":{"self":[{"href":"https:\/\/linitiative.ca\/International\/wp-json\/wp\/v2\/posts\/102115","targetHints":{"allow":["GET"]}}],"collection":[{"href":"https:\/\/linitiative.ca\/International\/wp-json\/wp\/v2\/posts"}],"about":[{"href":"https:\/\/linitiative.ca\/International\/wp-json\/wp\/v2\/types\/post"}],"author":[{"embeddable":true,"href":"https:\/\/linitiative.ca\/International\/wp-json\/wp\/v2\/users\/1787"}],"replies":[{"embeddable":true,"href":"https:\/\/linitiative.ca\/International\/wp-json\/wp\/v2\/comments?post=102115"}],"version-history":[{"count":0,"href":"https:\/\/linitiative.ca\/International\/wp-json\/wp\/v2\/posts\/102115\/revisions"}],"wp:attachment":[{"href":"https:\/\/linitiative.ca\/International\/wp-json\/wp\/v2\/media?parent=102115"}],"wp:term":[{"taxonomy":"category","embeddable":true,"href":"https:\/\/linitiative.ca\/International\/wp-json\/wp\/v2\/categories?post=102115"},{"taxonomy":"post_tag","embeddable":true,"href":"https:\/\/linitiative.ca\/International\/wp-json\/wp\/v2\/tags?post=102115"}],"curies":[{"name":"wp","href":"https:\/\/api.w.org\/{rel}","templated":true}]}}