{"id":102122,"date":"2020-10-18T15:14:11","date_gmt":"2020-10-18T19:14:11","guid":{"rendered":"https:\/\/linitiative.ca\/International\/tensions-preelectorales-en-cote-divoire\/"},"modified":"2020-10-18T15:14:11","modified_gmt":"2020-10-18T19:14:11","slug":"tensions-preelectorales-en-cote-divoire","status":"publish","type":"post","link":"https:\/\/linitiative.ca\/International\/tensions-preelectorales-en-cote-divoire\/","title":{"rendered":"TENSIONS PREELECTORALES EN COTE D\u2019IVOIRE  \u00a0"},"content":{"rendered":"<div class=\"stream-item stream-item-above-post-content\">\n<p><noscript><\/p>\n<p><a href=\"\/\/www3.smartadserver.com\/ac?jump=1&amp;nwid=2136&amp;siteid=240610&amp;pgname=rg&amp;fmtid=49046&amp;visit=m&amp;tmstp=[timestamp]&amp;out=nonrich\" target=\"_blank\" rel=\"noopener noreferrer\"><img decoding=\"async\" src=\"http:\/\/www3.smartadserver.com\/ac?out=nonrich&amp;nwid=2136&amp;siteid=240610&amp;pgname=rg&amp;fmtid=49046&amp;visit=m&amp;tmstp=[timestamp]\" border=\"0\" alt=\"\"\/><\/a><\/p>\n<p><\/noscript><\/div>\n<p class=\"c3\"><em>Une mission minist\u00e9rielle de la Communaut\u00e9 des Etats de l\u2019Afrique de l\u2019Ouest (CEDEAO), conduite par la Ghan\u00e9enne Shirley Ayorkor, est arriv\u00e9e \u00e0 Abidjan le 18 octobre dernier, dans la matin\u00e9e, pour tenter d\u2019apaiser les vives tensions pr\u00e9\u00e9lectorales en C\u00f4te d\u2019Ivoire, n\u00e9es de la d\u00e9cision assum\u00e9e du pr\u00e9sident sortant, Alassane Ouattara, de se pr\u00e9senter \u00e0 la pr\u00e9sidentielle du 31 octobre prochain, pour la troisi\u00e8me fois cons\u00e9cutive. Les missi dominici de l\u2019instance sous-r\u00e9gionale ont rencontr\u00e9 \u00e0 cet effet et\u00a0 au pas de course, les candidats officiels au prochain scrutin, le Premier ministre ivoirien et les membres de son gouvernement ainsi que certains ambassadeurs accr\u00e9dit\u00e9s aupr\u00e8s de la C\u00f4te d\u2019Ivoire. Le moins que l\u2019on puisse dire, c\u2019est que les lignes n\u2019ont pas boug\u00e9 malgr\u00e9 les appels au calme et au fair-play politique lanc\u00e9s aux diff\u00e9rents acteurs, et il est \u00e0 craindre que le climat d\u00e9j\u00e0 \u00e9lectrique sur le terrain, s\u2019alourdisse davantage au fur et \u00e0 mesure qu\u2019approchera la date fatidique du 31 octobre. Les \u00e9chauffour\u00e9es \u00e0 Bongouanou dans le fief suppos\u00e9 de l\u2019un des candidats de l\u2019opposition, Pascal Affi Nguessan, et les propos arri\u00e8re-gardistes \u00e0 caract\u00e8re tribaliste enregistr\u00e9s \u00e7\u00e0 et l\u00e0, ces derniers temps, sont la parfaite illustration des risques r\u00e9els de d\u00e9flagration si l\u2019\u00e9lection pr\u00e9sidentielle est organis\u00e9e en l\u2019\u00e9tat, c\u2019est-\u00e0-dire sans un minimum de consensus entre les diff\u00e9rents protagonistes. Toutes les initiatives, comme celle de la CEDEAO, sont donc a priori louables pour pr\u00e9server la paix en C\u00f4te d\u2019Ivoire dans ce contexte potentiellement explosif, quand bien m\u00eame la marmite contenant les ingr\u00e9dients des affrontements avant, pendant et apr\u00e8s le scrutin, mijote et ronronne depuis la candidature de Ouattara pour un 3<sup>e<\/sup> \u00a0mandat. Seulement, voil\u00e0\u00a0: les positions semblent tellement tranch\u00e9es qu\u2019\u00e0 une dizaine de jours de l\u2019\u00e9lection, il est quasiment impossible de trouver un modus vivendi qui \u00e9viterait une crise post-\u00e9lectorale lourde de cons\u00e9quences pour ce pays qui en a d\u00e9j\u00e0 fait les frais dans un pass\u00e9 r\u00e9cent.<\/em><\/p>\n<p class=\"c3\"><em>\u00a0<\/em><\/p>\n<p class=\"c4\"><strong><em>Si les choses restent en l\u2019\u00e9tat, Alassane Ouattara va rouler en roue libre vers son 3<sup>e<\/sup> \u00a0mandat<\/em><\/strong><\/p>\n<p class=\"c4\"><strong><em>\u00a0<\/em><\/strong><\/p>\n<p class=\"c3\"><em>La surdit\u00e9, pour ne pas dire le nombrilisme des leaders politiques ivoiriens face au risque de naufrage collectif, aurait pu \u00eatre palli\u00e9 par la diplomatie pr\u00e9ventive de la CEDEAO et de la communaut\u00e9 internationale, mais rien que la pr\u00e9sidentielle, hier en Guin\u00e9e-Conakry avec Alpha Cond\u00e9 comme candidat \u00e0 un 3<sup>e<\/sup>\u00a0 mandat, vient rappeler\u00a0 que \u00a0\u00a0l\u2019institution r\u00e9gionale a atteint le degr\u00e9 achev\u00e9 d\u2019incomp\u00e9tence en mati\u00e8re de pr\u00e9vention de crise politique dans notre sous-r\u00e9gion. Ceux qui croient na\u00efvement que la CEDEAO pourrait faire entendre raison \u00e0 ces politiciens autistes de la C\u00f4te d\u2019Ivoire avant le jour-J, devraient avoir un peu de jugeote pour savoir que si l\u2019Organisation n\u2019a quasiment pas pip\u00e9 mot dans la situation pourtant hautement inflammable de la Guin\u00e9e-Conakry, elle ne fera ou ne pourra rien dans le cas de la C\u00f4te d\u2019Ivoire. C\u2019est, du reste, cette strat\u00e9gie du silence qui fait que beaucoup de citoyens des pays membres la consid\u00e8rent comme un artifice institutionnel toujours ferme par principe contre d\u2019\u00e9ventuels putschistes, mais asym\u00e9triquement tr\u00e8s d\u00e9bonnaire quand il s\u2019agit de d\u00e9fendre la corporation des chefs d\u2019Etat civils qui la constituent. L\u2019opposition ivoirienne, apparemment en panne de strat\u00e9gies pour faire reculer un Alassane Ouattara visiblement imperturbable et serein, pourrait peut-\u00eatre attendre plus qu\u2019il n\u2019en faut de la CEDEAO. Mais la v\u00e9rit\u00e9 est que plus rien n\u2019arr\u00eatera le processus en cours, m\u00eame pas un coup d\u2019Etat dont pourraient r\u00eaver les adeptes de la courte \u00e9chelle, au regard de l\u2019intransigeance de la communaut\u00e9 internationale, \u00e0 commencer par cette m\u00eame CEDEAO vis-\u00e0-vis de ce mode d\u2019accession au pouvoir. On comprend donc difficilement le refus du dialogue et de la main tendue du pouvoir par les t\u00e9nors de cette opposition, alors qu\u2019ils n\u2019ont pas int\u00e9r\u00eat, pour ainsi dire, \u00e0 durcir le bras de fer en appelant ouvertement leurs militants \u00e0 envahir les rues, avec tout ce que cela suppose \u00e9videmment comme d\u00e9g\u00e2ts mat\u00e9riels et pertes en vie humaines. Du coup, on s\u2019interroge sur l\u2019efficacit\u00e9 de cette strat\u00e9gie ponce-pilatiste qui consiste \u00e0 instrumentaliser des cyber-activistes vivant hors du pays, pour cr\u00e9er le d\u00e9sordre, tout en clamant leur l\u00e9galisme et leur respect des institutions de la R\u00e9publique. Une chose est s\u00fbre, si les choses restent en l\u2019\u00e9tat, Alassane Ouattara va rouler en roue libre vers son 3<sup>e<\/sup> \u00a0mandat, face aux t\u00eates d\u2019affiche de l\u2019opposition\u00a0 qui promettent\u00a0 d\u2019\u00eatre aux abonn\u00e9s absents le 31 octobre, et \u00e0 un candidat, Kouadio Konan Bertin, dont le principal d\u00e9fi sera d\u2019obtenir les 5% de suffrages requis pour le remboursement de sa caution. On esp\u00e8re bien qu\u2019en d\u00e9sespoir de cause, les diff\u00e9rents protagonistes ne vont pas tirer sur le malade convalescent qu\u2019est la C\u00f4te d\u2019Ivoire, avec cette arme d\u00e9vastatrice de l\u2019ivoirit\u00e9 qui a fait tant de dommages \u00e0 leur pays ces vingt derni\u00e8res ann\u00e9es. Mais on esp\u00e8re surtout qu\u2019ils ne seront pas suivis, le cas \u00e9ch\u00e9ant, car beaucoup d\u2019Ivoiriens n\u2019approuvent plus cette strat\u00e9gie du chaos et ne sont plus pr\u00eats \u00e0 s\u2019offrir comme chair \u00e0 canon pour des hommes politiques sans id\u00e9al et sans amour v\u00e9ritable pour leur pays.\u00a0<\/em><\/p>\n<p class=\"c4\"><em><br \/><strong>Hamadou GADIAGA<\/strong><\/em><\/p>\n<p class=\"c3\"><em>\u00a0<\/em><\/p>\n<p>Auteur: Le Pays<br \/>\n<a href=\"http:\/\/lepays.bf\/tensions-preelectorales-en-cote-divoire\/\">Cliquez ici pour lire l&rsquo;article depuis sa source.<\/a><\/p>\n","protected":false},"excerpt":{"rendered":"<p>Une mission minist\u00e9rielle de la Communaut\u00e9 des Etats de l\u2019Afrique de l\u2019Ouest (CEDEAO), conduite par la Ghan\u00e9enne Shirley Ayorkor, est arriv\u00e9e \u00e0 Abidjan le 18 octobre dernier, dans la matin\u00e9e, pour tenter d\u2019apaiser les vives tensions pr\u00e9\u00e9lectorales en C\u00f4te d\u2019Ivoire, n\u00e9es de la d\u00e9cision assum\u00e9e du pr\u00e9sident sortant, Alassane Ouattara, de se pr\u00e9senter \u00e0 la [&hellip;]<\/p>\n","protected":false},"author":1813,"featured_media":0,"comment_status":"closed","ping_status":"closed","sticky":false,"template":"","format":"standard","meta":{"fifu_image_url":"","fifu_image_alt":"","footnotes":""},"categories":[73,81],"tags":[],"class_list":["post-102122","post","type-post","status-publish","format-standard","hentry","category-actualite","category-burkina-faso"],"_links":{"self":[{"href":"https:\/\/linitiative.ca\/International\/wp-json\/wp\/v2\/posts\/102122","targetHints":{"allow":["GET"]}}],"collection":[{"href":"https:\/\/linitiative.ca\/International\/wp-json\/wp\/v2\/posts"}],"about":[{"href":"https:\/\/linitiative.ca\/International\/wp-json\/wp\/v2\/types\/post"}],"author":[{"embeddable":true,"href":"https:\/\/linitiative.ca\/International\/wp-json\/wp\/v2\/users\/1813"}],"replies":[{"embeddable":true,"href":"https:\/\/linitiative.ca\/International\/wp-json\/wp\/v2\/comments?post=102122"}],"version-history":[{"count":0,"href":"https:\/\/linitiative.ca\/International\/wp-json\/wp\/v2\/posts\/102122\/revisions"}],"wp:attachment":[{"href":"https:\/\/linitiative.ca\/International\/wp-json\/wp\/v2\/media?parent=102122"}],"wp:term":[{"taxonomy":"category","embeddable":true,"href":"https:\/\/linitiative.ca\/International\/wp-json\/wp\/v2\/categories?post=102122"},{"taxonomy":"post_tag","embeddable":true,"href":"https:\/\/linitiative.ca\/International\/wp-json\/wp\/v2\/tags?post=102122"}],"curies":[{"name":"wp","href":"https:\/\/api.w.org\/{rel}","templated":true}]}}