{"id":102125,"date":"2020-10-18T17:34:04","date_gmt":"2020-10-18T21:34:04","guid":{"rendered":"https:\/\/linitiative.ca\/International\/de-la-necessite-dune-catharsis-sociale\/"},"modified":"2020-10-18T17:34:04","modified_gmt":"2020-10-18T21:34:04","slug":"de-la-necessite-dune-catharsis-sociale","status":"publish","type":"post","link":"https:\/\/linitiative.ca\/International\/de-la-necessite-dune-catharsis-sociale\/","title":{"rendered":"De la n\u00e9cessit\u00e9 d\u2019une catharsis sociale"},"content":{"rendered":"<div class=\"td-post-featured-image\"><a href=\"https:\/\/www.sidwaya.info\/wp-content\/uploads\/2020\/08\/edito24.jpg\" data-caption=\"\"><img loading=\"lazy\" decoding=\"async\" width=\"696\" height=\"865\" class=\"entry-thumb td-modal-image\" src=\"https:\/\/www.sidwaya.info\/wp-content\/uploads\/2020\/08\/edito24-696x865.jpg\" srcset=\"https:\/\/www.sidwaya.info\/wp-content\/uploads\/2020\/08\/edito24-696x865.jpg 696w, https:\/\/www.sidwaya.info\/wp-content\/uploads\/2020\/08\/edito24-241x300.jpg 241w, https:\/\/www.sidwaya.info\/wp-content\/uploads\/2020\/08\/edito24-824x1024.jpg 824w, https:\/\/www.sidwaya.info\/wp-content\/uploads\/2020\/08\/edito24-768x955.jpg 768w, https:\/\/www.sidwaya.info\/wp-content\/uploads\/2020\/08\/edito24-338x420.jpg 338w, https:\/\/www.sidwaya.info\/wp-content\/uploads\/2020\/08\/edito24.jpg 974w\" sizes=\"auto, (max-width: 696px) 100vw, 696px\" alt=\"\" title=\"edito24\"\/><\/a><\/div>\n<p>Dans une interview accord\u00e9e, la veille de la date symbolique du 15 octobre, \u00e0 des confr\u00e8res fran\u00e7ais, le Pr\u00e9sident du Faso, Roch Marc Christian Kabor\u00e9, a annonc\u00e9 qu\u2019il entendait ouvrir le chantier de la r\u00e9conciliation nationale d\u00e8s le premier semestre de l\u2019ann\u00e9e 2021 si d\u2019aventure ses compatriotes venaient \u00e0 lui accorder leur confiance au soir du 22 novembre 2020. Sans pr\u00e9sager des r\u00e9sultats du scrutin pr\u00e9sidentiel \u00e0 venir, cette\u00a0 offre politique de l\u2019actuel locataire du palais de Kosyam est salvatrice pour un pays qui a mal \u00e0 son tissu social.<\/p>\n<p>Ce, depuis trois d\u00e9cennies avec l\u2019irruption violente des jeunes \u00ab\u00a0turcs\u00a0\u00bb de la R\u00e9volution au-devant de la sc\u00e8ne politique nationale. Nonobstant, en effet, les acquis immenses engrang\u00e9s par lesdits r\u00e9volutionnaires sur le plan socio\u00e9conomique, leur action a entra\u00een\u00e9 un fait in\u00e9dit au Burkina Faso avec l\u2019introduction de la violence dans le champ politique, jusque-l\u00e0 caract\u00e9ris\u00e9 par des joutes hom\u00e9riques avec cependant la courtoisie et l\u2019\u00e9l\u00e9gance. Une violence qui est all\u00e9e crescendo jusqu\u2019\u00e0\u00a0 l\u2019assassinat odieux, en rase campagne, de notre confr\u00e8re Norbert Zongo.<\/p>\n<p>Assassinat qui poussera le peuple burkinab\u00e8 \u00e0 se mettre debout pour r\u00e9clamer la fin de cette fureur qui d\u00e9vorait des fils valeureux de la Nation. C\u2019est dire donc que tout dirigeant conscient et cons\u00e9quent, ne pouvait occulter la justice \u00e0\u00a0 l\u2019endroit de toutes ces victimes, n\u00e9cessaire pour une v\u00e9ritable catharsis sociale \u00e0 m\u00eame de permettre au pays de s\u2019attaquer sereinement aux questions de d\u00e9veloppement. En donnant une \u00ab\u00a0tournure majeure\u00a0\u00bb au triptyque v\u00e9rit\u00e9-justice-r\u00e9conciliation nationale, comme il a lui-m\u00eame indiqu\u00e9 dans une de ses adresses \u00e0 la Nation, Roch Marc Christian Kabor\u00e9 veut donc terminer le travail que ses pr\u00e9d\u00e9cesseurs ont plus ou moins b\u00e2cl\u00e9 et qui est une des grandes pr\u00e9occupations du moment de ses compatriotes.<\/p>\n<p>En effet, \u00ab\u00a0le Rapport des dialogues citoyens\u00a0\u00bb sur la r\u00e9conciliation nationale, \u00e9labor\u00e9 par la Convention des organisations de la soci\u00e9t\u00e9 civile pour l\u2019observation domestique des \u00e9lections (CODEL), \u00e9labor\u00e9 sur la base de consultations aupr\u00e8s des forces vives de la nation, place la r\u00e9conciliation au rang \u00ab\u00a0d\u2019imp\u00e9ratif\u00a0\u00bb devant passer n\u00e9anmoins par la case \u00ab\u00a0v\u00e9rit\u00e9 et justice\u00a0\u00bb, si l\u2019on veut une r\u00e9conciliation nationale sinc\u00e8re. L\u2019\u00e9chec des pr\u00e9c\u00e9dentes initiatives conforte la pertinence de cette d\u00e9marche. Loin d\u2019\u00eatre une promesse \u00e9lectoraliste, cette volont\u00e9 est non seulement en phase avec les aspirations des Burkinab\u00e8 mais aussi r\u00e9v\u00e8le la nature profonde d\u2019un homme qui, tout au long de son parcours politique, a fait l\u2019unanimit\u00e9 sur son ouverture\u00a0 d\u2019esprit et sa capacit\u00e9 d\u2019\u00e9coute.<\/p>\n<p>Les acquis du premier mandat dans ce domaine t\u00e9moignent \u00e9loquemment de cet \u00e9tat de fait, m\u00eame s\u2019il faut reconna\u00eetre qu\u2019il reste des efforts \u00e0 faire \u00e0 cause des r\u00e9cents conflits intercommunautaires dont le plus embl\u00e9matique est celui de Yirgou.<br \/>Sans pr\u00e9tendre \u00eatre exhaustif, l\u2019on peut prendre \u00e0 t\u00e9moin l\u2019avanc\u00e9e notable du dossier Fran\u00e7ois Compaor\u00e9 dont l\u2019Etat fran\u00e7ais a autoris\u00e9 l\u2019extradition en mars dernier, la tenue du proc\u00e8s du putsch de 2015, le dossier Thomas-Sankara o\u00f9, selon l\u2019avocat de la famille, Me B\u00e9n\u00e9wend\u00e9 Sankara, le juge d\u2019instruction a pratiquement fini son travail, la r\u00e9habilitation de l\u2019image du p\u00e8re de la R\u00e9volution d\u2019Ao\u00fbt 1983.A cela, il faut ajouter l\u2019attention particuli\u00e8re port\u00e9e aux militaires radi\u00e9s de 2011 en vue de leur r\u00e9insertion sociale.<\/p>\n<p>En tout \u00e9tat de cause, toutes les options sont ouvertes dans ce processus de r\u00e9conciliation nationale (justice classique ou transitionnelle), en s\u2019appuyant sur le g\u00e9nie cr\u00e9ateur d\u2019un peuple qui s\u2019est toujours sorti des situations, a priori les plus inextricables et qui saura vider le contentieux des crimes politiques avec tact et un esprit de tol\u00e9rance et de pardon propre aux Burkinab\u00e8. En somme, quel que soit le vainqueur du scrutin \u00e0 venir, ce chantier est un imp\u00e9ratif de survie, d\u2019o\u00f9 le m\u00e9rite qu\u2019il faut reconna\u00eetre au pr\u00e9sident du Faso de l\u2019avoir \u00e9voqu\u00e9 sans haine ni passion avec pour seul souci, l\u2019int\u00e9r\u00eat sup\u00e9rieur de la Nation.<\/p>\n<p class=\"c1\"><strong>Par Mahamadi TIEGNA<\/strong><br \/>mahamaditiegna@yahoo.fr<\/p>\n<div class=\"td-a-rec td-a-rec-id-content_bottom tdi_30_ec5 td_block_template_1\"><img loading=\"lazy\" decoding=\"async\" class=\"aligncenter size-full wp-image-27454\" src=\"https:\/\/www.sidwaya.info\/wp-content\/uploads\/2020\/10\/PUB-Bandeau-paiement-mobile-siteweb.jpg\" alt=\"\" width=\"728\" height=\"90\"\/><\/div>\n<p>Auteur: JK. Sidwaya<br \/>\n<a href=\"https:\/\/www.sidwaya.info\/blog\/2020\/10\/18\/de-la-necessite-dune-catharsis-sociale\/\">Cliquez ici pour lire l&rsquo;article depuis sa source.<\/a><\/p>\n","protected":false},"excerpt":{"rendered":"<p>Dans une interview accord\u00e9e, la veille de la date symbolique du 15 octobre, \u00e0 des confr\u00e8res fran\u00e7ais, le Pr\u00e9sident du Faso, Roch Marc Christian Kabor\u00e9, a annonc\u00e9 qu\u2019il entendait ouvrir le chantier de la r\u00e9conciliation nationale d\u00e8s le premier semestre de l\u2019ann\u00e9e 2021 si d\u2019aventure ses compatriotes venaient \u00e0 lui accorder leur confiance au soir [&hellip;]<\/p>\n","protected":false},"author":1816,"featured_media":102126,"comment_status":"closed","ping_status":"closed","sticky":false,"template":"","format":"standard","meta":{"fifu_image_url":"","fifu_image_alt":"","footnotes":""},"categories":[73,81],"tags":[],"class_list":["post-102125","post","type-post","status-publish","format-standard","has-post-thumbnail","hentry","category-actualite","category-burkina-faso"],"_links":{"self":[{"href":"https:\/\/linitiative.ca\/International\/wp-json\/wp\/v2\/posts\/102125","targetHints":{"allow":["GET"]}}],"collection":[{"href":"https:\/\/linitiative.ca\/International\/wp-json\/wp\/v2\/posts"}],"about":[{"href":"https:\/\/linitiative.ca\/International\/wp-json\/wp\/v2\/types\/post"}],"author":[{"embeddable":true,"href":"https:\/\/linitiative.ca\/International\/wp-json\/wp\/v2\/users\/1816"}],"replies":[{"embeddable":true,"href":"https:\/\/linitiative.ca\/International\/wp-json\/wp\/v2\/comments?post=102125"}],"version-history":[{"count":0,"href":"https:\/\/linitiative.ca\/International\/wp-json\/wp\/v2\/posts\/102125\/revisions"}],"wp:featuredmedia":[{"embeddable":true,"href":"https:\/\/linitiative.ca\/International\/wp-json\/"}],"wp:attachment":[{"href":"https:\/\/linitiative.ca\/International\/wp-json\/wp\/v2\/media?parent=102125"}],"wp:term":[{"taxonomy":"category","embeddable":true,"href":"https:\/\/linitiative.ca\/International\/wp-json\/wp\/v2\/categories?post=102125"},{"taxonomy":"post_tag","embeddable":true,"href":"https:\/\/linitiative.ca\/International\/wp-json\/wp\/v2\/tags?post=102125"}],"curies":[{"name":"wp","href":"https:\/\/api.w.org\/{rel}","templated":true}]}}