{"id":102127,"date":"2020-10-17T20:18:13","date_gmt":"2020-10-18T00:18:13","guid":{"rendered":"https:\/\/linitiative.ca\/International\/cote-divoire-la-residence-de-affi-candidat-a-la-presidentielle-incendiee-a-bongouanou\/"},"modified":"2020-10-17T20:18:13","modified_gmt":"2020-10-18T00:18:13","slug":"cote-divoire-la-residence-de-affi-candidat-a-la-presidentielle-incendiee-a-bongouanou","status":"publish","type":"post","link":"https:\/\/linitiative.ca\/International\/cote-divoire-la-residence-de-affi-candidat-a-la-presidentielle-incendiee-a-bongouanou\/","title":{"rendered":"C\u00f4te d\u2019Ivoire: la r\u00e9sidence de Affi, candidat \u00e0 la pr\u00e9sidentielle, incendi\u00e9e \u00e0 Bongouanou"},"content":{"rendered":"<div readability=\"32\">\n<p>Publi\u00e9 le 18.10.2020 \u00e0 01h18 par APA News<\/p>\n<\/div>\n<div readability=\"72\">\n<p>Des individus non identifi\u00e9s ont incendi\u00e9 samedi la r\u00e9sidence de Affi Nguessan, candidat \u00e0 l\u2019\u00e9lection pr\u00e9sidentielle ivoirienne du 31 octobre 2020, \u00e0 Bongouanou, dans le centre-est du pays, selon son staff de communication.M. Affi Nguessan, candidat du Front populaire ivoirien (FPI, opposition), est \u00e9galement le pr\u00e9sident \u00a0du Conseil r\u00e9gional du Moronou, dont la ville de Bongouanou est le chef lieu de d\u00e9partement et de R\u00e9gion.<\/p>\n<p>Dans cette m\u00eame journ\u00e9e, les quidams ont mis le feu \u00e0 une partie de l\u2019Institut d\u2019enseignement g\u00e9n\u00e9ral et technique (IEGT), un \u00e9tablissement appartenant au d\u00e9put\u00e9-maire de la commune, Gilbert Amalamam, un cadre du FPI.<\/p>\n<p>Selon des sources locales, des manifestations qui ont eu lieu dans la cit\u00e9 de Bongouanou ont entra\u00een\u00e9 des heurts entre des populations, dans un contexte de campagne \u00e9lectorale, en vue de la pr\u00e9sidentielle du 31 octobre 2020.\u00a0<\/p>\n<p>M. Affi et l\u2019ancien chef d\u2019Etat Henri Konan B\u00e9di\u00e9, pr\u00e9sident du Parti d\u00e9mocratique de C\u00f4te d\u2019Ivoire (Pdci), \u00e9galement candidat \u00e0 la pr\u00e9sidentielle, ont appel\u00e9 le 15 octobre 2020 \u00e0 un \u00ab\u00a0boycott actif\u00a0\u00bb du scrutin et \u00e0 la d\u00e9sob\u00e9issance civile.\u00a0<\/p>\n<p>Le lendemain, au cours d\u2019une conf\u00e9rence de presse, M. Affi Nguessan lanc\u00e9 en pr\u00e9sence des leaders de l\u2019opposition la phase active de la d\u00e9sob\u00e9issance civile, appelant leurs militants \u00e0 \u00ab\u00a0emp\u00eacher\u00a0\u00bb par des \u00ab\u00a0moyens l\u00e9gaux\u00a0\u00bb les op\u00e9rations de ces joutes \u00e9lectorales.\u00a0<\/p>\n<\/div>\n<p>Auteur: APA News<br \/>\n<a href=\"https:\/\/www.journalducameroun.com\/cote-divoire-la-residence-de-affi-candidat-a-la-presidentielle-incendiee-a-bongouanou\/\">Cliquez ici pour lire l&rsquo;article depuis sa source.<\/a><\/p>\n","protected":false},"excerpt":{"rendered":"<p>Publi\u00e9 le 18.10.2020 \u00e0 01h18 par APA News Des individus non identifi\u00e9s ont incendi\u00e9 samedi la r\u00e9sidence de Affi Nguessan, candidat \u00e0 l\u2019\u00e9lection pr\u00e9sidentielle ivoirienne du 31 octobre 2020, \u00e0 Bongouanou, dans le centre-est du pays, selon son staff de communication.M. Affi Nguessan, candidat du Front populaire ivoirien (FPI, opposition), est \u00e9galement le pr\u00e9sident \u00a0du [&hellip;]<\/p>\n","protected":false},"author":1965,"featured_media":0,"comment_status":"closed","ping_status":"closed","sticky":false,"template":"","format":"standard","meta":{"fifu_image_url":"","fifu_image_alt":"","footnotes":""},"categories":[73,82],"tags":[],"class_list":["post-102127","post","type-post","status-publish","format-standard","hentry","category-actualite","category-cameroun"],"_links":{"self":[{"href":"https:\/\/linitiative.ca\/International\/wp-json\/wp\/v2\/posts\/102127","targetHints":{"allow":["GET"]}}],"collection":[{"href":"https:\/\/linitiative.ca\/International\/wp-json\/wp\/v2\/posts"}],"about":[{"href":"https:\/\/linitiative.ca\/International\/wp-json\/wp\/v2\/types\/post"}],"author":[{"embeddable":true,"href":"https:\/\/linitiative.ca\/International\/wp-json\/wp\/v2\/users\/1965"}],"replies":[{"embeddable":true,"href":"https:\/\/linitiative.ca\/International\/wp-json\/wp\/v2\/comments?post=102127"}],"version-history":[{"count":0,"href":"https:\/\/linitiative.ca\/International\/wp-json\/wp\/v2\/posts\/102127\/revisions"}],"wp:attachment":[{"href":"https:\/\/linitiative.ca\/International\/wp-json\/wp\/v2\/media?parent=102127"}],"wp:term":[{"taxonomy":"category","embeddable":true,"href":"https:\/\/linitiative.ca\/International\/wp-json\/wp\/v2\/categories?post=102127"},{"taxonomy":"post_tag","embeddable":true,"href":"https:\/\/linitiative.ca\/International\/wp-json\/wp\/v2\/tags?post=102127"}],"curies":[{"name":"wp","href":"https:\/\/api.w.org\/{rel}","templated":true}]}}