{"id":102128,"date":"2020-10-18T05:18:02","date_gmt":"2020-10-18T09:18:02","guid":{"rendered":"https:\/\/linitiative.ca\/International\/presidentielle-les-guineens-du-senegal-dans-lexpectative\/"},"modified":"2020-10-18T05:18:02","modified_gmt":"2020-10-18T09:18:02","slug":"presidentielle-les-guineens-du-senegal-dans-lexpectative","status":"publish","type":"post","link":"https:\/\/linitiative.ca\/International\/presidentielle-les-guineens-du-senegal-dans-lexpectative\/","title":{"rendered":"Pr\u00e9sidentielle : les Guin\u00e9ens du S\u00e9n\u00e9gal dans l\u2019expectative"},"content":{"rendered":"<div readability=\"32\">\n<p>Publi\u00e9 le 18.10.2020 \u00e0 10h18 par APA News<\/p>\n<\/div>\n<div readability=\"126\">\n<p>La consid\u00e9rable communaut\u00e9 guin\u00e9enne vivant au S\u00e9n\u00e9gal est priv\u00e9e de vote pour l\u2019\u00e9lection pr\u00e9sidentielle de ce dimanche. Une pilule qui passe mal aupr\u00e8s de ses expatri\u00e9s qui fondent n\u00e9anmoins beaucoup d\u2019espoir sur ce scrutin.\u00ab Injuste ! \u00bb. Un qualificatif r\u00e9p\u00e9t\u00e9 comme un refrain. Au point que l\u2019on pourrait en d\u00e9duire que les Guin\u00e9ens du S\u00e9n\u00e9gal se sont pass\u00e9s le mot. Contrairement aux deux pr\u00e9cendentes pr\u00e9sidentielles, ces citoyens ne vont pas accomplir leur devoir civique. Tout comme ceux de l\u2019Angola.<\/p>\n<p>Selon Aly Bocar Samoura, le chef du d\u00e9partement communication de la Commission \u00e9lectorale nationale ind\u00e9pendante (Ceni), la raison est toute simple : \u00ab Tous ceux qui n\u2019ont pas \u00e9t\u00e9 enr\u00f4l\u00e9s, ne doivent pas \u00eatre \u00e9lecteurs. Les Guin\u00e9ens du S\u00e9n\u00e9gal et de l\u2019Angola n\u2019ont pas \u00e9t\u00e9 enr\u00f4l\u00e9s. Donc, ils ne voteront pas \u00bb.<\/p>\n<p>Pour prendre une telle d\u00e9cision, M. Samoura invoque la recommandation (R1) de l\u2019audit du fichier \u00e9lectoral. Celle-ci dispose que le kit d\u2019enr\u00f4lement est indispensable pour tout \u00e9lecteur afin de rester dans la base de donn\u00e9es. Une obligation \u00e0 laquelle la diaspora guin\u00e9enne au S\u00e9n\u00e9gal n\u2019a pas pu se soumettre lors de la r\u00e9vision du fichier \u00e9lectoral.<\/p>\n<p>\u00ab Un coup bien pens\u00e9 et orchestr\u00e9 \u00e0 partir de S\u00e9khoutour\u00e9ya (le palais pr\u00e9sidentiel) \u00bb, peste Boubacar Diallo. Pour cet \u00e9tudiant guin\u00e9en, Alpha Cond\u00e9, conscient du poids politique \u00e0 Dakar du leader de l\u2019Union des Forces D\u00e9mocratiques de Guin\u00e9e (UFDG), Cellou Dalein Diallo, l\u2019\u00ab a volontairement priv\u00e9 de cet important \u00e9lectorat \u00bb.<\/p>\n<p>En effet, la plus importante diaspora guin\u00e9enne r\u00e9side au S\u00e9n\u00e9gal. Compos\u00e9e en grande partie de peulhs, elle vote majoritairement pour l\u2019ancien Premier ministre de Lansana Cont\u00e9. \u00ab S\u2019il (Alpha Cond\u00e9) \u00e9tait vraiment d\u00e9mocratique comme il le pr\u00e9tend, il n\u2019aurait pas agi ainsi \u00bb, l\u00e2che-t-il.<\/p>\n<p>Le vote de ce dimanche est au c\u0153ur de toutes les discussions au sein de la communaut\u00e9 guin\u00e9enne de Dakar. Le moindre rassemblement est mis \u00e0 profit pour \u00e9changer sur cette joute \u00e9lectorale cruciale pour l\u2019avenir du pays. Le restaurant de Bachir, situ\u00e9 \u00e0 Ngor, une commune de la capitale, n\u2019\u00e9chappe \u00e0 cette r\u00e8gle.<\/p>\n<p>Entre deux services, le jeune restaurateur trouve le temps de glisser quelques commentaires. \u00a0\u00ab Puisque nous n\u2019avions pas pu renouveler nos cartes, nous devions voter avec celles de 2015. Mais finalement cette solution a \u00e9t\u00e9 \u00e9cart\u00e9e. Et c\u2019est vraiment dommage \u00bb, se d\u00e9sole-t-il. A en croire Thierno Souleymane, un habitu\u00e9 des lieux, \u00ab le fichier \u00e9lectoral a juste \u00e9t\u00e9 r\u00e9vis\u00e9 \u00bb. Partant de l\u00e0, il ne comprend toujours pas \u00ab pourquoi on (lui) prive le droit de voter pour son candidat \u00bb. Peu importe, il croit dur comme fer qu\u2019 \u00ab Alpha Cond\u00e9 s\u2019en ira \u00bb.<\/p>\n<p>Les yeux riv\u00e9s sur son smartphone, Ousmane visionne les derni\u00e8res vid\u00e9os de campagne du leader de l\u2019opposition guin\u00e9enne, Cellou Dalein Diallo. Et pour d\u00e9noncer ce qu\u2019il qualifie de \u00ab forfaiture \u00bb, il n\u2019y va pas par quatre chemins : \u00ab C\u2019est une volont\u00e9 de se maintenir co\u00fbte que co\u00fbte au pouvoir \u00bb. \u00a0<\/p>\n<p>La bataille m\u00e9diatique, l\u2019ultime recours<\/p>\n<p>Pour autant, l\u2019heure n\u2019est pas \u00e0 la r\u00e9signation pour de nombreux Guin\u00e9ens vivant au S\u00e9n\u00e9gal. Depuis quelques jours, certains font le tour des studios de radio et des plateaux de t\u00e9l\u00e9 pour appeler leurs concitoyens \u00e0 voter contre le r\u00e9gime d\u2019Alpha Cond\u00e9.<\/p>\n<p>C\u2019est le cas notamment de Mamadou Yaya Bald\u00e9. Ce journaliste et essayiste multiplie les interviews pour \u00e9voquer la n\u00e9cessit\u00e9 de sanctionner le leader du Rassemblement du Peuple de Guin\u00e9e (RPG), candidat \u00e0 un tr\u00e8s contest\u00e9 troisi\u00e8me mandat.<\/p>\n<p>Malgr\u00e9 les innombrables imperfections soulign\u00e9es \u00e7\u00e0 et l\u00e0 par des partis pour justifier leur boycott, M. Bald\u00e9 est convaincu que \u00ab l\u2019opposition pourrait bien reprendre du poil de la b\u00eate \u00bb. Car pour ce dernier, \u00ab aucune \u00e9lection n\u2019est gagn\u00e9e, encore moins, perdue d\u2019avance. En politique, tout peut basculer \u00e0 la derni\u00e8re seconde \u00bb.<\/p>\n<p>Et il en veut pour preuve la pr\u00e9sidentielle gambienne de d\u00e9cembre 2016. Contre toute attente, le puissant Yaya Jammeh avait perdu contre le novice Adama Barrow.<\/p>\n<\/div>\n<p>Auteur: APA News<br \/>\n<a href=\"https:\/\/www.journalducameroun.com\/presidentielle-les-guineens-du-senegal-dans-lexpectative\/\">Cliquez ici pour lire l&rsquo;article depuis sa source.<\/a><\/p>\n","protected":false},"excerpt":{"rendered":"<p>Publi\u00e9 le 18.10.2020 \u00e0 10h18 par APA News La consid\u00e9rable communaut\u00e9 guin\u00e9enne vivant au S\u00e9n\u00e9gal est priv\u00e9e de vote pour l\u2019\u00e9lection pr\u00e9sidentielle de ce dimanche. Une pilule qui passe mal aupr\u00e8s de ses expatri\u00e9s qui fondent n\u00e9anmoins beaucoup d\u2019espoir sur ce scrutin.\u00ab Injuste ! \u00bb. Un qualificatif r\u00e9p\u00e9t\u00e9 comme un refrain. Au point que l\u2019on [&hellip;]<\/p>\n","protected":false},"author":1965,"featured_media":0,"comment_status":"closed","ping_status":"closed","sticky":false,"template":"","format":"standard","meta":{"fifu_image_url":"","fifu_image_alt":"","footnotes":""},"categories":[73,82],"tags":[],"class_list":["post-102128","post","type-post","status-publish","format-standard","hentry","category-actualite","category-cameroun"],"_links":{"self":[{"href":"https:\/\/linitiative.ca\/International\/wp-json\/wp\/v2\/posts\/102128","targetHints":{"allow":["GET"]}}],"collection":[{"href":"https:\/\/linitiative.ca\/International\/wp-json\/wp\/v2\/posts"}],"about":[{"href":"https:\/\/linitiative.ca\/International\/wp-json\/wp\/v2\/types\/post"}],"author":[{"embeddable":true,"href":"https:\/\/linitiative.ca\/International\/wp-json\/wp\/v2\/users\/1965"}],"replies":[{"embeddable":true,"href":"https:\/\/linitiative.ca\/International\/wp-json\/wp\/v2\/comments?post=102128"}],"version-history":[{"count":0,"href":"https:\/\/linitiative.ca\/International\/wp-json\/wp\/v2\/posts\/102128\/revisions"}],"wp:attachment":[{"href":"https:\/\/linitiative.ca\/International\/wp-json\/wp\/v2\/media?parent=102128"}],"wp:term":[{"taxonomy":"category","embeddable":true,"href":"https:\/\/linitiative.ca\/International\/wp-json\/wp\/v2\/categories?post=102128"},{"taxonomy":"post_tag","embeddable":true,"href":"https:\/\/linitiative.ca\/International\/wp-json\/wp\/v2\/tags?post=102128"}],"curies":[{"name":"wp","href":"https:\/\/api.w.org\/{rel}","templated":true}]}}