{"id":102130,"date":"2020-10-18T05:18:08","date_gmt":"2020-10-18T09:18:08","guid":{"rendered":"https:\/\/linitiative.ca\/International\/presidentielle-guineenne-douze-pretendants-pour-un-fauteuil\/"},"modified":"2020-10-18T05:18:08","modified_gmt":"2020-10-18T09:18:08","slug":"presidentielle-guineenne-douze-pretendants-pour-un-fauteuil","status":"publish","type":"post","link":"https:\/\/linitiative.ca\/International\/presidentielle-guineenne-douze-pretendants-pour-un-fauteuil\/","title":{"rendered":"Pr\u00e9sidentielle guin\u00e9enne : douze pr\u00e9tendants pour un fauteuil"},"content":{"rendered":"<div readability=\"32\">\n<p>Publi\u00e9 le 18.10.2020 \u00e0 10h18 par APA News<\/p>\n<\/div>\n<div readability=\"116\">\n<p>Le pr\u00e9sident sortant Alpha Cond\u00e9 tentera de se d\u00e9faire, ce dimanche 18 octobre, de onze challengers dont le plus connu est Cellou Dalein Diallo, son opposant historique.A 82 ans, Alpha Cond\u00e9 brigue un troisi\u00e8me mandat apr\u00e8s une d\u00e9cennie de r\u00e8gne. Pendant la campagne, le leader du Rassemblement du Peuple de Guin\u00e9e (RPG) a d\u00e9fendu bec et ongles son bilan face \u00e0 des adversaires avec qui il a travaill\u00e9 pour la plupart.<\/p>\n<p>Parmi ceux-ci, il y a deux femmes. D\u2019ailleurs, elles portent le m\u00eame pr\u00e9nom : Makal\u00e9 Traor\u00e9 et Makal\u00e9 Camara. La premi\u00e8re fut ministre de la Fonction publique sous Lansana Cont\u00e9 puis directrice de campagne d\u2019Alpha Cond\u00e9 en 2010. Juriste et \u00e9conomiste de formation, elle est la pr\u00e9sidente du Parti de l\u2019action citoyenne par le travail (Pact) et se pr\u00e9sente comme la \u00ab candidate des femmes \u00bb.<\/p>\n<p>Pour sa part, Makal\u00e9 Camara a \u00e9t\u00e9 ministre de l\u2019Agriculture sous Lansana Cont\u00e9, ambassadrice en France et au S\u00e9n\u00e9gal avant de devenir ministre des Affaires \u00e9trang\u00e8res d\u2019Alpha Cond\u00e9 entre 2016 et 2017. Investie par le Front pour l\u2019alliance nationale (Fan), elle veut incarner un \u00ab r\u00e9el changement \u00bb.<\/p>\n<p>Cellou Dalein Diallo, le candidat de l\u2019Union des Forces D\u00e9mocratiques de Guin\u00e9e (UFDG), participe \u00e0 l\u2019\u00e9lection pr\u00e9sidentielle pour la troisi\u00e8me fois d\u2019affil\u00e9e. En effet, le chef de file de l\u2019opposition a largement domin\u00e9 le premier tour en 2010 avant d\u2019\u00eatre battu au second round. Cinq ans plus tard, l\u2019ancien Premier ministre du g\u00e9n\u00e9ral Cont\u00e9 n\u2019avait pas r\u00e9ussi \u00e0 prendre sa revanche sur Alpha Cond\u00e9.<\/p>\n<p>Aux yeux des observateurs, il est le seul candidat capable d\u2019\u00e9branler le pr\u00e9sident sortant. En tout cas, Cellou Dalein Diallo n\u2019a de cesse de s\u2019emparer du pouvoir. Lors de ses meetings, il a clam\u00e9, \u00e0 maintes reprises, que son heure a sonn\u00e9 devant de nombreux militants et sympathisants acquis \u00e0 sa cause.<\/p>\n<p>En outre, deux candidats de 2010 sont en lice pour cette pr\u00e9sidentielle. Il s\u2019agit d\u2019Ousmane Kaba et d\u2019Ibrahima Ab\u00e9 Sylla. Le premier nomm\u00e9 est un ancien ministre de Cond\u00e9. Cet \u00e9conomiste avait r\u00e9colt\u00e9 0,5 % des suffrages valablement exprim\u00e9s.<\/p>\n<p>Le second, avec 3,23% des voix, \u00e9tait un cran au-dessus. Dipl\u00f4m\u00e9 en Ing\u00e9nierie \u00e9lectrique et originaire de la pr\u00e9fecture de Kindia (ouest), il a \u00e9t\u00e9 \u00e9lu d\u00e9put\u00e9 lors des L\u00e9gislatives boycott\u00e9es par l\u2019opposition en mars dernier.<\/p>\n<p>Les cinq autres candidats sont moins connus du grand public. Malgr\u00e9 tout, ils peuvent se positionner en faiseurs de roi dans l\u2019\u00e9ventualit\u00e9 d\u2019un second tour. Abdoul Kab\u00e9l\u00e9 Camara, longtemps compagnon de route d\u2019Alpha Cond\u00e9, est un ancien magistrat au S\u00e9n\u00e9gal o\u00f9 il a occup\u00e9 la t\u00eate de plusieurs juridictions.<\/p>\n<p>L\u2019homme d\u2019affaires Laye Souleymane Diallo, 37 ans, est quant \u00e0 lui le benjamin des postulants. Ce dernier veut lutter contre la corruption en utilisant notamment les technologies les plus perfectionn\u00e9es.<\/p>\n<p>De son c\u00f4t\u00e9, Ousmane Dor\u00e9 (63 ans) est un ancien ministre de l\u2019Economie. Cet ex-haut fonctionnaire de la Banque africaine de d\u00e9veloppement (Bad) et du Fonds Mon\u00e9taire International (FMI) promet, s\u2019il est \u00e9lu, de d\u00e9fendre la \u00ab libert\u00e9 d\u2019entreprendre \u00bb et une plus grande justice sociale.<\/p>\n<p>Enfin, le d\u00e9put\u00e9 Abdoulaye Kourouma, l\u2019homme d\u2019affaires Bouya Konat\u00e9 et le m\u00e9decin-gyn\u00e9cologue Mandiouf Mauro Sidib\u00e9 comptent jouer cr\u00e2nement leurs chances.<\/p>\n<\/div>\n<p>Auteur: APA News<br \/>\n<a href=\"https:\/\/www.journalducameroun.com\/presidentielle-guineenne-douze-pretendants-pour-un-fauteuil\/\">Cliquez ici pour lire l&rsquo;article depuis sa source.<\/a><\/p>\n","protected":false},"excerpt":{"rendered":"<p>Publi\u00e9 le 18.10.2020 \u00e0 10h18 par APA News Le pr\u00e9sident sortant Alpha Cond\u00e9 tentera de se d\u00e9faire, ce dimanche 18 octobre, de onze challengers dont le plus connu est Cellou Dalein Diallo, son opposant historique.A 82 ans, Alpha Cond\u00e9 brigue un troisi\u00e8me mandat apr\u00e8s une d\u00e9cennie de r\u00e8gne. Pendant la campagne, le leader du Rassemblement [&hellip;]<\/p>\n","protected":false},"author":1965,"featured_media":0,"comment_status":"closed","ping_status":"closed","sticky":false,"template":"","format":"standard","meta":{"fifu_image_url":"","fifu_image_alt":"","footnotes":""},"categories":[73,82],"tags":[],"class_list":["post-102130","post","type-post","status-publish","format-standard","hentry","category-actualite","category-cameroun"],"_links":{"self":[{"href":"https:\/\/linitiative.ca\/International\/wp-json\/wp\/v2\/posts\/102130","targetHints":{"allow":["GET"]}}],"collection":[{"href":"https:\/\/linitiative.ca\/International\/wp-json\/wp\/v2\/posts"}],"about":[{"href":"https:\/\/linitiative.ca\/International\/wp-json\/wp\/v2\/types\/post"}],"author":[{"embeddable":true,"href":"https:\/\/linitiative.ca\/International\/wp-json\/wp\/v2\/users\/1965"}],"replies":[{"embeddable":true,"href":"https:\/\/linitiative.ca\/International\/wp-json\/wp\/v2\/comments?post=102130"}],"version-history":[{"count":0,"href":"https:\/\/linitiative.ca\/International\/wp-json\/wp\/v2\/posts\/102130\/revisions"}],"wp:attachment":[{"href":"https:\/\/linitiative.ca\/International\/wp-json\/wp\/v2\/media?parent=102130"}],"wp:term":[{"taxonomy":"category","embeddable":true,"href":"https:\/\/linitiative.ca\/International\/wp-json\/wp\/v2\/categories?post=102130"},{"taxonomy":"post_tag","embeddable":true,"href":"https:\/\/linitiative.ca\/International\/wp-json\/wp\/v2\/tags?post=102130"}],"curies":[{"name":"wp","href":"https:\/\/api.w.org\/{rel}","templated":true}]}}