{"id":102134,"date":"2020-10-19T09:21:20","date_gmt":"2020-10-19T13:21:20","guid":{"rendered":"https:\/\/linitiative.ca\/International\/demi-finale-aller-de-la-ligue-des-champions-dafrique-le-zamalek-emboite-le-pas-a-al-ahly\/"},"modified":"2020-10-19T09:21:20","modified_gmt":"2020-10-19T13:21:20","slug":"demi-finale-aller-de-la-ligue-des-champions-dafrique-le-zamalek-emboite-le-pas-a-al-ahly","status":"publish","type":"post","link":"https:\/\/linitiative.ca\/International\/demi-finale-aller-de-la-ligue-des-champions-dafrique-le-zamalek-emboite-le-pas-a-al-ahly\/","title":{"rendered":"Demi-finale aller de la Ligue des Champions d\u2019Afrique : Le Zamalek embo\u00eete le pas \u00e0 Al Ahly"},"content":{"rendered":"<p><img decoding=\"async\" class=\"post_layout_5_img\" src=\"http:\/\/aujourdhui.ma\/wp-content\/uploads\/2020\/10\/zamalek-Raja.jpg\" alt=\"Demi-finale aller de la Ligue des Champions d&#x2019;Afrique : Le Zamalek embo&#xEE;te le pas &#xE0; Al Ahly\"\/><\/p>\n<p><span class=\"c5\"><strong>Le Raja n\u2019a pas fait mieux que le Wydad dans le choc maroco-\u00e9gyptien comptant pour les demi-finales aller de la Ligue des Champions d\u2019Afrique. Le complexe sportif Mohammed V a \u00e9t\u00e9 donc le th\u00e9\u00e2tre des deux d\u00e9faites des deux meilleures formations du Maroc.<\/strong><\/span><br \/><span id=\"more-358296\"\/><\/p>\n<p>Des d\u00e9faites dures \u00e0 encaisser lorsque l\u2019on sait que les formations \u00e9gyptiennes sont encore plus redoutables \u00e0 domicile.<br \/>M\u00eame avec un moral au beau fixe, le Raja n\u2019a pu dompter les Chevaliers blancs qui semblaient avoir mang\u00e9 du lion. Percutants et d\u00e9termin\u00e9s, ils ont pu remporter ce duel sur la plus petite des marges.<br \/>Cette contre-performance, qui s\u2019ajoute \u00e0 la pi\u00e8tre prestation la veille du Wydad Casablanca devant Al Ahly (0-2), complique la t\u00e2che des Verts en match retour pr\u00e9vu la semaine prochaine au Caire.<br \/>Le round d\u2019observation entre les deux protagonistes a dur\u00e9 plus que pr\u00e9vu, aucune \u00e9quipe n\u2019a os\u00e9 passer \u00e0 l\u2019offensive. Le Zamalek, qui souhaitait embo\u00eeter le pas \u00e0 Al Ahly, s\u2019est montr\u00e9 tr\u00e8s soud\u00e9 en d\u00e9fense, emmen\u00e9 par le portier Mohammed Abou Gabal.<\/p>\n<p>Le Raja, sur un nuage apr\u00e8s le titre de champion du Maroc, arrach\u00e9 in extremis dans les derniers souffles de la Botola Pro aux d\u00e9pens du Wydad, a pein\u00e9 \u00e0 imposer son rythme devant des \u00c9gyptiens bien en place qui ont r\u00e9ussi \u00e0 trouver la faille dans la d\u00e9fense rajaouie d\u00e8s les premi\u00e8res vingt minutes.<br \/>Mostapha Ahmed Sayed, auteur d\u2019une \u00e9chapp\u00e9e c\u00f4t\u00e9 gauche, r\u00e9ussit une passe lob\u00e9e qui trouve la t\u00eate du Marocain Achraf Bencharki, lequel smatche le cuir de la t\u00eate pour marquer l\u2019unique r\u00e9alisation de la rencontre (18\u00e8). C\u2019est dire que le m\u00eame sc\u00e9nario de la demi-finale entre le Wydad et Al Ahly semblait se dessiner apr\u00e8s l\u2019ouverture pr\u00e9coce du score.<br \/>M\u00eame s\u2019ils se sont recroquevill\u00e9s en d\u00e9fense, les joueurs du Zamalek, tr\u00e8s en confiance, guettaient la moindre faute pour porter le coup fatal aux Verts. Dans l\u2019autre camp, les hommes de Jamal Sellami, qui devaient faire le jeu, ne se sont procur\u00e9 aucune occasion nette de scorer lors de la premi\u00e8re p\u00e9riode.<\/p>\n<p>Au retour des vestiaires, les Rajaouis n\u2019ont pas pu passer \u00e0 la vitesse sup\u00e9rieure et n\u2019ont inqui\u00e9t\u00e9 que rarement un portier \u00e9gyptien qui a sorti un grand match.<br \/>L\u2019attaquant marocain du Zamalek, Bencharki, a \u00e9t\u00e9 un v\u00e9ritable poison pour la d\u00e9fense du Raja qui a \u00e9t\u00e9 tr\u00e8s f\u00e9brile et manquait d\u2019homog\u00e9n\u00e9it\u00e9 lors de cette rencontre.<br \/>Les changements op\u00e9r\u00e9s par l\u2019entra\u00eeneur du Raja, notamment l\u2019entr\u00e9e de Mahmoud Benhalib au lieu de Mohcine Metouali (63\u00e8) ont donn\u00e9 une bouff\u00e9e d\u2019oxyg\u00e8ne \u00e0 la ligne offensive marocaine qui commen\u00e7ait \u00e0 s\u2019approcher petit \u00e0 petit des cages de Abou Gabal.<\/p>\n<p>La r\u00e9action tardive des Rajaouis n\u2019a n\u00e9anmoins rien chang\u00e9 au score final du match qui a tourn\u00e9 en faveur des \u00c9gyptiens.<br \/>Si les r\u00e9sultats des deux demi-finales aller accordent un net avantage aux deux clubs \u00e9gyptiens, les deux formations casablancaises doivent se retrousser les manches afin de renverser la vapeur au match retour au Caire. La finale sera disput\u00e9e, le 6 novembre en \u00c9gypte, en cas de duel maroco-\u00e9gyptien, alors que dans le cas o\u00f9 deux \u00e9quipes du m\u00eame pays atteindraient la finale, celle-ci se jouerait dans leurs pays respectifs.<\/p>\n<p>Auteur: ALM<br \/>\n<a href=\"https:\/\/aujourdhui.ma\/sports\/demi-finale-aller-de-la-ligue-des-champions-dafrique-le-zamalek-emboite-le-pas-a-al-ahly\">Cliquez ici pour lire l&rsquo;article depuis sa source.<\/a><\/p>\n","protected":false},"excerpt":{"rendered":"<p>Le Raja n\u2019a pas fait mieux que le Wydad dans le choc maroco-\u00e9gyptien comptant pour les demi-finales aller de la Ligue des Champions d\u2019Afrique. Le complexe sportif Mohammed V a \u00e9t\u00e9 donc le th\u00e9\u00e2tre des deux d\u00e9faites des deux meilleures formations du Maroc. Des d\u00e9faites dures \u00e0 encaisser lorsque l\u2019on sait que les formations \u00e9gyptiennes [&hellip;]<\/p>\n","protected":false},"author":1759,"featured_media":102135,"comment_status":"closed","ping_status":"closed","sticky":false,"template":"","format":"standard","meta":{"fifu_image_url":"","fifu_image_alt":"","footnotes":""},"categories":[73,54],"tags":[],"class_list":["post-102134","post","type-post","status-publish","format-standard","has-post-thumbnail","hentry","category-actualite","category-maroc"],"_links":{"self":[{"href":"https:\/\/linitiative.ca\/International\/wp-json\/wp\/v2\/posts\/102134","targetHints":{"allow":["GET"]}}],"collection":[{"href":"https:\/\/linitiative.ca\/International\/wp-json\/wp\/v2\/posts"}],"about":[{"href":"https:\/\/linitiative.ca\/International\/wp-json\/wp\/v2\/types\/post"}],"author":[{"embeddable":true,"href":"https:\/\/linitiative.ca\/International\/wp-json\/wp\/v2\/users\/1759"}],"replies":[{"embeddable":true,"href":"https:\/\/linitiative.ca\/International\/wp-json\/wp\/v2\/comments?post=102134"}],"version-history":[{"count":0,"href":"https:\/\/linitiative.ca\/International\/wp-json\/wp\/v2\/posts\/102134\/revisions"}],"wp:featuredmedia":[{"embeddable":true,"href":"https:\/\/linitiative.ca\/International\/wp-json\/"}],"wp:attachment":[{"href":"https:\/\/linitiative.ca\/International\/wp-json\/wp\/v2\/media?parent=102134"}],"wp:term":[{"taxonomy":"category","embeddable":true,"href":"https:\/\/linitiative.ca\/International\/wp-json\/wp\/v2\/categories?post=102134"},{"taxonomy":"post_tag","embeddable":true,"href":"https:\/\/linitiative.ca\/International\/wp-json\/wp\/v2\/tags?post=102134"}],"curies":[{"name":"wp","href":"https:\/\/api.w.org\/{rel}","templated":true}]}}