{"id":102138,"date":"2020-10-19T11:00:06","date_gmt":"2020-10-19T15:00:06","guid":{"rendered":"https:\/\/linitiative.ca\/International\/fondation-zakoura-plus-de-12-000-enfants-dans-le-prescolaire-en-2019\/"},"modified":"2020-10-19T11:00:06","modified_gmt":"2020-10-19T15:00:06","slug":"fondation-zakoura-plus-de-12-000-enfants-dans-le-prescolaire-en-2019","status":"publish","type":"post","link":"https:\/\/linitiative.ca\/International\/fondation-zakoura-plus-de-12-000-enfants-dans-le-prescolaire-en-2019\/","title":{"rendered":"Fondation Zakoura : Plus de 12.000 enfants dans le pr\u00e9scolaire en 2019"},"content":{"rendered":"<p><img decoding=\"async\" class=\"post_layout_5_img\" src=\"http:\/\/aujourdhui.ma\/wp-content\/uploads\/2020\/10\/Fondation-Zakoura-enfants-pre\u0301scolaire.jpg\" alt=\"Fondation Zakoura : Plus de 12.000 enfants dans le pr&#xE9;scolaire en 2019\"\/><\/p>\n<p><span class=\"c5\"><strong>La Fondation Zakoura vient de publier son rapport annuel au titre de l\u2019ann\u00e9e 2019. Elle a compt\u00e9 plus de 13.000 b\u00e9n\u00e9ficiaires directs en 2019.<\/strong><\/span> <span id=\"more-358288\"\/><\/p>\n<p>Depuis 1997, la Fondation Zakoura est \u00e0 l\u2019origine de la cr\u00e9ation de plusieurs centaines d\u2019\u00e9coles et de programmes au profit de communaut\u00e9s vivant principalement en zones rurales. A travers son programme d\u2019\u00e9ducation non formelle, 420 \u00e9coles ont \u00e9t\u00e9 cr\u00e9\u00e9es permettant la scolarisation de plus de 22.000 enfants en dehors du syst\u00e8me scolaire. Depuis 2015, l\u2019extension du pr\u00e9scolaire dans les zones rurales est devenue une action prioritaire pour la Fondation. A fin d\u00e9cembre 2019, ce programme a permis la pr\u00e9scolarisation de 20.540 enfants au sein de 391 \u00e9coles. Suite \u00e0 une convention de partenariat sign\u00e9e avec l\u2019INDH, la Fondation Zakoura s\u2019est engag\u00e9e pour l\u2019ouverture en 2019 de 342 unit\u00e9s pr\u00e9scolaires dans 7 r\u00e9gions et 14 provinces. Pour 2020-2023, une feuille de route plus ambitieuse sera d\u00e9ploy\u00e9e pour contribuer \u00e0 atteindre les objectifs de l\u2019axe \u00abAppui au pr\u00e9scolaire en milieu rural\u00bb avec notamment la cr\u00e9ation et\/ou la mise \u00e0 niveau de plus de 4.000 unit\u00e9s.<\/p>\n<p>En 2019, la Fondation Zakoura comptait 302 \u00e9coles pr\u00e9scolaires op\u00e9rationnelles dont 272 nouvelles \u00e9coles. Ainsi, ce sont plus de 12.190 enfants \u00e2g\u00e9s de 4 \u00e0 6 ans, dont 49% de filles, qui ont pu b\u00e9n\u00e9ficier de ce programme de pr\u00e9scolaire en 2019. Entre avril et fin d\u00e9cembre 2019, 263 unit\u00e9s pr\u00e9scolaires ont \u00e9t\u00e9 cr\u00e9\u00e9es dans le cadre du partenariat avec l\u2019INDH au profit de 9 544 enfants, dont 4.697 filles. Ces 302 \u00e9coles pr\u00e9scolaires \u00e9taient r\u00e9parties sur 8 r\u00e9gions et quasiment toutes en milieu rural. Les deux principales r\u00e9gions d\u2019implantation \u00e9taient Souss-Massa et Marrakech-Safi. \u00abA l\u2019horizon 2023, l\u2019objectif est de donner l\u2019opportunit\u00e9 \u00e0 pr\u00e8s de 160.000 enfants d\u2019\u00eatre pr\u00e9scolaris\u00e9s, de cr\u00e9er ou mettre \u00e0 niveau plus de 4.000 \u00e9coles et cr\u00e9er plus de 3.000 emplois localement\u00bb, a indiqu\u00e9 Jamal Belahrach, pr\u00e9sident de la Fondation Zakoura. Par ailleurs, la Fondation souligne dans son rapport qu\u2019\u00e0 la rentr\u00e9e scolaire de septembre, 2.139 enfants ayant atteint l\u2019\u00e2ge de 6 ans ont \u00e9t\u00e9 int\u00e9gr\u00e9s \u00e0 l\u2019\u00e9cole publique dont 1.049 filles (49%). S\u2019agissant de l\u2019\u00e9ducation non formelle, la fondation comptait 4 \u00e9coles op\u00e9rationnelles dont 3 en zones rurales.<\/p>\n<p>Ainsi, 134 enfants ont b\u00e9n\u00e9fici\u00e9 de ce programme, soit une moyenne de 33 \u00e9l\u00e8ves par \u00e9cole. Soulignons que 42% des \u00e9l\u00e8ves \u00e9taient des filles (56 filles). Il faut rappeler \u00e0 ce sujet que depuis 1997, la Fondation Zakoura a cr\u00e9\u00e9 420 \u00e9coles d\u2019ENF (\u00e9ducation non formelle) et a permis de donner une seconde chance \u00e0 plus de 22.000 enfants. Avec l\u2019ENF, des enfants de 8 \u00e0 16 ans, jamais scolaris\u00e9s ou d\u00e9scolaris\u00e9s, acc\u00e8dent en seulement 3 ans \u00e0 une \u00e9ducation qui leur fournit les bases et les comp\u00e9tences n\u00e9cessaires pour r\u00e9ussir l\u2019examen de fin de primaire. Il faut aussi relever qu\u2019en 2019, la Zakoura Academy a form\u00e9 888 ressources dans le cadre de 41 sessions, soit 263 jours de formation. Le principal axe de formation a concern\u00e9 le pr\u00e9scolaire avec 51% de sessions d\u00e9di\u00e9es au profit de 716 b\u00e9n\u00e9ficiaires, soit 81% de l\u2019effectif total des ressources form\u00e9es. L\u2019ann\u00e9e 2019 a aussi \u00e9t\u00e9 marqu\u00e9e par une reconnaissance de la comp\u00e9titivit\u00e9 du mod\u00e8le de pr\u00e9scolaire communautaire de la Fondation \u00e0 l\u2019international : ANEER a \u00e9t\u00e9 s\u00e9lectionn\u00e9 parmi les 100 projets les plus innovants en \u00e9ducation par HundrED, une ONG finlandaise de renom dans le secteur de l\u2019innovation en \u00e9ducation.<\/p>\n<p>Auteur: ALM<br \/>\n<a href=\"https:\/\/aujourdhui.ma\/societe\/fondation-zakoura-plus-de-12-000-enfants-dans-le-prescolaire-en-2019\">Cliquez ici pour lire l&rsquo;article depuis sa source.<\/a><\/p>\n","protected":false},"excerpt":{"rendered":"<p>La Fondation Zakoura vient de publier son rapport annuel au titre de l\u2019ann\u00e9e 2019. Elle a compt\u00e9 plus de 13.000 b\u00e9n\u00e9ficiaires directs en 2019. Depuis 1997, la Fondation Zakoura est \u00e0 l\u2019origine de la cr\u00e9ation de plusieurs centaines d\u2019\u00e9coles et de programmes au profit de communaut\u00e9s vivant principalement en zones rurales. A travers son programme [&hellip;]<\/p>\n","protected":false},"author":1759,"featured_media":102139,"comment_status":"closed","ping_status":"closed","sticky":false,"template":"","format":"standard","meta":{"fifu_image_url":"","fifu_image_alt":"","footnotes":""},"categories":[73,54],"tags":[],"class_list":["post-102138","post","type-post","status-publish","format-standard","has-post-thumbnail","hentry","category-actualite","category-maroc"],"_links":{"self":[{"href":"https:\/\/linitiative.ca\/International\/wp-json\/wp\/v2\/posts\/102138","targetHints":{"allow":["GET"]}}],"collection":[{"href":"https:\/\/linitiative.ca\/International\/wp-json\/wp\/v2\/posts"}],"about":[{"href":"https:\/\/linitiative.ca\/International\/wp-json\/wp\/v2\/types\/post"}],"author":[{"embeddable":true,"href":"https:\/\/linitiative.ca\/International\/wp-json\/wp\/v2\/users\/1759"}],"replies":[{"embeddable":true,"href":"https:\/\/linitiative.ca\/International\/wp-json\/wp\/v2\/comments?post=102138"}],"version-history":[{"count":0,"href":"https:\/\/linitiative.ca\/International\/wp-json\/wp\/v2\/posts\/102138\/revisions"}],"wp:featuredmedia":[{"embeddable":true,"href":"https:\/\/linitiative.ca\/International\/wp-json\/"}],"wp:attachment":[{"href":"https:\/\/linitiative.ca\/International\/wp-json\/wp\/v2\/media?parent=102138"}],"wp:term":[{"taxonomy":"category","embeddable":true,"href":"https:\/\/linitiative.ca\/International\/wp-json\/wp\/v2\/categories?post=102138"},{"taxonomy":"post_tag","embeddable":true,"href":"https:\/\/linitiative.ca\/International\/wp-json\/wp\/v2\/tags?post=102138"}],"curies":[{"name":"wp","href":"https:\/\/api.w.org\/{rel}","templated":true}]}}