{"id":102140,"date":"2020-10-19T11:15:10","date_gmt":"2020-10-19T15:15:10","guid":{"rendered":"https:\/\/linitiative.ca\/International\/covid-19-negociations-avec-trois-nouvelles-societes-pour-lacquisition-dun-vaccin\/"},"modified":"2020-10-19T11:15:10","modified_gmt":"2020-10-19T15:15:10","slug":"covid-19-negociations-avec-trois-nouvelles-societes-pour-lacquisition-dun-vaccin","status":"publish","type":"post","link":"https:\/\/linitiative.ca\/International\/covid-19-negociations-avec-trois-nouvelles-societes-pour-lacquisition-dun-vaccin\/","title":{"rendered":"Covid-19: N\u00e9gociations avec trois nouvelles soci\u00e9t\u00e9s pour l\u2019acquisition d\u2019un vaccin"},"content":{"rendered":"<header>\n<\/header>\n<div class=\"entry-content clearfix\" readability=\"48\"><img decoding=\"async\" class=\"post_layout_5_img\" src=\"http:\/\/aujourdhui.ma\/wp-content\/uploads\/2020\/10\/vaccin-covid-19.jpg\" alt=\"Covid-19: N&#xE9;gociations avec trois nouvelles soci&#xE9;t&#xE9;s pour l&#x2019;acquisition d&#x2019;un vaccin\"\/><\/p>\n<p><span class=\"c6\"><span class=\"c5\"><strong>Des n\u00e9gociations sont en cours avec trois nouvelles soci\u00e9t\u00e9s pour l\u2019acquisition d\u2019un vaccin anti-Covid 19 d\u00e8s qu\u2019il sera mis sur le march\u00e9 international, a annonc\u00e9 lundi le chef du gouvernement Sa\u00e2d Dine El Othmani.<\/strong><\/span><span id=\"more-358303\"\/><\/span><\/p>\n<p>Au cours de la s\u00e9ance mensuelle des questions de politique g\u00e9n\u00e9rale, M. El Ortmani a soulign\u00e9 que les n\u00e9gociations en question interviennent dans la foul\u00e9e des deux conventions sign\u00e9es avec deux producteurs de vaccins, en concr\u00e9tisation des mesures pr\u00e9ventives adopt\u00e9es par le Royaume conform\u00e9ment aux directives royales pour enrayer l\u2019\u00e9pid\u00e9mie. Le gouvernement est d\u00e9termin\u00e9 \u00e0 mettre \u00e0 disposition un vaccin s\u00fbr et efficace pour faire en sorte que le Maroc soit l\u2019un des premiers pays au monde \u00e0 s\u2019en doter, a-t-il ajout\u00e9.<\/p>\n<p>Tout en jugeant difficile d\u2019avancer une date concernant la mise sur le march\u00e9 d\u2019un vaccin, le chef du gouvernement a exprim\u00e9 le souhait de voir une telle solution m\u00e9dicale disponible vers la fin d\u2019ann\u00e9e en cours ou au d\u00e9but de l\u2019ann\u00e9e prochaine.<\/p>\n<\/div>\n<p>Auteur: ALM<br \/>\n<a href=\"https:\/\/aujourdhui.ma\/societe\/covid-19-negociations-avec-trois-nouvelles-societes-pour-lacquisition-dun-vaccin\">Cliquez ici pour lire l&rsquo;article depuis sa source.<\/a><\/p>\n","protected":false},"excerpt":{"rendered":"<p>Des n\u00e9gociations sont en cours avec trois nouvelles soci\u00e9t\u00e9s pour l\u2019acquisition d\u2019un vaccin anti-Covid 19 d\u00e8s qu\u2019il sera mis sur le march\u00e9 international, a annonc\u00e9 lundi le chef du gouvernement Sa\u00e2d Dine El Othmani. Au cours de la s\u00e9ance mensuelle des questions de politique g\u00e9n\u00e9rale, M. El Ortmani a soulign\u00e9 que les n\u00e9gociations en question [&hellip;]<\/p>\n","protected":false},"author":1759,"featured_media":102141,"comment_status":"closed","ping_status":"closed","sticky":false,"template":"","format":"standard","meta":{"fifu_image_url":"","fifu_image_alt":"","footnotes":""},"categories":[73,54],"tags":[],"class_list":["post-102140","post","type-post","status-publish","format-standard","has-post-thumbnail","hentry","category-actualite","category-maroc"],"_links":{"self":[{"href":"https:\/\/linitiative.ca\/International\/wp-json\/wp\/v2\/posts\/102140","targetHints":{"allow":["GET"]}}],"collection":[{"href":"https:\/\/linitiative.ca\/International\/wp-json\/wp\/v2\/posts"}],"about":[{"href":"https:\/\/linitiative.ca\/International\/wp-json\/wp\/v2\/types\/post"}],"author":[{"embeddable":true,"href":"https:\/\/linitiative.ca\/International\/wp-json\/wp\/v2\/users\/1759"}],"replies":[{"embeddable":true,"href":"https:\/\/linitiative.ca\/International\/wp-json\/wp\/v2\/comments?post=102140"}],"version-history":[{"count":0,"href":"https:\/\/linitiative.ca\/International\/wp-json\/wp\/v2\/posts\/102140\/revisions"}],"wp:featuredmedia":[{"embeddable":true,"href":"https:\/\/linitiative.ca\/International\/wp-json\/"}],"wp:attachment":[{"href":"https:\/\/linitiative.ca\/International\/wp-json\/wp\/v2\/media?parent=102140"}],"wp:term":[{"taxonomy":"category","embeddable":true,"href":"https:\/\/linitiative.ca\/International\/wp-json\/wp\/v2\/categories?post=102140"},{"taxonomy":"post_tag","embeddable":true,"href":"https:\/\/linitiative.ca\/International\/wp-json\/wp\/v2\/tags?post=102140"}],"curies":[{"name":"wp","href":"https:\/\/api.w.org\/{rel}","templated":true}]}}